{"id":2810,"date":"2014-10-02T19:45:51","date_gmt":"2014-10-02T15:45:51","guid":{"rendered":"http:\/\/reveiletreforme.adventiste.re\/?p=2810"},"modified":"2014-10-02T19:45:51","modified_gmt":"2014-10-02T15:45:51","slug":"virus-ebola-appel-a-la-priere","status":"publish","type":"post","link":"http:\/\/reveiletreforme.adventiste.re\/?p=2810","title":{"rendered":"Virus Ebola : Appel \u00e0 la Pri\u00e8re"},"content":{"rendered":"<p class=\"p1\" style=\"text-align: justify;\">Le pr\u00e9sident de l\u2019Eglise Adventiste du Septi\u00e8me jour, Ted N.C. Wilson a publi\u00e9 le 26 septembre la d\u00e9claration suivante\u00a0:<\/p>\n<p class=\"p1\" style=\"text-align: justify;\">Au nom de la direction et des membres de l\u2019\u00c9glise Adventiste du Septi\u00e8me jour dans ses 13 divisions mondiales, et bien s\u00fbr des plus de 18 millions de membres r\u00e9partis dans 215 pays, je voudrais exprimer ma profonde pr\u00e9occupation concernant la population de l\u2019Afrique de l\u2019Ouest qui vit maintenant sous la menace du virus Ebola \u2013 notamment en Guin\u00e9e, au Sierra Leone, au Liberia, au S\u00e9n\u00e9gal et au Nigeria.<!--more--><\/p>\n<p class=\"p1\" style=\"text-align: justify;\">J\u2019implore urgemment tous les Adventistes du Septi\u00e8me jour \u00e0 travers le monde \u00e0 faire du Sabbat 11 2014 Octobre une Journ\u00e9e sp\u00e9ciale de Pri\u00e8re pour nos fr\u00e8res et s\u0153urs d\u2019Afrique de l\u2019Ouest et pour toute la population de cette r\u00e9gion alors qu\u2019elle confronte cette trag\u00e9die sans pr\u00e9c\u00e9dent. Prions que Dieu mette un terme \u00e0 la propagation de ce virus destructeur.<\/p>\n<p class=\"p1\" style=\"text-align: justify;\">Ayant eu le merveilleux privil\u00e8ge de vivre et de servir en Afrique de l\u2019Ouest avec mon \u00e9pouse et ma famille pendant neuf ans, nos c\u0153urs vont vers les familles des plus de 2800 personnes qui ont d\u00e9j\u00e0 perdu la vie \u00e0 cause de cette \u00e9pid\u00e9mie. Suite aux informations \u00e9manant du Centre Am\u00e9ricain pour le Contr\u00f4le des Maladies qui annonce que d\u2019ici janvier, on pourrait avoir entre 500000 et 1,4 millions de cas, quand on sait en plus qu\u2019il y a un taux de mortalit\u00e9 de 71 pourcent d\u2019apr\u00e8s l\u2019Organisation Mondiale de la Sant\u00e9, nous sommes d\u00e9vast\u00e9s par le potentiel qu\u2019a cette \u00e9pid\u00e9mie de d\u00e9truire les vies.<\/p>\n<p class=\"p1\" style=\"text-align: justify;\">Je souhaite en particulier que l\u2019\u00c9glise Adventiste du Septi\u00e8me jour au niveau mondial et surtout que les membres d\u2019\u00e9glise de la Division de l\u2019Afrique du Centre et de l\u2019Ouest, sachent que nous qui servons au si\u00e8ge de l\u2019\u00e9glise, nous prions pour vous, et que nous sommes rejoints dans cette d\u00e9marche par une famille mondiale qui a l\u2019esp\u00e9rance et qui croit dans la puissance de Dieu \u00e0 sauver.<\/p>\n<p class=\"p1\" style=\"text-align: justify;\">Il y a plusieurs initiatives qui sont mises en place au nom de l\u2019\u00c9glise Adventiste du Septi\u00e8me jour et de ses entit\u00e9s, pour aider dans le contexte de cette crise extr\u00eamement difficile que conna\u00eet l\u2019Afrique de l\u2019Ouest. Vous en entendrez parler par le biais d\u2019ANN, Adventist Review, Adventist World, Hope Channel, la Radio Mondiale Adventiste et ailleurs.<\/p>\n<p class=\"p1\" style=\"text-align: justify;\">Jeudi 25 Septembre 2014, l\u2019Agence Adventiste de D\u00e9veloppement et de Secours a organis\u00e9 un programme de pri\u00e8re dans l\u2019Atrium du b\u00e2timent de la Conf\u00e9rence G\u00e9n\u00e9rale et a \u00e9t\u00e9 rejoint par plusieurs via Google Hangout.<\/p>\n<p class=\"p1\" style=\"text-align: justify;\">Le 1er octobre 2014, l\u2019Association Pastorale de la Conf\u00e9rence G\u00e9n\u00e9rale lancera une campagne de pri\u00e8re mondiale en faveur de ceux qui sont touch\u00e9s par le virus Ebola. Des gens \u00e0 travers le monde expriment leur soutien par le biais des r\u00e9seaux sociaux avec le hashtag #UnitedinPrayer.<\/p>\n<p class=\"p1\" style=\"text-align: justify;\">Le 11 octobre, lors du Concile Annuel 2014, il y aura une connexion en direct \u00e9tablie entre plusieurs leaders mondiaux qui se r\u00e9uniront au si\u00e8ge de la Conf\u00e9rence G\u00e9n\u00e9rale \u00e0 Silver Spring dans le Maryland, et pasteur James Golay, le pr\u00e9sident de l\u2019Union de l\u2019Afrique de l\u2019Ouest \u00e0 Monrovia au Liberia. Il restera au Liberia avec nos membres d\u2019\u00e9glise afin de les encourager et les soutenir dans ce moment assez traumatisant plut\u00f4t que de participer au Concile Annuel, mais il sera connect\u00e9 \u00e9lectroniquement pour ces rencontres. Il partagera avec la direction de l\u2019\u00e9glise mondiale un rapport direct au sujet de la situation critique dans le territoire de la Guin\u00e9e, le Sierra Leone et le Lib\u00e9ria o\u00f9 nous avons 33000 Adventistes du Septi\u00e8me jour. Apr\u00e8s le rapport donn\u00e9 par pasteur Golay, il y aura un moment sp\u00e9cial de pri\u00e8re en faveur de ceux qui font face \u00e0 cette situation d\u00e9vastatrice.<\/p>\n<p class=\"p1\" style=\"text-align: justify;\">Rappelez-vous la Journ\u00e9e Sp\u00e9ciale de Pri\u00e8re du Sabbat 11 octobre 2014 en faveur de l\u2019Afrique de l\u2019Ouest alors que la population confronte une \u00e9pid\u00e9mie galopante caus\u00e9e par le virus Ebola.<\/p>\n<p class=\"p1\" style=\"text-align: justify;\">\u00c0 travers tout cela, nous souhaitons que tous ceux qui vivent en Afrique de l\u2019Ouest sachent que non seulement \u00e0 l\u2019occasion de ce sabbat sp\u00e9cial de pri\u00e8re, mais jour apr\u00e8s jour, heure apr\u00e8s heure, les personnes touch\u00e9es par cette crise seront \u00e9lev\u00e9es par la pri\u00e8re aupr\u00e8s de notre Cr\u00e9ateur, Sauveur et Grand M\u00e9decin. Prions ardemment pour la pluie de l\u2019arri\u00e8re-saison du Saint-Esprit et la proclamation des messages des trois anges, qui am\u00e8nera les gens \u00e0 tourner leurs regards vers le prochain retour du Christ et le moment o\u00f9 la maladie, le virus Ebola, la peur et la mort seront vaincus par la toute-puissance de Dieu qui peut sauver pour l\u2019\u00e9ternit\u00e9. Oui, Viens Seigneur J\u00e9sus !<\/p>\n<p class=\"p1\" style=\"text-align: justify;\">Cordialement et avec des sentiments Chr\u00e9tiens<\/p>\n<p class=\"p1\" style=\"text-align: justify;\">Ted N.C. Wilson<br \/>\nPr\u00e9sident<br \/>\nConf\u00e9rence G\u00e9n\u00e9rale des Adventistes du Septi\u00e8me jour<\/p>\n<p class=\"p1\" style=\"text-align: justify;\">Traduction\u00a0: Patrick Luciathe<\/p>\n<p class=\"p1\" style=\"text-align: justify;\">Source\u00a0: http:\/\/www.interamerica.org\/?p=13632&amp;lang=fr#ixzz3F0ERto5F<\/p>\n","protected":false},"excerpt":{"rendered":"<p>Le pr\u00e9sident de l\u2019Eglise Adventiste du Septi\u00e8me jour, Ted N.C. Wilson a publi\u00e9 le 26 septembre la d\u00e9claration suivante\u00a0: Au nom de la direction et des membres de l\u2019\u00c9glise Adventiste du Septi\u00e8me jour dans ses 13 divisions mondiales, et bien s\u00fbr des plus de 18 millions de membres r\u00e9partis dans 215 pays, je voudrais exprimer [&hellip;]<\/p>\n","protected":false},"author":1,"featured_media":2811,"comment_status":"open","ping_status":"open","sticky":false,"template":"","format":"standard","meta":{"_exactmetrics_skip_tracking":false,"_exactmetrics_sitenote_active":false,"_exactmetrics_sitenote_note":"","_exactmetrics_sitenote_category":0,"footnotes":""},"categories":[8],"tags":[],"_links":{"self":[{"href":"http:\/\/reveiletreforme.adventiste.re\/index.php?rest_route=\/wp\/v2\/posts\/2810"}],"collection":[{"href":"http:\/\/reveiletreforme.adventiste.re\/index.php?rest_route=\/wp\/v2\/posts"}],"about":[{"href":"http:\/\/reveiletreforme.adventiste.re\/index.php?rest_route=\/wp\/v2\/types\/post"}],"author":[{"embeddable":true,"href":"http:\/\/reveiletreforme.adventiste.re\/index.php?rest_route=\/wp\/v2\/users\/1"}],"replies":[{"embeddable":true,"href":"http:\/\/reveiletreforme.adventiste.re\/index.php?rest_route=%2Fwp%2Fv2%2Fcomments&post=2810"}],"version-history":[{"count":1,"href":"http:\/\/reveiletreforme.adventiste.re\/index.php?rest_route=\/wp\/v2\/posts\/2810\/revisions"}],"predecessor-version":[{"id":2812,"href":"http:\/\/reveiletreforme.adventiste.re\/index.php?rest_route=\/wp\/v2\/posts\/2810\/revisions\/2812"}],"wp:featuredmedia":[{"embeddable":true,"href":"http:\/\/reveiletreforme.adventiste.re\/index.php?rest_route=\/wp\/v2\/media\/2811"}],"wp:attachment":[{"href":"http:\/\/reveiletreforme.adventiste.re\/index.php?rest_route=%2Fwp%2Fv2%2Fmedia&parent=2810"}],"wp:term":[{"taxonomy":"category","embeddable":true,"href":"http:\/\/reveiletreforme.adventiste.re\/index.php?rest_route=%2Fwp%2Fv2%2Fcategories&post=2810"},{"taxonomy":"post_tag","embeddable":true,"href":"http:\/\/reveiletreforme.adventiste.re\/index.php?rest_route=%2Fwp%2Fv2%2Ftags&post=2810"}],"curies":[{"name":"wp","href":"https:\/\/api.w.org\/{rel}","templated":true}]}}