{"id":3018,"date":"2018-02-05T03:29:52","date_gmt":"2018-02-04T23:29:52","guid":{"rendered":"http:\/\/reveiletreforme.adventiste.re\/?p=3018"},"modified":"2018-02-05T01:48:11","modified_gmt":"2018-02-04T21:48:11","slug":"matthieu-11","status":"publish","type":"post","link":"http:\/\/reveiletreforme.adventiste.re\/?p=3018","title":{"rendered":"Matthieu 11"},"content":{"rendered":"<!--[if lt IE 9]><script>document.createElement('audio');<\/script><![endif]-->\n<audio class=\"wp-audio-shortcode\" id=\"audio-3018-1\" preload=\"none\" style=\"width: 100%;\" controls=\"controls\"><source type=\"audio\/mpeg\" src=\"http:\/\/reveiletreforme.adventiste.re\/wp-content\/uploads\/2014\/11\/matthieu-11.mp3?_=1\" \/><a href=\"http:\/\/reveiletreforme.adventiste.re\/wp-content\/uploads\/2014\/11\/matthieu-11.mp3\">http:\/\/reveiletreforme.adventiste.re\/wp-content\/uploads\/2014\/11\/matthieu-11.mp3<\/a><\/audio>\n<p class=\"p2\" style=\"text-align: justify;\"><b>1<\/b><b> <\/b>Lorsque J\u00e9sus eut achev\u00e9 de donner ses instructions \u00e0 ses douze disciples, il partit de l\u00e0, pour enseigner et pr\u00eacher dans les villes du pays.<\/p>\n<p class=\"p2\" style=\"text-align: justify;\"><b>2<\/b><b> <\/b>Jean, ayant entendu parler dans sa prison des oeuvres du Christ, lui fit dire par ses disciples:<\/p>\n<p class=\"p2\" style=\"text-align: justify;\"><b>3<\/b><b> <\/b>Es-tu celui qui doit venir, ou devons-nous en attendre un autre?<!--more--><\/p>\n<p class=\"p2\" style=\"text-align: justify;\"><b>4<\/b><b> <\/b>J\u00e9sus leur r\u00e9pondit: Allez rapporter \u00e0 Jean ce que vous entendez et ce que vous voyez:<\/p>\n<p class=\"p2\" style=\"text-align: justify;\"><b>5<\/b><b> <\/b>les aveugles voient, les boiteux marchent, les l\u00e9preux sont purifi\u00e9s, les sourds entendent, les morts ressuscitent, et la bonne nouvelle est annonc\u00e9e aux pauvres.<\/p>\n<p class=\"p2\" style=\"text-align: justify;\"><b>6<\/b><b> <\/b>Heureux celui pour qui je ne serai pas une occasion de chute!<\/p>\n<p class=\"p2\" style=\"text-align: justify;\"><b>7<\/b><b> <\/b>Comme ils s&rsquo;en allaient, J\u00e9sus se mit \u00e0 dire \u00e0 la foule, au sujet de Jean: Qu&rsquo;\u00eates-vous all\u00e9s voir au d\u00e9sert? un roseau agit\u00e9 par le vent?<\/p>\n<p class=\"p2\" style=\"text-align: justify;\"><b>8<\/b><b> <\/b>Mais, qu&rsquo;\u00eates-vous all\u00e9s voir? un homme v\u00eatu d&rsquo;habits pr\u00e9cieux? Voici, ceux qui portent des habits pr\u00e9cieux sont dans les maisons des rois.<\/p>\n<p class=\"p2\" style=\"text-align: justify;\"><b>9<\/b><b> <\/b>Qu&rsquo;\u00eates-vous donc all\u00e9s voir? un proph\u00e8te? Oui, vous dis-je, et plus qu&rsquo;un proph\u00e8te.<\/p>\n<p class=\"p2\" style=\"text-align: justify;\"><b>10<\/b><b> <\/b>Car c&rsquo;est celui dont il est \u00e9crit: Voici, j&rsquo;envoie mon messager devant ta face, Pour pr\u00e9parer ton chemin devant toi.<\/p>\n<p class=\"p2\" style=\"text-align: justify;\"><b>11<\/b><b> <\/b>Je vous le dis en v\u00e9rit\u00e9, parmi ceux qui sont n\u00e9s de femmes, il n&rsquo;en a point paru de plus grand que Jean-Baptiste. Cependant, le plus petit dans le royaume des cieux est plus grand que lui.<\/p>\n<p class=\"p2\" style=\"text-align: justify;\"><b>12<\/b><b> <\/b>Depuis le temps de Jean-Baptiste jusqu&rsquo;\u00e0 pr\u00e9sent, le royaume des cieux est forc\u00e9, et ce sont les violents qui s&rsquo;en emparent.<\/p>\n<p class=\"p2\" style=\"text-align: justify;\"><b>13<\/b><b> <\/b>Car tous les proph\u00e8tes et la loi ont proph\u00e9tis\u00e9 jusqu&rsquo;\u00e0 Jean;<\/p>\n<p class=\"p2\" style=\"text-align: justify;\"><b>14<\/b><b> <\/b>et, si vous voulez le comprendre, c&rsquo;est lui qui est l&rsquo;Elie qui devait venir.<\/p>\n<p class=\"p2\" style=\"text-align: justify;\"><b>15<\/b><b> <\/b>Que celui qui a des oreilles pour entendre entende.<\/p>\n<p class=\"p2\" style=\"text-align: justify;\"><b>16<\/b><b> <\/b>A qui comparerai-je cette g\u00e9n\u00e9ration? Elle ressemble \u00e0 des enfants assis dans des places publiques, et qui, s&rsquo;adressant \u00e0 d&rsquo;autres enfants,<\/p>\n<p class=\"p2\" style=\"text-align: justify;\"><b>17<\/b><b> <\/b>disent: Nous vous avons jou\u00e9 de la fl\u00fbte, et vous n&rsquo;avez pas dans\u00e9; nous avons chant\u00e9 des complaintes, et vous ne vous \u00eates pas lament\u00e9s.<\/p>\n<p class=\"p2\" style=\"text-align: justify;\"><b>18<\/b><b> <\/b>Car Jean est venu, ne mangeant ni ne buvant, et ils disent: Il a un d\u00e9mon.<\/p>\n<p class=\"p2\" style=\"text-align: justify;\"><b>19<\/b><b> <\/b>Le Fils de l&rsquo;homme est venu, mangeant et buvant, et ils disent: C&rsquo;est un mangeur et un buveur, un ami des publicains et des gens de mauvaise vie. Mais la sagesse a \u00e9t\u00e9 justifi\u00e9e par ses oeuvres.<\/p>\n<p class=\"p2\" style=\"text-align: justify;\"><b>20<\/b><b> <\/b>Alors il se mit \u00e0 faire des reproches aux villes dans lesquelles avaient eu lieu la plupart de ses miracles, parce qu&rsquo;elles ne s&rsquo;\u00e9taient pas repenties.<\/p>\n<p class=\"p2\" style=\"text-align: justify;\"><b>21<\/b><b> <\/b>Malheur \u00e0 toi, Chorazin! malheur \u00e0 toi, Bethsa\u00efda! car, si les miracles qui ont \u00e9t\u00e9 faits au milieu de vous avaient \u00e9t\u00e9 faits dans Tyr et dans Sidon, il y a longtemps qu&rsquo;elles se seraient repenties, en prenant le sac et la cendre.<\/p>\n<p class=\"p2\" style=\"text-align: justify;\"><b>22<\/b><b> <\/b>C&rsquo;est pourquoi je vous le dis: au jour du jugement, Tyr et Sidon seront trait\u00e9es moins rigoureusement que vous.<\/p>\n<p class=\"p2\" style=\"text-align: justify;\"><b>23<\/b><b> <\/b>Et toi, Caperna\u00fcm, seras-tu \u00e9lev\u00e9e jusqu&rsquo;au ciel? Non. Tu seras abaiss\u00e9e jusqu&rsquo;au s\u00e9jour des morts; car, si les miracles qui ont \u00e9t\u00e9 faits au milieu de toi avaient \u00e9t\u00e9 faits dans Sodome, elle subsisterait encore aujourd&rsquo;hui.<\/p>\n<p class=\"p2\" style=\"text-align: justify;\"><b>24<\/b><b> <\/b>C&rsquo;est pourquoi je vous le dis: au jour du jugement, le pays de Sodome sera trait\u00e9 moins rigoureusement que toi.<\/p>\n<p class=\"p2\" style=\"text-align: justify;\"><b>25<\/b><b> <\/b>En ce temps-l\u00e0, J\u00e9sus prit la parole, et dit: Je te loue, P\u00e8re, Seigneur du ciel et de la terre, de ce que tu as cach\u00e9 ces choses aux sages et aux intelligents, et de ce que tu les as r\u00e9v\u00e9l\u00e9es aux enfants.<\/p>\n<p class=\"p2\" style=\"text-align: justify;\"><b>26<\/b><b> <\/b>Oui, P\u00e8re, je te loue de ce que tu l&rsquo;as voulu ainsi.<\/p>\n<p class=\"p2\" style=\"text-align: justify;\"><b>27<\/b><b> <\/b>Toutes choses m&rsquo;ont \u00e9t\u00e9 donn\u00e9es par mon P\u00e8re, et personne ne conna\u00eet le Fils, si ce n&rsquo;est le P\u00e8re; personne non plus ne conna\u00eet le P\u00e8re, si ce n&rsquo;est le Fils et celui \u00e0 qui le Fils veut le r\u00e9v\u00e9ler.<\/p>\n<p class=\"p2\" style=\"text-align: justify;\"><b>28<\/b><b> <\/b>Venez \u00e0 moi, vous tous qui \u00eates fatigu\u00e9s et charg\u00e9s, et je vous donnerai du repos.<\/p>\n<p class=\"p2\" style=\"text-align: justify;\"><b>29<\/b><b> <\/b>Prenez mon joug sur vous et recevez mes instructions, car je suis doux et humble de coeur; et vous trouverez du repos pour vos \u00e2mes.<\/p>\n<p class=\"p2\" style=\"text-align: justify;\"><b>30<\/b><b> <\/b>Car mon joug est doux, et mon fardeau l\u00e9ger.<\/p>\n<p class=\"p2\" style=\"text-align: justify;\"><strong>COMMENTAIRE<\/strong><\/p>\n<p class=\"p1\" style=\"text-align: justify;\">Quand je lis la Bible, je recherche ce qu\u2019elle a \u00e0 me dire. Je crois que dans chaque chapitre il y a quelque chose qui s\u2019applique \u00e0 moi en tant que femme et m\u00e8re. Ce n\u2019est pas juste un ancien livre d\u2019histoires. C\u2019est infiniment plus. Chaque jour, j\u2019y recherche la patience et la paix de mon P\u00e8re c\u00e9leste afin de me fortifier.<\/p>\n<p class=\"p1\" style=\"text-align: justify;\">Dans Matthieu\u00a011 Jean le Baptiste recherche plus de sagacit\u00e9 spirituelle au sujet de J\u00e9sus. Il est en prison et pourtant son c\u0153ur est toujours rempli du Sauveur du Monde. Il avait diligemment suivi le chemin que Dieu avait planifi\u00e9 pour lui et ensuite il a \u00e9t\u00e9 arr\u00eat\u00e9. J\u00e9sus continue Son minist\u00e8re et quand les disciples de Jean le trouvent, J\u00e9sus loue Jean pour le travail qu\u2019il a fait dans la pr\u00e9paration du chemin pour Lui. Jean diff\u00e9rait de ce \u00e0 quoi les gens se sont attendus. Il n\u2019a port\u00e9 aucun beau v\u00eatement, il \u00e9tait juste Jean. Je me demande combien de temps cela lui a pris pour qu\u2019il r\u00e9alise l\u2019importance de son travail. Ne s\u2019est-il jamais senti ad\u00e9quat pour cela\u00a0? Non, jamais. Mais ce qu\u2019il a fait n\u2019\u00e9tait pas sans importance pour Dieu. Nous ne devrions pas estimer que ce que nous faisons pour Dieu est sans importance. Paul \u00e9crit, \u00ab\u00a0j\u2019ai suppli\u00e9 le Seigneur. Et Il m\u2019a dit, \u201cMa gr\u00e2ce te suffit, car ma puissance s\u2019accomplit dans la faiblesse \u201c\u00a0\u00bb (2 Cor. 12:8,9).<\/p>\n<p class=\"p1\" style=\"text-align: justify;\">Je chante souvent dans les \u00e9coles, dans les \u00e9glises et les retraites pour les femmes et donne mon t\u00e9moignage personnel. Je chante J\u00e9sus depuis mon jeune \u00e2ge. Le sentiment d\u2019insuffisance est toujours pr\u00e9sent. Qui serait int\u00e9ress\u00e9 par mon t\u00e9moignage\u00a0? Alors je dois me rappeler que c\u2019est ce que Dieu veut que je fasse. Nous sommes tous appel\u00e9s \u00e0 pr\u00e9senter l\u2019histoire de comment J\u00e9sus a travaill\u00e9 dans nos vies. C\u2019est la fa\u00e7on que nous interagissons avec les autres et comment nous le repr\u00e9sentons dans nos maisons et dans la communaut\u00e9 o\u00f9 nous vivons, c\u2019est important.<\/p>\n<p class=\"p1\" style=\"text-align: justify;\">J\u00e9sus nous dit aujourd\u2019hui\u00a0: \u00ab\u00a0Venez \u00e0 moi, vous tous qui \u00eates fatigu\u00e9s et charg\u00e9s, et je vous donnerai du repos. Prenez mon joug sur vous et recevez mes instructions, car je suis doux et humble de c\u0153ur\u00a0; et vous trouverez du repos pour vos \u00e2mes. Car mon joug est doux, et mon fardeau l\u00e9ger.\u00a0\u00bb La Vie peut de temps en temps \u00eatre dure. Chose merveilleuse, c\u2019est que J\u00e9sus a d\u00e9j\u00e0 port\u00e9 le fardeau du p\u00e9ch\u00e9. Il l\u2019a port\u00e9 sur son dos plein de sang, dans Ses mains perc\u00e9es par des clous, sur Son c\u00f4t\u00e9 perc\u00e9 et ensuite au travers de Son c\u0153ur bris\u00e9 sur le Calvaire.<\/p>\n<p class=\"p1\" style=\"text-align: justify;\">Lorsque j\u2019ai lu Matthieu\u00a011, je me suis souvenu de deux pens\u00e9es tr\u00e8s importantes\u00a0: 1. M\u00eame dans les moments les plus sombres de notre vie nous devons chercher \u00e0 conna\u00eetre davantage J\u00e9sus car Il est le centre de nos c\u0153urs. 2. J\u00e9sus a promis de nous fournir la paix et le repos quand nous lui faisons confiance. Comme ce merveilleux hymne le d\u00e9clare, \u00ab\u00a0J\u00e9sus a tout pay\u00e9. Je Lui dois tout. Le p\u00e9ch\u00e9 avait laiss\u00e9 une t\u00e2che cramoisie, Il l\u2019a lav\u00e9e blanc comme neige.\u00a0\u00bb<\/p>\n<p><strong>Joey Norwood Tolbert<\/strong><br \/>\nTitulaire du Master en sciences des religions<br \/>\nChanteuse\/auteure-compositrice Chr\u00e9tien<\/p>\n<p style=\"text-align: right;\"><strong>Traduction<\/strong> : David REN\u00c9<\/p>\n","protected":false},"excerpt":{"rendered":"<p>1 Lorsque J\u00e9sus eut achev\u00e9 de donner ses instructions \u00e0 ses douze disciples, il partit de l\u00e0, pour enseigner et pr\u00eacher dans les villes du pays. 2 Jean, ayant entendu parler dans sa prison des oeuvres du Christ, lui fit dire par ses disciples: 3 Es-tu celui qui doit venir, ou devons-nous en attendre un [&hellip;]<\/p>\n","protected":false},"author":1,"featured_media":0,"comment_status":"open","ping_status":"open","sticky":false,"template":"","format":"audio","meta":{"_exactmetrics_skip_tracking":false,"_exactmetrics_sitenote_active":false,"_exactmetrics_sitenote_note":"","_exactmetrics_sitenote_category":0,"footnotes":""},"categories":[16],"tags":[],"_links":{"self":[{"href":"http:\/\/reveiletreforme.adventiste.re\/index.php?rest_route=\/wp\/v2\/posts\/3018"}],"collection":[{"href":"http:\/\/reveiletreforme.adventiste.re\/index.php?rest_route=\/wp\/v2\/posts"}],"about":[{"href":"http:\/\/reveiletreforme.adventiste.re\/index.php?rest_route=\/wp\/v2\/types\/post"}],"author":[{"embeddable":true,"href":"http:\/\/reveiletreforme.adventiste.re\/index.php?rest_route=\/wp\/v2\/users\/1"}],"replies":[{"embeddable":true,"href":"http:\/\/reveiletreforme.adventiste.re\/index.php?rest_route=%2Fwp%2Fv2%2Fcomments&post=3018"}],"version-history":[{"count":3,"href":"http:\/\/reveiletreforme.adventiste.re\/index.php?rest_route=\/wp\/v2\/posts\/3018\/revisions"}],"predecessor-version":[{"id":3023,"href":"http:\/\/reveiletreforme.adventiste.re\/index.php?rest_route=\/wp\/v2\/posts\/3018\/revisions\/3023"}],"wp:attachment":[{"href":"http:\/\/reveiletreforme.adventiste.re\/index.php?rest_route=%2Fwp%2Fv2%2Fmedia&parent=3018"}],"wp:term":[{"taxonomy":"category","embeddable":true,"href":"http:\/\/reveiletreforme.adventiste.re\/index.php?rest_route=%2Fwp%2Fv2%2Fcategories&post=3018"},{"taxonomy":"post_tag","embeddable":true,"href":"http:\/\/reveiletreforme.adventiste.re\/index.php?rest_route=%2Fwp%2Fv2%2Ftags&post=3018"}],"curies":[{"name":"wp","href":"https:\/\/api.w.org\/{rel}","templated":true}]}}