{"id":3292,"date":"2018-04-16T00:44:45","date_gmt":"2018-04-15T20:44:45","guid":{"rendered":"http:\/\/reveiletreforme.adventiste.re\/?p=3292"},"modified":"2018-03-25T16:24:20","modified_gmt":"2018-03-25T12:24:20","slug":"jean-14","status":"publish","type":"post","link":"http:\/\/reveiletreforme.adventiste.re\/?p=3292","title":{"rendered":"Jean 14"},"content":{"rendered":"<p class=\"p2\" style=\"text-align: justify;\"><b>1<\/b><b> <\/b>Que votre coeur ne se trouble point. Croyez en Dieu, et croyez en moi.<\/p>\n<p class=\"p2\" style=\"text-align: justify;\"><b>2<\/b><b> <\/b>Il y a plusieurs demeures dans la maison de mon P\u00e8re. Si cela n&rsquo;\u00e9tait pas, je vous l&rsquo;aurais dit. Je vais vous pr\u00e9parer une place.<\/p>\n<p class=\"p2\" style=\"text-align: justify;\"><b>3<\/b><b> <\/b>Et, lorsque je m&rsquo;en serai all\u00e9, et que je vous aurai pr\u00e9par\u00e9 une place, je reviendrai, et je vous prendrai avec moi, afin que l\u00e0 o\u00f9 je suis vous y soyez aussi.<!--more--><\/p>\n<p class=\"p2\" style=\"text-align: justify;\"><b>4<\/b><b> <\/b>Vous savez o\u00f9 je vais, et vous en savez le chemin.<\/p>\n<p class=\"p2\" style=\"text-align: justify;\"><b>5<\/b><b> <\/b>Thomas lui dit: Seigneur, nous ne savons o\u00f9 tu vas; comment pouvons-nous en savoir le chemin?<\/p>\n<p class=\"p2\" style=\"text-align: justify;\"><b>6<\/b><b> <\/b>J\u00e9sus lui dit: Je suis le chemin, la v\u00e9rit\u00e9, et la vie. Nul ne vient au P\u00e8re que par moi.<\/p>\n<p class=\"p2\" style=\"text-align: justify;\"><b>7<\/b><b> <\/b>Si vous me connaissiez, vous conna\u00eetriez aussi mon P\u00e8re. Et d\u00e8s maintenant vous le connaissez, et vous l&rsquo;avez vu.<\/p>\n<p class=\"p2\" style=\"text-align: justify;\"><b>8<\/b><b> <\/b>Philippe lui dit: Seigneur, montre-nous le P\u00e8re, et cela nous suffit.<\/p>\n<p class=\"p2\" style=\"text-align: justify;\"><b>9<\/b><b> <\/b>J\u00e9sus lui dit: Il y a si longtemps que je suis avec vous, et tu ne m&rsquo;as pas connu, Philippe! Celui qui m&rsquo;a vu a vu le P\u00e8re; comment dis-tu: Montre-nous le P\u00e8re?<\/p>\n<p class=\"p2\" style=\"text-align: justify;\"><b>10<\/b><b> <\/b>Ne crois-tu pas que je suis dans le P\u00e8re, et que le P\u00e8re est en moi? Les paroles que je vous dis, je ne les dis pas de moi-m\u00eame; et le P\u00e8re qui demeure en moi, c&rsquo;est lui qui fait les oeuvres.<\/p>\n<p class=\"p2\" style=\"text-align: justify;\"><b>11<\/b><b> <\/b>Croyez-moi, je suis dans le P\u00e8re, et le P\u00e8re est en moi; croyez du moins \u00e0 cause de ces oeuvres.<\/p>\n<p class=\"p2\" style=\"text-align: justify;\"><b>12<\/b><b> <\/b>En v\u00e9rit\u00e9, en v\u00e9rit\u00e9, je vous le dis, celui qui croit en moi fera aussi les oeuvres que je fais, et il en fera de plus grandes, parce que je m&rsquo;en vais au P\u00e8re;<\/p>\n<p class=\"p2\" style=\"text-align: justify;\"><b>13<\/b><b> <\/b>et tout ce que vous demanderez en mon nom, je le ferai, afin que le P\u00e8re soit glorifi\u00e9 dans le Fils.<\/p>\n<p class=\"p2\" style=\"text-align: justify;\"><b>14<\/b><b> <\/b>Si vous demandez quelque chose en mon nom, je le ferai.<\/p>\n<p class=\"p2\" style=\"text-align: justify;\"><b>15<\/b><b> <\/b>Si vous m&rsquo;aimez, gardez mes commandements.<\/p>\n<p class=\"p2\" style=\"text-align: justify;\"><b>16<\/b><b> <\/b>Et moi, je prierai le P\u00e8re, et il vous donnera un autre consolateur, afin qu&rsquo;il demeure \u00e9ternellement avec vous,<\/p>\n<p class=\"p2\" style=\"text-align: justify;\"><b>17<\/b><b> <\/b>l&rsquo;Esprit de v\u00e9rit\u00e9, que le monde ne peut recevoir, parce qu&rsquo;il ne le voit point et ne le conna\u00eet point; mais vous, vous le connaissez, car il demeure avec vous, et il sera en vous.<\/p>\n<p class=\"p2\" style=\"text-align: justify;\"><b>18<\/b><b> <\/b>Je ne vous laisserai pas orphelins, je viendrai \u00e0 vous.<\/p>\n<p class=\"p2\" style=\"text-align: justify;\"><b>19<\/b><b> <\/b>Encore un peu de temps, et le monde ne me verra plus; mais vous, vous me verrez, car je vis, et vous vivrez aussi.<\/p>\n<p class=\"p2\" style=\"text-align: justify;\"><b>20<\/b><b> <\/b>En ce jour-l\u00e0, vous conna\u00eetrez que je suis en mon P\u00e8re, que vous \u00eates en moi, et que je suis en vous.<\/p>\n<p class=\"p2\" style=\"text-align: justify;\"><b>21<\/b><b> <\/b>Celui qui a mes commandements et qui les garde, c&rsquo;est celui qui m&rsquo;aime; et celui qui m&rsquo;aime sera aim\u00e9 de mon P\u00e8re, je l&rsquo;aimerai, et je me ferai conna\u00eetre \u00e0 lui.<\/p>\n<p class=\"p2\" style=\"text-align: justify;\"><b>22<\/b><b> <\/b>Jude, non pas l&rsquo;Iscariot, lui dit: Seigneur, d&rsquo;o\u00f9 vient que tu te feras conna\u00eetre \u00e0 nous, et non au monde?<\/p>\n<p class=\"p2\" style=\"text-align: justify;\"><b>23<\/b><b> <\/b>J\u00e9sus lui r\u00e9pondit: Si quelqu&rsquo;un m&rsquo;aime, il gardera ma parole, et mon P\u00e8re l&rsquo;aimera; nous viendrons \u00e0 lui, et nous ferons notre demeure chez lui.<\/p>\n<p class=\"p2\" style=\"text-align: justify;\"><b>24<\/b><b> <\/b>Celui qui ne m&rsquo;aime pas ne garde point mes paroles. Et la parole que vous entendez n&rsquo;est pas de moi, mais du P\u00e8re qui m&rsquo;a envoy\u00e9.<\/p>\n<p class=\"p2\" style=\"text-align: justify;\"><b>25<\/b><b> <\/b>Je vous ai dit ces choses pendant que je demeure avec vous.<\/p>\n<p class=\"p2\" style=\"text-align: justify;\"><b>26<\/b><b> <\/b>Mais le consolateur, l&rsquo;Esprit-Saint, que le P\u00e8re enverra en mon nom, vous enseignera toutes choses, et vous rappellera tout ce que je vous ai dit.<\/p>\n<p class=\"p2\" style=\"text-align: justify;\"><b>27<\/b><b> <\/b>Je vous laisse la paix, je vous donne ma paix. Je ne vous donne pas comme le monde donne. Que votre coeur ne se trouble point, et ne s&rsquo;alarme point.<\/p>\n<p class=\"p2\" style=\"text-align: justify;\"><b>28<\/b><b> <\/b>Vous avez entendu que je vous ai dit: Je m&rsquo;en vais, et je reviens vers vous. Si vous m&rsquo;aimiez, vous vous r\u00e9jouiriez de ce que je vais au P\u00e8re; car le P\u00e8re est plus grand que moi.<\/p>\n<p class=\"p2\" style=\"text-align: justify;\"><b>29<\/b><b> <\/b>Et maintenant je vous ai dit ces choses avant qu&rsquo;elles arrivent, afin que, lorsqu&rsquo;elles arriveront, vous croyiez.<\/p>\n<p class=\"p2\" style=\"text-align: justify;\"><b>30<\/b><b> <\/b>Je ne parlerai plus gu\u00e8re avec vous; car le prince du monde vient. Il n&rsquo;a rien en moi;<\/p>\n<p class=\"p2\" style=\"text-align: justify;\"><b>31<\/b><b> <\/b>mais afin que le monde sache que j&rsquo;aime le P\u00e8re, et que j&rsquo;agis selon l&rsquo;ordre que le P\u00e8re m&rsquo;a donn\u00e9, levez-vous, partons d&rsquo;ici.<\/p>\n<p class=\"p2\" style=\"text-align: justify;\"><strong>COMMENTAIRE<\/strong><\/p>\n<p class=\"p1\" style=\"text-align: justify;\">Personnellement, ce chapitre est d\u2019une grande importance pour moi. Dieu a utilis\u00e9 Jean 14:1 pour me r\u00e9v\u00e9ler J\u00e9sus, et Jean 14:27 pour confirmer son appel afin que je rentre dans le minist\u00e8re. J\u2019\u00e9tais un ath\u00e9e pendant environ cinq ann\u00e9es, puis j\u2019ai commenc\u00e9 \u00e0 croire en une puissance sup\u00e9rieure. Alors je me suis inscrit \u00e0 l\u2019Universit\u00e9 Adventiste du Sud, et dans l\u2019une des classes, j\u2019ai d\u00e9cid\u00e9 d\u2019\u00e9tudier les doctrines chr\u00e9tiennes. J\u2019\u00e9tais avide d\u2019en apprendre davantage sur la religion chr\u00e9tienne, puisque je connaissais d\u00e9j\u00e0 d\u2019autres religions du monde. Le premier sujet du cours \u00e9tait l\u2019importance de la Parole de Dieu. La deuxi\u00e8me le\u00e7on portait sur Dieu le P\u00e8re. La troisi\u00e8me le\u00e7on \u00e9tait centr\u00e9e sur Dieu le Fils. Je n\u2019avais aucun probl\u00e8me avec les deux premi\u00e8res le\u00e7ons, mais la troisi\u00e8me m\u2019a vraiment d\u00e9rang\u00e9\u2009! Pourquoi apporter autant d\u2019importance \u00e0 J\u00e9sus\u2009?<\/p>\n<p class=\"p1\" style=\"text-align: justify;\">\u00ab\u00a0QUI est ce J\u00e9sus\u2009? Et QUE dois-je en faire\u2009?\u00a0\u00bb Un jour, je me suis promen\u00e9 dans les bois, arr\u00eat\u00e9 au pied d\u2019un grand arbre, et j\u2019ai pos\u00e9 ces deux questions \u00e0 Dieu, encore et encore. Puis, j\u2019ai entendu une voix, \u00ab\u00a0Prends ta Bible, car je veux te dire quelque chose.\u00a0\u00bb J\u2019ai pris ma Bible, pri\u00e9, et avec mes yeux toujours ferm\u00e9s, j\u2019ai ouvert avec mon doigt Jean 14:1. Il a r\u00e9pondu aux deux questions\u2009! \u00ab\u00a0Croyez en Dieu, croyez aussi en moi.\u00a0\u00bb Voil\u00e0 QUI est J\u00e9sus et ce QUE je dois faire. C\u2019est \u00e0 ce moment que j\u2019ai re\u00e7u J\u00e9sus dans mon c\u0153ur et mis ma foi en Lui comme mon DIEU et Sauveur.<\/p>\n<p class=\"p1\" style=\"text-align: justify;\">Jean 14:27 est aussi mon verset pr\u00e9f\u00e9r\u00e9. J\u2019\u00e9tais toujours \u00e0 la recherche de la paix pour ma vie, mais je n\u2019ai jamais pu la trouver. Comme Dieu m\u2019appelait au minist\u00e8re pastoral, tard un soir je lui ai dit toutes les craintes que j\u2019avais \u00e0 r\u00e9pondre \u00e0 cet appel. Encore une fois, Il m\u2019a parl\u00e9, \u00ab\u00a0Ouvre ta Bible afin que je puisse te dire quelque chose.\u00a0\u00bb J\u2019ai pri\u00e9, et avec mes yeux toujours ferm\u00e9s j\u2019ai point\u00e9 mon doigt \u00e0 Jean14:27. Je dis\u00a0: \u00ab\u00a0Oui, je sais, c\u2019est la paix.\u00a0\u00bb Dieu dit\u00a0: \u00ab\u00a0Lis le verset en entier.\u00a0\u00bb Je l\u2019ai lu, et Dieu m\u2019a dit\u00a0: \u00ab\u00a0Chris, tu as ma paix, maintenant n\u2019aie pas peur.\u00a0\u00bb \u00ab\u00a0OUI\u2009!\u00a0\u00bb ai-je r\u00e9pondu. Quelques ann\u00e9es plus tard, le professeur et doyen qui m\u2019a enseign\u00e9 J\u00e9sus, me consacra pour le minist\u00e8re \u00e9vang\u00e9lique.<\/p>\n<p class=\"p1\" style=\"text-align: justify;\">Dans Jean 14:6, J\u00e9sus dit\u00a0: \u00ab\u00a0Je suis le chemin, la v\u00e9rit\u00e9 et la vie.\u00a0\u00bb J\u00e9sus est l\u2019enseignement de DIEU \u00e0 l\u2019humanit\u00e9\u00a0: Son amour, Son chemin, Sa v\u00e9rit\u00e9 et Sa vie. Par l\u2019Esprit Saint, nous pouvons apprendre \u00e0 suivre les instructions de Dieu en disant chaque jour, Oui, pour suivre J\u00e9sus\u2009!<\/p>\n<p class=\"p1\"><strong>Christopher Bullock, M.Div.<\/strong><br \/>\nPasteur \u00e0 Atlanta, G\u00e9orgie.<br \/>\nDivision nord-am\u00e9ricaine.<\/p>\n<p class=\"p1\" style=\"text-align: right;\"><strong>Traduction<\/strong> : Sabine ALPHONSO<\/p>\n","protected":false},"excerpt":{"rendered":"<p>1 Que votre coeur ne se trouble point. Croyez en Dieu, et croyez en moi. 2 Il y a plusieurs demeures dans la maison de mon P\u00e8re. Si cela n&rsquo;\u00e9tait pas, je vous l&rsquo;aurais dit. Je vais vous pr\u00e9parer une place. 3 Et, lorsque je m&rsquo;en serai all\u00e9, et que je vous aurai pr\u00e9par\u00e9 une [&hellip;]<\/p>\n","protected":false},"author":1,"featured_media":0,"comment_status":"open","ping_status":"open","sticky":false,"template":"","format":"audio","meta":{"_exactmetrics_skip_tracking":false,"_exactmetrics_sitenote_active":false,"_exactmetrics_sitenote_note":"","_exactmetrics_sitenote_category":0,"footnotes":""},"categories":[16],"tags":[],"_links":{"self":[{"href":"http:\/\/reveiletreforme.adventiste.re\/index.php?rest_route=\/wp\/v2\/posts\/3292"}],"collection":[{"href":"http:\/\/reveiletreforme.adventiste.re\/index.php?rest_route=\/wp\/v2\/posts"}],"about":[{"href":"http:\/\/reveiletreforme.adventiste.re\/index.php?rest_route=\/wp\/v2\/types\/post"}],"author":[{"embeddable":true,"href":"http:\/\/reveiletreforme.adventiste.re\/index.php?rest_route=\/wp\/v2\/users\/1"}],"replies":[{"embeddable":true,"href":"http:\/\/reveiletreforme.adventiste.re\/index.php?rest_route=%2Fwp%2Fv2%2Fcomments&post=3292"}],"version-history":[{"count":1,"href":"http:\/\/reveiletreforme.adventiste.re\/index.php?rest_route=\/wp\/v2\/posts\/3292\/revisions"}],"predecessor-version":[{"id":3293,"href":"http:\/\/reveiletreforme.adventiste.re\/index.php?rest_route=\/wp\/v2\/posts\/3292\/revisions\/3293"}],"wp:attachment":[{"href":"http:\/\/reveiletreforme.adventiste.re\/index.php?rest_route=%2Fwp%2Fv2%2Fmedia&parent=3292"}],"wp:term":[{"taxonomy":"category","embeddable":true,"href":"http:\/\/reveiletreforme.adventiste.re\/index.php?rest_route=%2Fwp%2Fv2%2Fcategories&post=3292"},{"taxonomy":"post_tag","embeddable":true,"href":"http:\/\/reveiletreforme.adventiste.re\/index.php?rest_route=%2Fwp%2Fv2%2Ftags&post=3292"}],"curies":[{"name":"wp","href":"https:\/\/api.w.org\/{rel}","templated":true}]}}