{"id":3296,"date":"2018-04-18T00:17:46","date_gmt":"2018-04-17T20:17:46","guid":{"rendered":"http:\/\/reveiletreforme.adventiste.re\/?p=3296"},"modified":"2018-03-25T16:25:13","modified_gmt":"2018-03-25T12:25:13","slug":"jean-16","status":"publish","type":"post","link":"http:\/\/reveiletreforme.adventiste.re\/?p=3296","title":{"rendered":"Jean 16"},"content":{"rendered":"<p class=\"p2\" style=\"text-align: justify;\"><b>1<\/b><b> <\/b>Je vous ai dit ces choses, afin qu&rsquo;elles ne soient pas pour vous une occasion de chute.<\/p>\n<p class=\"p2\" style=\"text-align: justify;\"><b>2<\/b><b> <\/b>Ils vous excluront des synagogues; et m\u00eame l&rsquo;heure vient o\u00f9 quiconque vous fera mourir croira rendre un culte \u00e0 Dieu.<\/p>\n<p class=\"p2\" style=\"text-align: justify;\"><b>3<\/b><b> <\/b>Et ils agiront ainsi, parce qu&rsquo;ils n&rsquo;ont connu ni le P\u00e8re ni moi.<!--more--><\/p>\n<p class=\"p2\" style=\"text-align: justify;\"><b>4<\/b><b> <\/b>Je vous ai dit ces choses, afin que, lorsque l&rsquo;heure sera venue, vous vous souveniez que je vous les ai dites. Je ne vous en ai pas parl\u00e9 d\u00e8s le commencement, parce que j&rsquo;\u00e9tais avec vous.<\/p>\n<p class=\"p2\" style=\"text-align: justify;\"><b>5<\/b><b> <\/b>Maintenant je m&rsquo;en vais vers celui qui m&rsquo;a envoy\u00e9, et aucun de vous ne me demande: O\u00f9 vas-tu?<\/p>\n<p class=\"p2\" style=\"text-align: justify;\"><b>6<\/b><b> <\/b>Mais, parce que je vous ai dit ces choses, la tristesse a rempli votre coeur.<\/p>\n<p class=\"p2\" style=\"text-align: justify;\"><b>7<\/b><b> <\/b>Cependant je vous dis la v\u00e9rit\u00e9: il vous est avantageux que je m&rsquo;en aille, car si je ne m&rsquo;en vais pas, le consolateur ne viendra pas vers vous; mais, si je m&rsquo;en vais, je vous l&rsquo;enverrai.<\/p>\n<p class=\"p2\" style=\"text-align: justify;\"><b>8<\/b><b> <\/b>Et quand il sera venu, il convaincra le monde en ce qui concerne le p\u00e9ch\u00e9, la justice, et le jugement:<\/p>\n<p class=\"p2\" style=\"text-align: justify;\"><b>9<\/b><b> <\/b>en ce qui concerne le p\u00e9ch\u00e9, parce qu&rsquo;ils ne croient pas en moi;<\/p>\n<p class=\"p2\" style=\"text-align: justify;\"><b>10<\/b><b> <\/b>la justice, parce que je vais au P\u00e8re, et que vous ne me verrez plus;<\/p>\n<p class=\"p2\" style=\"text-align: justify;\"><b>11<\/b><b> <\/b>le jugement, parce que le prince de ce monde est jug\u00e9.<\/p>\n<p class=\"p2\" style=\"text-align: justify;\"><b>12<\/b><b> <\/b>J&rsquo;ai encore beaucoup de choses \u00e0 vous dire, mais vous ne pouvez pas les porter maintenant.<\/p>\n<p class=\"p2\" style=\"text-align: justify;\"><b>13<\/b><b> <\/b>Quand le consolateur sera venu, l&rsquo;Esprit de v\u00e9rit\u00e9, il vous conduira dans toute la v\u00e9rit\u00e9; car il ne parlera pas de lui-m\u00eame, mais il dira tout ce qu&rsquo;il aura entendu, et il vous annoncera les choses \u00e0 venir.<\/p>\n<p class=\"p2\" style=\"text-align: justify;\"><b>14<\/b><b> <\/b>Il me glorifiera, parce qu&rsquo;il prendra de ce qui est \u00e0 moi, et vous l&rsquo;annoncera.<\/p>\n<p class=\"p2\" style=\"text-align: justify;\"><b>15<\/b><b> <\/b>Tout ce que le P\u00e8re a est \u00e0 moi; c&rsquo;est pourquoi j&rsquo;ai dit qu&rsquo;il prend de ce qui est \u00e0 moi, et qu&rsquo;il vous l&rsquo;annoncera.<\/p>\n<p class=\"p2\" style=\"text-align: justify;\"><b>16<\/b><b> <\/b>Encore un peu de temps, et vous ne me verrez plus; et puis encore un peu de temps, et vous me verrez, parce que je vais au P\u00e8re.<\/p>\n<p class=\"p2\" style=\"text-align: justify;\"><b>17<\/b><b> <\/b>L\u00e0-dessus, quelques-uns de ses disciples dirent entre eux: Que signifie ce qu&rsquo;il nous dit: Encore un peu de temps, et vous ne me verrez plus; et puis encore un peu de temps, et vous me verrez? et: Parce que je vais au P\u00e8re?<\/p>\n<p class=\"p2\" style=\"text-align: justify;\"><b>18<\/b><b> <\/b>Ils disaient donc: Que signifie ce qu&rsquo;il dit: Encore un peu de temps? Nous ne savons de quoi il parle.<\/p>\n<p class=\"p2\" style=\"text-align: justify;\"><b>19<\/b><b> <\/b>J\u00e9sus, connut qu&rsquo;ils voulaient l&rsquo;interroger, leur dit: Vous vous questionnez les uns les autres sur ce que j&rsquo;ai dit: Encore un peu de temps, et vous ne me verrez plus; et puis encore un peu de temps, et vous me verrez.<\/p>\n<p class=\"p2\" style=\"text-align: justify;\"><b>20<\/b><b> <\/b>En v\u00e9rit\u00e9, en v\u00e9rit\u00e9, je vous le dis, vous pleurerez et vous vous lamenterez, et le monde se r\u00e9jouira: vous serez dans la tristesse, mais votre tristesse se changera en joie.<\/p>\n<p class=\"p2\" style=\"text-align: justify;\"><b>21<\/b><b> <\/b>La femme, lorsqu&rsquo;elle enfante, \u00e9prouve de la tristesse, parce que son heure est venue; mais, lorsqu&rsquo;elle a donn\u00e9 le jour \u00e0 l&rsquo;enfant, elle ne se souvient plus de la souffrance, \u00e0 cause de la joie qu&rsquo;elle a de ce qu&rsquo;un homme est n\u00e9 dans le monde.<\/p>\n<p class=\"p2\" style=\"text-align: justify;\"><b>22<\/b><b> <\/b>Vous donc aussi, vous \u00eates maintenant dans la tristesse; mais je vous reverrai, et votre coeur se r\u00e9jouira, et nul ne vous ravira votre joie.<\/p>\n<p class=\"p2\" style=\"text-align: justify;\"><b>23<\/b><b> <\/b>En ce jour-l\u00e0, vous ne m&rsquo;interrogerez plus sur rien. En v\u00e9rit\u00e9, en v\u00e9rit\u00e9, je vous le dis, ce que vous demanderez au P\u00e8re, il vous le donnera en mon nom.<\/p>\n<p class=\"p2\" style=\"text-align: justify;\"><b>24<\/b><b> <\/b>Jusqu&rsquo;\u00e0 pr\u00e9sent vous n&rsquo;avez rien demand\u00e9 en mon nom. Demandez, et vous recevrez, afin que votre joie soit parfaite.<\/p>\n<p class=\"p2\" style=\"text-align: justify;\"><b>25<\/b><b> <\/b>Je vous ai dit ces choses en paraboles. L&rsquo;heure vient o\u00f9 je ne vous parlerai plus en paraboles, mais o\u00f9 je vous parlerai ouvertement du P\u00e8re.<\/p>\n<p class=\"p2\" style=\"text-align: justify;\"><b>26<\/b><b> <\/b>En ce jour, vous demanderez en mon nom, et je ne vous dis pas que je prierai le P\u00e8re pour vous;<\/p>\n<p class=\"p2\" style=\"text-align: justify;\"><b>27<\/b><b> <\/b>car le P\u00e8re lui-m\u00eame vous aime, parce que vous m&rsquo;avez aim\u00e9, et que vous avez cru que je suis sorti de Dieu.<\/p>\n<p class=\"p2\" style=\"text-align: justify;\"><b>28<\/b><b> <\/b>Je suis sorti du P\u00e8re, et je suis venu dans le monde; maintenant je quitte le monde, et je vais au P\u00e8re.<\/p>\n<p class=\"p2\" style=\"text-align: justify;\"><b>29<\/b><b> <\/b>Ses disciples lui dirent: Voici, maintenant tu parles ouvertement, et tu n&#8217;emploies aucune parabole.<\/p>\n<p class=\"p2\" style=\"text-align: justify;\"><b>30<\/b><b> <\/b>Maintenant nous savons que tu sais toutes choses, et que tu n&rsquo;as pas besoin que personne t&rsquo;interroge; c&rsquo;est pourquoi nous croyons que tu es sorti de Dieu.<\/p>\n<p class=\"p2\" style=\"text-align: justify;\"><b>31<\/b><b> <\/b>J\u00e9sus leur r\u00e9pondit: Vous croyez maintenant.<\/p>\n<p class=\"p2\" style=\"text-align: justify;\"><b>32<\/b><b> <\/b>Voici, l&rsquo;heure vient, et elle est d\u00e9j\u00e0 venue, o\u00f9 vous serez dispers\u00e9s chacun de son c\u00f4t\u00e9, et o\u00f9 vous me laisserez seul; mais je ne suis pas seul, car le P\u00e8re est avec moi.<\/p>\n<p class=\"p2\" style=\"text-align: justify;\"><b>33<\/b><b> <\/b>Je vous ai dit ces choses, afin que vous ayez la paix en moi. Vous aurez des tribulations dans le monde; mais prenez courage, j&rsquo;ai vaincu le monde.<\/p>\n<p class=\"p2\" style=\"text-align: justify;\"><strong>COMMENTAIRE<\/strong><\/p>\n<p class=\"p1\" style=\"text-align: justify;\">J\u00e9sus s\u2019en allait\u2009! Les disciples \u00e9taient terrifi\u00e9s. Sa pr\u00e9sence leur apportait la paix, et Il a promis plus (Jean14\u00a0: 27). \u00catre avec Lui \u00e9tait leur premi\u00e8re priorit\u00e9 (Marc\u00a03\u00a0: 14), et le conna\u00eetre afin qu\u2019ils fassent\u00a0\u00a0les \u0153uvres de Dieu \u00e9tait aussi en t\u00eate de leur liste. (Jean\u00a06\u00a0: 28,29). Puis Il annonce\u00a0: \u00ab\u00a0et m\u00eame l\u2019heure vient o\u00f9 quiconque vous fera mourir croira rendre un culte \u00e0 Dieu.\u00a0\u00bb (Jean16:2). Il a aussi dit\u00a0: \u00ab\u00a0Maintenant je m\u2019en vais vers celui qui m\u2019a envoy\u00e9\u00a0\u00bb (Jean\u00a016\u00a0: 5a). Imaginez la frustration et la confusion des disciples\u2009! Il partira alors qu\u2019eux doivent rester et \u00eatre tu\u00e9s\u2009?<\/p>\n<p class=\"p1\" style=\"text-align: justify;\">Dans la phrase suivante, J\u00e9sus dit parle de son projet d\u2019envoyer\u00a0\u00a0un \u00ab\u00a0Avocat\u00a0\u00bb ou un \u00ab\u00a0Consolateur\u00a0\u00bb. Le travail grec, Parakletos, veut dire \u00ab\u00a0celui qui vient aux c\u00f4t\u00e9s de\u00a0\u00bb. Et c\u2019est sens\u00e9 \u00eatre pour le bien des disciples (16\u00a0: 7).\u00a0\u00a0Sont-ils encore convaincus\u2009? J\u00e9sus d\u00e9clare\u00a0: \u00ab\u00a0J\u2019ai encore beaucoup de choses \u00e0 vous dire, mais vous ne pouvez pas les porter maintenant. (16\u00a0: 12). Attends, J\u00e9sus ! Tu viens de dire que des gens allaient essayer de nous tuer au nom de Dieu et Tu ne restes pas avec nous\u2009? Qu\u2019est ce que les disciples ont pu ressentir \u00e0 ce moment l\u00e0\u2009?<\/p>\n<p class=\"p1\" style=\"text-align: justify;\">Ces moments nous arrivent aussi n\u2019est-ce pas\u2009? La frustration et la confusion concernant le plan de Dieu peuvent \u00eatre \u00e9puisantes. Comment faites-vous face \u00e0 cela\u2009? Votre foi faiblit-elle ou vous accrochez-vous \u00e0 J\u00e9sus plus fort qu\u2019avant\u2009? Si nous avons la foi dans les petits d\u00e9fis de la vie, Il nous pr\u00e9pare pour le plus grand proc\u00e8s qui arrive sur nous. Quel proc\u00e8s est devant vous en ce moment\u2009? \u00cates-vous accroch\u00e9s\u2009? Le Saint-Esprit\u00a0\u00a0est avec vous, si vous le demandez. Le P\u00e8re leur donnera, quel que soit ce qu\u2019ils d\u00e9sirent au nom de J\u00e9sus. J\u00e9sus dit\u00a0: \u00ab\u00a0Demandez et vous recevrez et votre joie sera parfaite. \u00bb (Jean 16\u00a0: 23b-24).<\/p>\n<p class=\"p1\" style=\"text-align: justify;\">J\u00e9sus pr\u00e9dit qu\u2019ils s\u2019\u00e9parpilleront, mais ajoute\u00a0: \u00ab\u00a0Je vous ai dit ces choses, afin que vous ayez la paix en moi. Vous aurez des tribulations dans le monde\u2009; mais prenez courage, j\u2019ai vaincu le monde.\u00a0\u00bb Vous avez un probl\u00e8me\u2009? Tenez ferme, recevez la paix, soyez oints par l\u2019Esprit et accrochez-vous \u00e0 J\u00e9sus, parce qu\u2019Il a vaincu ce monde\u2009!<\/p>\n<p class=\"p1\"><strong>Christopher Bullock, M.Div.<\/strong><br \/>\nPasteur \u00e0 Atlanta, G\u00e9orgie<br \/>\nDivision Nord-Am\u00e9ricaine.<\/p>\n<p class=\"p1\" style=\"text-align: right;\"><strong>Traduction<\/strong>\u00a0: Carole &amp; Charles SAINT-LOUIS<\/p>\n","protected":false},"excerpt":{"rendered":"<p>1 Je vous ai dit ces choses, afin qu&rsquo;elles ne soient pas pour vous une occasion de chute. 2 Ils vous excluront des synagogues; et m\u00eame l&rsquo;heure vient o\u00f9 quiconque vous fera mourir croira rendre un culte \u00e0 Dieu. 3 Et ils agiront ainsi, parce qu&rsquo;ils n&rsquo;ont connu ni le P\u00e8re ni moi.<\/p>\n","protected":false},"author":1,"featured_media":0,"comment_status":"open","ping_status":"open","sticky":false,"template":"","format":"audio","meta":{"_exactmetrics_skip_tracking":false,"_exactmetrics_sitenote_active":false,"_exactmetrics_sitenote_note":"","_exactmetrics_sitenote_category":0,"footnotes":""},"categories":[16],"tags":[],"_links":{"self":[{"href":"http:\/\/reveiletreforme.adventiste.re\/index.php?rest_route=\/wp\/v2\/posts\/3296"}],"collection":[{"href":"http:\/\/reveiletreforme.adventiste.re\/index.php?rest_route=\/wp\/v2\/posts"}],"about":[{"href":"http:\/\/reveiletreforme.adventiste.re\/index.php?rest_route=\/wp\/v2\/types\/post"}],"author":[{"embeddable":true,"href":"http:\/\/reveiletreforme.adventiste.re\/index.php?rest_route=\/wp\/v2\/users\/1"}],"replies":[{"embeddable":true,"href":"http:\/\/reveiletreforme.adventiste.re\/index.php?rest_route=%2Fwp%2Fv2%2Fcomments&post=3296"}],"version-history":[{"count":1,"href":"http:\/\/reveiletreforme.adventiste.re\/index.php?rest_route=\/wp\/v2\/posts\/3296\/revisions"}],"predecessor-version":[{"id":3298,"href":"http:\/\/reveiletreforme.adventiste.re\/index.php?rest_route=\/wp\/v2\/posts\/3296\/revisions\/3298"}],"wp:attachment":[{"href":"http:\/\/reveiletreforme.adventiste.re\/index.php?rest_route=%2Fwp%2Fv2%2Fmedia&parent=3296"}],"wp:term":[{"taxonomy":"category","embeddable":true,"href":"http:\/\/reveiletreforme.adventiste.re\/index.php?rest_route=%2Fwp%2Fv2%2Fcategories&post=3296"},{"taxonomy":"post_tag","embeddable":true,"href":"http:\/\/reveiletreforme.adventiste.re\/index.php?rest_route=%2Fwp%2Fv2%2Ftags&post=3296"}],"curies":[{"name":"wp","href":"https:\/\/api.w.org\/{rel}","templated":true}]}}