{"id":3299,"date":"2018-04-19T00:47:53","date_gmt":"2018-04-18T20:47:53","guid":{"rendered":"http:\/\/reveiletreforme.adventiste.re\/?p=3299"},"modified":"2018-03-25T16:25:35","modified_gmt":"2018-03-25T12:25:35","slug":"jean-17","status":"publish","type":"post","link":"http:\/\/reveiletreforme.adventiste.re\/?p=3299","title":{"rendered":"Jean 17"},"content":{"rendered":"<p class=\"p2\" style=\"text-align: justify;\"><b>1<\/b><b> <\/b>Apr\u00e8s avoir ainsi parl\u00e9, J\u00e9sus leva les yeux au ciel, et dit: P\u00e8re, l&rsquo;heure est venue! Glorifie ton Fils, afin que ton Fils te glorifie,<\/p>\n<p class=\"p2\" style=\"text-align: justify;\"><b>2<\/b><b> <\/b>selon que tu lui as donn\u00e9 pouvoir sur toute chair, afin qu&rsquo;il accorde la vie \u00e9ternelle \u00e0 tous ceux que tu lui as donn\u00e9s.<\/p>\n<p class=\"p2\" style=\"text-align: justify;\"><b>3<\/b><b> <\/b>Or, la vie \u00e9ternelle, c&rsquo;est qu&rsquo;ils te connaissent, toi, le seul vrai Dieu, et celui que tu as envoy\u00e9, J\u00e9sus-Christ.<!--more--><\/p>\n<p class=\"p2\" style=\"text-align: justify;\"><b>4<\/b><b> <\/b>Je t&rsquo;ai glorifi\u00e9 sur la terre, j&rsquo;ai achev\u00e9 l&rsquo;oeuvre que tu m&rsquo;as donn\u00e9e \u00e0 faire.<\/p>\n<p class=\"p2\" style=\"text-align: justify;\"><b>5<\/b><b> <\/b>Et maintenant toi, P\u00e8re, glorifie-moi aupr\u00e8s de toi-m\u00eame de la gloire que j&rsquo;avais aupr\u00e8s de toi avant que le monde f\u00fbt.<\/p>\n<p class=\"p2\" style=\"text-align: justify;\"><b>6<\/b><b> <\/b>J&rsquo;ai fait conna\u00eetre ton nom aux hommes que tu m&rsquo;as donn\u00e9s du milieu du monde. Ils \u00e9taient \u00e0 toi, et tu me les as donn\u00e9s; et ils ont gard\u00e9 ta parole.<\/p>\n<p class=\"p2\" style=\"text-align: justify;\"><b>7<\/b><b> <\/b>Maintenant ils ont connu que tout ce que tu m&rsquo;as donn\u00e9 vient de toi.<\/p>\n<p class=\"p2\" style=\"text-align: justify;\"><b>8<\/b><b> <\/b>Car je leur ai donn\u00e9 les paroles que tu m&rsquo;as donn\u00e9es; et ils les ont re\u00e7ues, et ils ont vraiment connu que je suis sorti de toi, et ils ont cru que tu m&rsquo;as envoy\u00e9.<\/p>\n<p class=\"p2\" style=\"text-align: justify;\"><b>9<\/b><b> <\/b>C&rsquo;est pour eux que je prie. Je ne prie pas pour le monde, mais pour ceux que tu m&rsquo;as donn\u00e9s, parce qu&rsquo;ils sont \u00e0 toi; &#8211;<\/p>\n<p class=\"p2\" style=\"text-align: justify;\"><b>10<\/b><b> <\/b>et tout ce qui est \u00e0 moi est \u00e0 toi, et ce qui est \u00e0 toi est \u00e0 moi; -et je suis glorifi\u00e9 en eux.<\/p>\n<p class=\"p2\" style=\"text-align: justify;\"><b>11<\/b><b> <\/b>Je ne suis plus dans le monde, et ils sont dans le monde, et je vais \u00e0 toi. P\u00e8re saint, garde en ton nom ceux que tu m&rsquo;as donn\u00e9s, afin qu&rsquo;ils soient un comme nous.<\/p>\n<p class=\"p2\" style=\"text-align: justify;\"><b>12<\/b><b> <\/b>Lorsque j&rsquo;\u00e9tais avec eux dans le monde, je les gardais en ton nom. J&rsquo;ai gard\u00e9 ceux que tu m&rsquo;as donn\u00e9s, et aucun d&rsquo;eux ne s&rsquo;est perdu, sinon le fils de perdition, afin que l&rsquo;Ecriture f\u00fbt accomplie.<\/p>\n<p class=\"p2\" style=\"text-align: justify;\"><b>13<\/b><b> <\/b>Et maintenant je vais \u00e0 toi, et je dis ces choses dans le monde, afin qu&rsquo;ils aient en eux ma joie parfaite.<\/p>\n<p class=\"p2\" style=\"text-align: justify;\"><b>14<\/b><b> <\/b>Je leur ai donn\u00e9 ta parole; et le monde les a ha\u00efs, parce qu&rsquo;ils ne sont pas du monde, comme moi je ne suis pas du monde.<\/p>\n<p class=\"p2\" style=\"text-align: justify;\"><b>15<\/b><b> <\/b>Je ne te prie pas de les \u00f4ter du monde, mais de les pr\u00e9server du mal.<\/p>\n<p class=\"p2\" style=\"text-align: justify;\"><b>16<\/b><b> <\/b>Ils ne sont pas du monde, comme moi je ne suis pas du monde.<\/p>\n<p class=\"p2\" style=\"text-align: justify;\"><b>17<\/b><b> <\/b>Sanctifie-les par ta v\u00e9rit\u00e9: ta parole est la v\u00e9rit\u00e9.<\/p>\n<p class=\"p2\" style=\"text-align: justify;\"><b>18<\/b><b> <\/b>Comme tu m&rsquo;as envoy\u00e9 dans le monde, je les ai aussi envoy\u00e9s dans le monde.<\/p>\n<p class=\"p2\" style=\"text-align: justify;\"><b>19<\/b><b> <\/b>Et je me sanctifie moi-m\u00eame pour eux, afin qu&rsquo;eux aussi soient sanctifi\u00e9s par la v\u00e9rit\u00e9.<\/p>\n<p class=\"p2\" style=\"text-align: justify;\"><b>20<\/b><b> <\/b>Ce n&rsquo;est pas pour eux seulement que je prie, mais encore pour ceux qui croiront en moi par leur parole,<\/p>\n<p class=\"p2\" style=\"text-align: justify;\"><b>21<\/b><b> <\/b>afin que tous soient un, comme toi, P\u00e8re, tu es en moi, et comme je suis en toi, afin qu&rsquo;eux aussi soient un en nous, pour que le monde croie que tu m&rsquo;as envoy\u00e9.<\/p>\n<p class=\"p2\" style=\"text-align: justify;\"><b>22<\/b><b> <\/b>Je leur ai donn\u00e9 la gloire que tu m&rsquo;as donn\u00e9e, afin qu&rsquo;ils soient un comme nous sommes un, &#8211;<\/p>\n<p class=\"p2\" style=\"text-align: justify;\"><b>23<\/b><b> <\/b>moi en eux, et toi en moi, -afin qu&rsquo;ils soient parfaitement un, et que le monde connaisse que tu m&rsquo;as envoy\u00e9 et que tu les as aim\u00e9s comme tu m&rsquo;as aim\u00e9.<\/p>\n<p class=\"p2\" style=\"text-align: justify;\"><b>24<\/b><b> <\/b>P\u00e8re, je veux que l\u00e0 o\u00f9 je suis ceux que tu m&rsquo;as donn\u00e9s soient aussi avec moi, afin qu&rsquo;ils voient ma gloire, la gloire que tu m&rsquo;as donn\u00e9e, parce que tu m&rsquo;as aim\u00e9 avant la fondation du monde.<\/p>\n<p class=\"p2\" style=\"text-align: justify;\"><b>25<\/b><b> <\/b>P\u00e8re juste, le monde ne t&rsquo;a point connu; mais moi je t&rsquo;ai connu, et ceux-ci ont connu que tu m&rsquo;as envoy\u00e9.<\/p>\n<p class=\"p2\" style=\"text-align: justify;\"><b>26<\/b><b> <\/b>Je leur ai fait conna\u00eetre ton nom, et je le leur ferai conna\u00eetre, afin que l&rsquo;amour dont tu m&rsquo;as aim\u00e9 soit en eux, et que je sois en eux.<\/p>\n<p class=\"p2\" style=\"text-align: justify;\"><strong>COMMENTAIRE<\/strong><\/p>\n<p class=\"p1\" style=\"text-align: justify;\">N\u2019est-il pas r\u00e9confortant de savoir que J\u00e9sus a pri\u00e9 pour nous\u2009? Si vous croyez en J\u00e9sus, Il a persist\u00e9 r\u00e9ellement dans la pri\u00e8re pour vous\u2009! Son c\u0153ur a c\u00e9d\u00e9 pour vous. Dans la plus longue pri\u00e8re archiv\u00e9e de J\u00e9sus, il a interc\u00e9d\u00e9 pour vous afin d\u2019avoir la m\u00eame unit\u00e9 que lui-m\u00eame et son P\u00e8re partageaient avec ces croyants. Je suis tellement content que J\u00e9sus ait pri\u00e9 pour moi afin que je puisse exp\u00e9rimenter la foi des disciples de J\u00e9sus, pour ainsi montrer au monde pourquoi Dieu a envoy\u00e9 J\u00e9sus sur la terre et pour montrer qu\u2019il nous aime\u2009! (Jean\u00a017.22,23).<\/p>\n<p class=\"p1\" style=\"text-align: justify;\">La pri\u00e8re peut facilement \u00eatre divis\u00e9e en trois parties\u00a0: J\u00e9sus prie pour lui-m\u00eame, puis pour les disciples et enfin pour tous les futurs croyants. Cependant, les principaux th\u00e8mes sont la gloire de Dieu, son unit\u00e9 et son harmonie, la connaissance et l\u2019exp\u00e9rience du salut, la souverainet\u00e9 de Dieu, sa mission et son amour. Lorsque nous prions, prions sur ces th\u00e8mes, comme J\u00e9sus l\u2019a fait\u2009? Ils \u00e9taient assez importants pour que J\u00e9sus prie aussi longtemps l\u00e0-dessus. Que se passerait-il si nos pri\u00e8res se concentraient sur ces th\u00e8mes pr\u00e9cieux de la pri\u00e8re de notre Sauveur\u2009?<\/p>\n<p class=\"p1\" style=\"text-align: justify;\">J\u2019ai souvent pens\u00e9 et dit \u00ab\u00a0Je veux \u00eatre la r\u00e9ponse \u00e0 la pri\u00e8re de J\u00e9sus\u2009!\u00a0\u00bb Ne voudriez-vous pas aussi \u00eatre la r\u00e9ponse \u00e0 sa pri\u00e8re, de savoir qu\u2019il n\u2019a pas pri\u00e9 en vain\u2009? Satisfaire les d\u00e9sirs du c\u0153ur de J\u00e9sus\u2009! Et si nous avions cette unit\u00e9 dans nos \u00e9glises, ce pour quoi il a pri\u00e9, pas seulement par conformit\u00e9\u2009! Pas d\u2019esprits qui divisent parmi nous\u2009!<\/p>\n<p class=\"p1\" style=\"text-align: justify;\">Elle White dit\u00a0: \u00ab\u00a0Christ pria pour que ses disciples soient un comme lui et son P\u00e8re \u00e9taient un. Ceux qui d\u00e9sirent voir cette pri\u00e8re exauc\u00e9e devraient chercher \u00e0 d\u00e9courager la plus infime tendance \u00e0 la division, et essayer de garder l\u2019esprit d\u2019unit\u00e9 et d\u2019amour parmi les fr\u00e8res\u00a0\u00bb. (EV\u00a0212, 213; Review and Herald, May\u00a029, 1888).<\/p>\n<p class=\"p1\" style=\"text-align: justify;\">Gardons l\u2019\u00c9vangile \u00ab\u00a0comme de premi\u00e8re importance\u00a0\u00bb (1Cor. 15.1-4) et unissons-nous pour accomplir la t\u00e2che qui est de montrer au monde que J2sus est venu pour sauver les p\u00e9cheurs\u2009! Ne perdons pas de temps. Les gens attendent de conna\u00eetre J\u00e9sus, et d\u2019autres doivent leur dire et leur d\u00e9montrer. (Romains 10.13-15).<\/p>\n<p class=\"p1\"><strong>Christopher Bullock, M.Div.<\/strong><br \/>\nPasteur \u00e0 Atlanta, G\u00e9orgie<br \/>\nDivision Nord-Am\u00e9ricaine.<\/p>\n<p class=\"p1\" style=\"text-align: right;\"><strong>Traduction<\/strong> : S\u00e9phora PANON<\/p>\n","protected":false},"excerpt":{"rendered":"<p>1 Apr\u00e8s avoir ainsi parl\u00e9, J\u00e9sus leva les yeux au ciel, et dit: P\u00e8re, l&rsquo;heure est venue! Glorifie ton Fils, afin que ton Fils te glorifie, 2 selon que tu lui as donn\u00e9 pouvoir sur toute chair, afin qu&rsquo;il accorde la vie \u00e9ternelle \u00e0 tous ceux que tu lui as donn\u00e9s. 3 Or, la vie [&hellip;]<\/p>\n","protected":false},"author":1,"featured_media":0,"comment_status":"open","ping_status":"open","sticky":false,"template":"","format":"audio","meta":{"_exactmetrics_skip_tracking":false,"_exactmetrics_sitenote_active":false,"_exactmetrics_sitenote_note":"","_exactmetrics_sitenote_category":0,"footnotes":""},"categories":[16],"tags":[],"_links":{"self":[{"href":"http:\/\/reveiletreforme.adventiste.re\/index.php?rest_route=\/wp\/v2\/posts\/3299"}],"collection":[{"href":"http:\/\/reveiletreforme.adventiste.re\/index.php?rest_route=\/wp\/v2\/posts"}],"about":[{"href":"http:\/\/reveiletreforme.adventiste.re\/index.php?rest_route=\/wp\/v2\/types\/post"}],"author":[{"embeddable":true,"href":"http:\/\/reveiletreforme.adventiste.re\/index.php?rest_route=\/wp\/v2\/users\/1"}],"replies":[{"embeddable":true,"href":"http:\/\/reveiletreforme.adventiste.re\/index.php?rest_route=%2Fwp%2Fv2%2Fcomments&post=3299"}],"version-history":[{"count":1,"href":"http:\/\/reveiletreforme.adventiste.re\/index.php?rest_route=\/wp\/v2\/posts\/3299\/revisions"}],"predecessor-version":[{"id":3300,"href":"http:\/\/reveiletreforme.adventiste.re\/index.php?rest_route=\/wp\/v2\/posts\/3299\/revisions\/3300"}],"wp:attachment":[{"href":"http:\/\/reveiletreforme.adventiste.re\/index.php?rest_route=%2Fwp%2Fv2%2Fmedia&parent=3299"}],"wp:term":[{"taxonomy":"category","embeddable":true,"href":"http:\/\/reveiletreforme.adventiste.re\/index.php?rest_route=%2Fwp%2Fv2%2Fcategories&post=3299"},{"taxonomy":"post_tag","embeddable":true,"href":"http:\/\/reveiletreforme.adventiste.re\/index.php?rest_route=%2Fwp%2Fv2%2Ftags&post=3299"}],"curies":[{"name":"wp","href":"https:\/\/api.w.org\/{rel}","templated":true}]}}