{"id":3303,"date":"2018-04-22T00:28:24","date_gmt":"2018-04-21T20:28:24","guid":{"rendered":"http:\/\/reveiletreforme.adventiste.re\/?p=3303"},"modified":"2018-03-25T16:26:25","modified_gmt":"2018-03-25T12:26:25","slug":"jean-20","status":"publish","type":"post","link":"http:\/\/reveiletreforme.adventiste.re\/?p=3303","title":{"rendered":"Jean 20"},"content":{"rendered":"<p class=\"p2\" style=\"text-align: justify;\"><b>1<\/b><b> <\/b>Le premier jour de la semaine, Marie de Magdala se rendit au s\u00e9pulcre d\u00e8s le matin, comme il faisait encore obscur; et elle vit que la pierre \u00e9tait \u00f4t\u00e9e du s\u00e9pulcre.<\/p>\n<p class=\"p2\" style=\"text-align: justify;\"><b>2<\/b><b> <\/b>Elle courut vers Simon Pierre et vers l&rsquo;autre disciple que J\u00e9sus aimait, et leur dit: Ils ont enlev\u00e9 du s\u00e9pulcre le Seigneur, et nous ne savons o\u00f9 ils l&rsquo;ont mis.<\/p>\n<p class=\"p2\" style=\"text-align: justify;\"><b>3<\/b><b> <\/b>Pierre et l&rsquo;autre disciple sortirent, et all\u00e8rent au s\u00e9pulcre.<!--more--><\/p>\n<p class=\"p2\" style=\"text-align: justify;\"><b>4<\/b><b> <\/b>Ils couraient tous deux ensemble. Mais l&rsquo;autre disciple courut plus vite que Pierre, et arriva le premier au s\u00e9pulcre;<\/p>\n<p class=\"p2\" style=\"text-align: justify;\"><b>5<\/b><b> <\/b>s&rsquo;\u00e9tant baiss\u00e9, il vit les bandes qui \u00e9taient \u00e0 terre, cependant il n&rsquo;entra pas.<\/p>\n<p class=\"p2\" style=\"text-align: justify;\"><b>6<\/b><b> <\/b>Simon Pierre, qui le suivait, arriva et entra dans le s\u00e9pulcre; il vit les bandes qui \u00e9taient \u00e0 terre,<\/p>\n<p class=\"p2\" style=\"text-align: justify;\"><b>7<\/b><b> <\/b>et le linge qu&rsquo;on avait mis sur la t\u00eate de J\u00e9sus, non pas avec les bandes, mais pli\u00e9 dans un lieu \u00e0 part.<\/p>\n<p class=\"p2\" style=\"text-align: justify;\"><b>8<\/b><b> <\/b>Alors l&rsquo;autre disciple, qui \u00e9tait arriv\u00e9 le premier au s\u00e9pulcre, entra aussi; et il vit, et il crut.<\/p>\n<p class=\"p2\" style=\"text-align: justify;\"><b>9<\/b><b> <\/b>Car ils ne comprenaient pas encore que, selon l&rsquo;Ecriture, J\u00e9sus devait ressusciter des morts.<\/p>\n<p class=\"p2\" style=\"text-align: justify;\"><b>10<\/b><b> <\/b>Et les disciples s&rsquo;en retourn\u00e8rent chez eux.<\/p>\n<p class=\"p2\" style=\"text-align: justify;\"><b>11<\/b><b> <\/b>Cependant Marie se tenait dehors pr\u00e8s du s\u00e9pulcre, et pleurait. Comme elle pleurait, elle se baissa pour regarder dans le s\u00e9pulcre;<\/p>\n<p class=\"p2\" style=\"text-align: justify;\"><b>12<\/b><b> <\/b>et elle vit deux anges v\u00eatus de blanc, assis \u00e0 la place o\u00f9 avait \u00e9t\u00e9 couch\u00e9 le corps de J\u00e9sus, l&rsquo;un \u00e0 la t\u00eate, l&rsquo;autre aux pieds.<\/p>\n<p class=\"p2\" style=\"text-align: justify;\"><b>13<\/b><b> <\/b>Ils lui dirent: Femme, pourquoi pleures-tu? Elle leur r\u00e9pondit: Parce qu&rsquo;ils ont enlev\u00e9 mon Seigneur, et je ne sais o\u00f9 ils l&rsquo;ont mis.<\/p>\n<p class=\"p2\" style=\"text-align: justify;\"><b>14<\/b><b> <\/b>En disant cela, elle se retourna, et elle vit J\u00e9sus debout; mais elle ne savait pas que c&rsquo;\u00e9tait J\u00e9sus.<\/p>\n<p class=\"p2\" style=\"text-align: justify;\"><b>15<\/b><b> <\/b>J\u00e9sus lui dit: Femme, pourquoi pleures-tu? Qui cherches-tu? Elle, pensant que c&rsquo;\u00e9tait le jardinier, lui dit: Seigneur, si c&rsquo;est toi qui l&rsquo;as emport\u00e9, dis-moi o\u00f9 tu l&rsquo;as mis, et je le prendrai.<\/p>\n<p class=\"p2\" style=\"text-align: justify;\"><b>16<\/b><b> <\/b>J\u00e9sus lui dit: Marie! Elle se retourna, et lui dit en h\u00e9breu: Rabbouni! c&rsquo;est-\u00e0-dire, Ma\u00eetre!<\/p>\n<p class=\"p2\" style=\"text-align: justify;\"><b>17<\/b><b> <\/b>J\u00e9sus lui dit: Ne me touche pas; car je ne suis pas encore mont\u00e9 vers mon P\u00e8re. Mais va trouver mes fr\u00e8res, et dis-leur que je monte vers mon P\u00e8re et votre P\u00e8re, vers mon Dieu et votre Dieu.<\/p>\n<p class=\"p2\" style=\"text-align: justify;\"><b>18<\/b><b> <\/b>Marie de Magdala alla annoncer aux disciples qu&rsquo;elle avait vu le Seigneur, et qu&rsquo;il lui avait dit ces choses.<\/p>\n<p class=\"p2\" style=\"text-align: justify;\"><b>19<\/b><b> <\/b>Le soir de ce jour, qui \u00e9tait le premier de la semaine, les portes du lieu o\u00f9 se trouvaient les disciples \u00e9tant ferm\u00e9es, \u00e0 cause de la crainte qu&rsquo;ils avaient des Juifs, J\u00e9sus vint, se pr\u00e9senta au milieu d&rsquo;eux, et leur dit: La paix soit avec vous!<\/p>\n<p class=\"p2\" style=\"text-align: justify;\"><b>20<\/b><b> <\/b>Et quand il eut dit cela, il leur montra ses mains et son c\u00f4t\u00e9. Les disciples furent dans la joie en voyant le Seigneur.<\/p>\n<p class=\"p2\" style=\"text-align: justify;\"><b>21<\/b><b> <\/b>J\u00e9sus leur dit de nouveau: La paix soit avec vous! Comme le P\u00e8re m&rsquo;a envoy\u00e9, moi aussi je vous envoie.<\/p>\n<p class=\"p2\" style=\"text-align: justify;\"><b>22<\/b><b> <\/b>Apr\u00e8s ces paroles, il souffla sur eux, et leur dit: Recevez le Saint-Esprit.<\/p>\n<p class=\"p2\" style=\"text-align: justify;\"><b>23<\/b><b> <\/b>Ceux \u00e0 qui vous pardonnerez les p\u00e9ch\u00e9s, ils leur seront pardonn\u00e9s; et ceux \u00e0 qui vous les retiendrez, ils leur seront retenus.<\/p>\n<p class=\"p2\" style=\"text-align: justify;\"><b>24<\/b><b> <\/b>Thomas, appel\u00e9 Didyme, l&rsquo;un des douze, n&rsquo;\u00e9tait pas avec eux lorsque J\u00e9sus vint.<\/p>\n<p class=\"p2\" style=\"text-align: justify;\"><b>25<\/b><b> <\/b>Les autres disciples lui dirent donc: Nous avons vu le Seigneur. Mais il leur dit: Si je ne vois dans ses mains la marque des clous, et si je ne mets mon doigt dans la marque des clous, et si je ne mets ma main dans son c\u00f4t\u00e9, je ne croirai point.<\/p>\n<p class=\"p2\" style=\"text-align: justify;\"><b>26<\/b><b> <\/b>Huit jours apr\u00e8s, les disciples de J\u00e9sus \u00e9taient de nouveau dans la maison, et Thomas se trouvait avec eux. J\u00e9sus vint, les portes \u00e9tant ferm\u00e9es, se pr\u00e9senta au milieu d&rsquo;eux, et dit: La paix soit avec vous!<\/p>\n<p class=\"p2\" style=\"text-align: justify;\"><b>27<\/b><b> <\/b>Puis il dit \u00e0 Thomas: Avance ici ton doigt, et regarde mes mains; avance aussi ta main, et mets-la dans mon c\u00f4t\u00e9; et ne sois pas incr\u00e9dule, mais crois.<\/p>\n<p class=\"p2\" style=\"text-align: justify;\"><b>28<\/b><b> <\/b>Thomas lui r\u00e9pondit: Mon Seigneur et mon Dieu!<\/p>\n<p class=\"p2\" style=\"text-align: justify;\"><b>29<\/b><b> <\/b>J\u00e9sus lui dit: Parce que tu m&rsquo;as vu, tu as cru. Heureux ceux qui n&rsquo;ont pas vu, et qui ont cru!<\/p>\n<p class=\"p2\" style=\"text-align: justify;\"><b>30<\/b><b> <\/b>J\u00e9sus a fait encore, en pr\u00e9sence de ses disciples, beaucoup d&rsquo;autres miracles, qui ne sont pas \u00e9crits dans ce livre.<\/p>\n<p class=\"p2\" style=\"text-align: justify;\"><b>31<\/b><b> <\/b>Mais ces choses ont \u00e9t\u00e9 \u00e9crites afin que vous croyiez que J\u00e9sus est le Christ, le Fils de Dieu, et qu&rsquo;en croyant vous ayez la vie en son nom.<\/p>\n<p class=\"p2\" style=\"text-align: justify;\"><strong>COMMENTAIRE<\/strong><\/p>\n<p class=\"p1\" style=\"text-align: justify;\">Ce chapitre r\u00e9v\u00e8le les amis de J\u00e9sus voyants et croyants. Jean \u00ab\u00a0a vu et a cru\u00a0\u00bb juste en examinant le tombeau vide (v. 8). Marie \u00ab\u00a0a vu J\u00e9sus\u00a0\u00bb (v.14) et avec son c\u0153ur elle s\u2019est accroch\u00e9e \u00e0 Lui, mais n\u2019\u00e9tait pas autoris\u00e9e \u00e0 le toucher (v.17). Alors elle a rapport\u00e9 aux disciples, \u00ab\u00a0j\u2019ai vu le Seigneur\u00a0!\u00a0\u00bb (V.18). Lorsque J\u00e9sus a apparu aux disciples avec la salutation de paix, \u00ab\u00a0Il leur a montr\u00e9 Ses mains et son c\u00f4t\u00e9\u00a0\u00bb (v.20), comme la preuve qu\u2019Il n\u2019\u00e9tait pas un fant\u00f4me ou une imagination, mais une PERSONNE r\u00e9elle. Ils \u00e9taient \u00ab\u00a0dans la joie quand ils ont vu le Seigneur\u00a0\u00bb (v.20). De nouveau, comme une affirmation de paix et le rappel de la mission, Il a dit, \u00ab\u00a0Comme le P\u00e8re m\u2019a envoy\u00e9, donc je vous envoie\u00a0\u00bb (v.21). Puis, Il a souffl\u00e9 sur eux l\u2019Esprit-Saint. Thomas n\u2019\u00e9tait pas l\u00e0, ils lui ont donc dit, \u00ab\u00a0Nous avons vu le Seigneur\u00a0!\u00a0\u00bb Mais il a dit, \u00ab\u00a0Si je ne vois dans ses mains la marque des clous, et si je ne mets mon doigt dans la marque des clous, et si je ne mets ma main dans son c\u00f4t\u00e9, je ne croirai point\u00a0\u00bb (v.25).<\/p>\n<p class=\"p1\" style=\"text-align: justify;\">Une semaine plus tard, lors d\u2019une autre r\u00e9union de pri\u00e8re, J\u00e9sus se montre de nouveau avec la m\u00eame affirmation consolante \u00ab\u00a0La paix soit avec vous\u00a0!\u00a0\u00bb (V.26). Il \u00e9tait maintenant dans la maison avec eux et \u00ab\u00a0\u00e9tait debout parmi eux\u00a0\u00bb (v.27) &#8211; directement au centre de leur r\u00e9union. N\u2019est-ce pas magnifique que J\u00e9sus entre dans les places centrales o\u00f9 nous nous r\u00e9unissons en Son nom\u00a0? Cette fois Il appara\u00eet dans l\u2019int\u00e9r\u00eat Thomas et dit, \u00ab\u00a0Avance ici ton doigt, et regarde mes mains\u00a0; avance aussi ta main, et mets-la dans mon c\u00f4t\u00e9\u00a0; et ne sois pas incr\u00e9dule, mais crois\u00a0\u00bb (v.27). Thomas a une r\u00e9ponse \u00e9tonnante, \u00ab\u00a0Mon Seigneur et mon Dieu\u00a0!\u00a0\u00bb (V.28). Deux fois il a dit \u00ab\u00a0Mon\u00a0\u00bb indication d\u2019une foi vivante et s\u00e9rieuse. Rappelez-vous son courage, il \u00e9tait l\u2019un des disciples pr\u00eat \u00e0 mourir avec J\u00e9sus lorsqu\u2019il \u00e9tait en Jud\u00e9e (Jean 11:16). En disant \u00ab\u00a0Mon Seigneur et Mon Dieu,\u00a0\u00bb Thomas donne le titre le plus \u00e9lev\u00e9 qui peut venir des l\u00e8vres humaines. Depuis, ceci a \u00e9t\u00e9 l\u2019affirmation Christologique centrale de l\u2019\u00e9glise vivante. Le Seigneur ressuscit\u00e9 est Dieu\u00a0! Le Fils est honor\u00e9 tout comme le P\u00e8re (Jean 5:23).<\/p>\n<p class=\"p1\" style=\"text-align: justify;\">Mais la foi ne repose pas finalement sur la vue, ni sur l\u2019odeur ou le contact, mais sur le mot et l\u2019appel du Seigneur ressuscit\u00e9. Comme Jean qui est all\u00e9 au tombeau et a cru avant qu\u2019il n\u2019ait vu le Seigneur, donc nous pouvons croire et avoir confiance dans le t\u00e9moignage de ceux qui ont vu et ont cru et sont b\u00e9nis (v.29). Jean partage courageusement son t\u00e9moignage en \u00e9crivant son \u00c9vangile, \u00ab\u00a0afin que vous croyiez que J\u00e9sus est le Christ, le Fils de Dieu, et qu\u2019en croyant vous ayez la vie \u00e9ternelle en son nom\u00a0\u00bb.<\/p>\n<p class=\"p1\" style=\"text-align: justify;\">Croyez-vous vraiment sans voir\u00a0? \u00ab\u00a0Nous vivons par la foi, pas par la vue\u00a0!\u00a0\u00bb (2 Cor. 5:7).<\/p>\n<p class=\"p1\"><strong>Christopher Bullock,\u00a0<\/strong><br \/>\nPasteur \u00e0 Atlanta\u00a0en\u00a0G\u00e9orgie<br \/>\nDivision Nord-Am\u00e9ricaine<\/p>\n<p class=\"p1\" style=\"text-align: right;\"><strong>Traduction<\/strong> : David REN\u00c9<\/p>\n","protected":false},"excerpt":{"rendered":"<p>1 Le premier jour de la semaine, Marie de Magdala se rendit au s\u00e9pulcre d\u00e8s le matin, comme il faisait encore obscur; et elle vit que la pierre \u00e9tait \u00f4t\u00e9e du s\u00e9pulcre. 2 Elle courut vers Simon Pierre et vers l&rsquo;autre disciple que J\u00e9sus aimait, et leur dit: Ils ont enlev\u00e9 du s\u00e9pulcre le Seigneur, [&hellip;]<\/p>\n","protected":false},"author":1,"featured_media":0,"comment_status":"open","ping_status":"open","sticky":false,"template":"","format":"audio","meta":{"_exactmetrics_skip_tracking":false,"_exactmetrics_sitenote_active":false,"_exactmetrics_sitenote_note":"","_exactmetrics_sitenote_category":0,"footnotes":""},"categories":[16],"tags":[],"_links":{"self":[{"href":"http:\/\/reveiletreforme.adventiste.re\/index.php?rest_route=\/wp\/v2\/posts\/3303"}],"collection":[{"href":"http:\/\/reveiletreforme.adventiste.re\/index.php?rest_route=\/wp\/v2\/posts"}],"about":[{"href":"http:\/\/reveiletreforme.adventiste.re\/index.php?rest_route=\/wp\/v2\/types\/post"}],"author":[{"embeddable":true,"href":"http:\/\/reveiletreforme.adventiste.re\/index.php?rest_route=\/wp\/v2\/users\/1"}],"replies":[{"embeddable":true,"href":"http:\/\/reveiletreforme.adventiste.re\/index.php?rest_route=%2Fwp%2Fv2%2Fcomments&post=3303"}],"version-history":[{"count":1,"href":"http:\/\/reveiletreforme.adventiste.re\/index.php?rest_route=\/wp\/v2\/posts\/3303\/revisions"}],"predecessor-version":[{"id":3304,"href":"http:\/\/reveiletreforme.adventiste.re\/index.php?rest_route=\/wp\/v2\/posts\/3303\/revisions\/3304"}],"wp:attachment":[{"href":"http:\/\/reveiletreforme.adventiste.re\/index.php?rest_route=%2Fwp%2Fv2%2Fmedia&parent=3303"}],"wp:term":[{"taxonomy":"category","embeddable":true,"href":"http:\/\/reveiletreforme.adventiste.re\/index.php?rest_route=%2Fwp%2Fv2%2Fcategories&post=3303"},{"taxonomy":"post_tag","embeddable":true,"href":"http:\/\/reveiletreforme.adventiste.re\/index.php?rest_route=%2Fwp%2Fv2%2Ftags&post=3303"}],"curies":[{"name":"wp","href":"https:\/\/api.w.org\/{rel}","templated":true}]}}