{"id":3307,"date":"2018-04-24T00:18:12","date_gmt":"2018-04-23T20:18:12","guid":{"rendered":"http:\/\/reveiletreforme.adventiste.re\/?p=3307"},"modified":"2018-04-22T12:12:39","modified_gmt":"2018-04-22T08:12:39","slug":"actes-1","status":"publish","type":"post","link":"http:\/\/reveiletreforme.adventiste.re\/?p=3307","title":{"rendered":"Actes 1"},"content":{"rendered":"<!--[if lt IE 9]><script>document.createElement('audio');<\/script><![endif]-->\n<audio class=\"wp-audio-shortcode\" id=\"audio-3307-1\" preload=\"none\" style=\"width: 100%;\" controls=\"controls\"><source type=\"audio\/mpeg\" src=\"http:\/\/reveiletreforme.adventiste.re\/wp-content\/uploads\/2015\/01\/actes-01.mp3?_=1\" \/><a href=\"http:\/\/reveiletreforme.adventiste.re\/wp-content\/uploads\/2015\/01\/actes-01.mp3\">http:\/\/reveiletreforme.adventiste.re\/wp-content\/uploads\/2015\/01\/actes-01.mp3<\/a><\/audio>\n<p class=\"p1\" style=\"text-align: justify;\"><b>1<\/b><b> <\/b>Th\u00e9ophile, j&rsquo;ai parl\u00e9, dans mon premier livre, de tout ce que J\u00e9sus a commenc\u00e9 de faire et d&rsquo;enseigner d\u00e8s le commencement<\/p>\n<p class=\"p1\" style=\"text-align: justify;\"><b>2<\/b><b> <\/b>jusqu&rsquo;au jour o\u00f9 il fut enlev\u00e9 au ciel, apr\u00e8s avoir donn\u00e9 ses ordres, par le Saint-Esprit, aux ap\u00f4tres qu&rsquo;il avait choisis.<\/p>\n<p class=\"p1\" style=\"text-align: justify;\"><b>3<\/b><b> <\/b>Apr\u00e8s qu&rsquo;il eut souffert, il leur apparut vivant, et leur en donna plusieurs preuves, se montrant \u00e0 eux pendant quarante jours, et parlant des choses qui concernent le royaume de Dieu.<\/p>\n<p class=\"p1\" style=\"text-align: justify;\"><b>4<\/b><b> <\/b>Comme il se trouvait avec eux, il leur recommanda de ne pas s&rsquo;\u00e9loigner de J\u00e9rusalem, mais d&rsquo;attendre ce que le P\u00e8re avait promis, ce que je vous ai annonc\u00e9, leur dit-il;<\/p>\n<p class=\"p1\" style=\"text-align: justify;\"><b>5<\/b><b> <\/b>car Jean a baptis\u00e9 d&rsquo;eau, mais vous, dans peu de jours, vous serez baptis\u00e9s du Saint-Esprit.<\/p>\n<p class=\"p1\" style=\"text-align: justify;\"><b>6<\/b><b> <\/b>Alors les ap\u00f4tres r\u00e9unis lui demand\u00e8rent: Seigneur, est-ce en ce temps que tu r\u00e9tabliras le royaume d&rsquo;Isra\u00ebl?<\/p>\n<p class=\"p1\" style=\"text-align: justify;\"><b>7<\/b><b> <\/b>Il leur r\u00e9pondit: Ce n&rsquo;est pas \u00e0 vous de conna\u00eetre les temps ou les moments que le P\u00e8re a fix\u00e9s de sa propre autorit\u00e9.<\/p>\n<p class=\"p1\" style=\"text-align: justify;\"><b>8<\/b><b> <\/b>Mais vous recevrez une puissance, le Saint-Esprit survenant sur vous, et vous serez mes t\u00e9moins \u00e0 J\u00e9rusalem, dans toute la Jud\u00e9e, dans la Samarie, et jusqu&rsquo;aux extr\u00e9mit\u00e9s de la terre.<\/p>\n<p class=\"p1\" style=\"text-align: justify;\"><b>9<\/b><b> <\/b>Apr\u00e8s avoir dit cela, il fut \u00e9lev\u00e9 pendant qu&rsquo;ils le regardaient, et une nu\u00e9e le d\u00e9roba \u00e0 leurs yeux.<\/p>\n<p class=\"p1\" style=\"text-align: justify;\"><b>10<\/b><b> <\/b>Et comme ils avaient les regards fix\u00e9s vers le ciel pendant qu&rsquo;il s&rsquo;en allait, voici, deux hommes v\u00eatus de blanc leur apparurent,<\/p>\n<p class=\"p1\" style=\"text-align: justify;\"><b>11<\/b><b> <\/b>et dirent: Hommes Galil\u00e9ens, pourquoi vous arr\u00eatez-vous \u00e0 regarder au ciel? Ce J\u00e9sus, qui a \u00e9t\u00e9 enlev\u00e9 au ciel du milieu de vous, viendra de la m\u00eame mani\u00e8re que vous l&rsquo;avez vu allant au ciel.<\/p>\n<p class=\"p1\" style=\"text-align: justify;\"><b>12<\/b><b> <\/b>Alors ils retourn\u00e8rent \u00e0 J\u00e9rusalem, de la montagne appel\u00e9e des oliviers, qui est pr\u00e8s de J\u00e9rusalem, \u00e0 la distance d&rsquo;un chemin de sabbat.<\/p>\n<p class=\"p1\" style=\"text-align: justify;\"><b>13<\/b><b> <\/b>Quand ils furent arriv\u00e9s, ils mont\u00e8rent dans la chambre haute o\u00f9 ils se tenaient d&rsquo;ordinaire; c&rsquo;\u00e9taient Pierre, Jean, Jacques, Andr\u00e9, Philippe, Thomas, Barth\u00e9lemy, Matthieu, Jacques, fils d&rsquo;Alph\u00e9e, Simon le Z\u00e9lote, et Jude, fils de Jacques.<\/p>\n<p class=\"p1\" style=\"text-align: justify;\"><b>14<\/b><b> <\/b>Tous d&rsquo;un commun accord pers\u00e9v\u00e9raient dans la pri\u00e8re, avec les femmes, et Marie, m\u00e8re de J\u00e9sus, et avec les fr\u00e8res de J\u00e9sus.<\/p>\n<p class=\"p1\" style=\"text-align: justify;\"><b>15<\/b><b> <\/b>En ces jours-l\u00e0, Pierre se leva au milieu des fr\u00e8res, le nombre des personnes r\u00e9unies \u00e9tant d&rsquo;environ cent vingt. Et il dit:<\/p>\n<p class=\"p1\" style=\"text-align: justify;\"><b>16<\/b><b> <\/b>Hommes fr\u00e8res, il fallait que s&rsquo;accompl\u00eet ce que le Saint-Esprit, dans l&rsquo;Ecriture, a annonc\u00e9 d&rsquo;avance, par la bouche de David, au sujet de Judas, qui a \u00e9t\u00e9 le guide de ceux qui ont saisi J\u00e9sus.<\/p>\n<p class=\"p1\" style=\"text-align: justify;\"><b>17<\/b><b> <\/b>Il \u00e9tait compt\u00e9 parmi nous, et il avait part au m\u00eame minist\u00e8re.<\/p>\n<p class=\"p1\" style=\"text-align: justify;\"><b>18<\/b><b> <\/b>Cet homme, ayant acquis un champ avec le salaire du crime, est tomb\u00e9, s&rsquo;est rompu par le milieu du corps, et toutes ses entrailles se sont r\u00e9pandues.<\/p>\n<p class=\"p1\" style=\"text-align: justify;\"><b>19<\/b><b> <\/b>La chose a \u00e9t\u00e9 si connue de tous les habitants de J\u00e9rusalem que ce champ a \u00e9t\u00e9 appel\u00e9 dans leur langue Hakeldama, c&rsquo;est-\u00e0-dire, champ du sang.<\/p>\n<p class=\"p1\" style=\"text-align: justify;\"><b>20<\/b><b> <\/b>Or, il est \u00e9crit dans le livre des Psaumes: Que sa demeure devienne d\u00e9serte, Et que personne ne l&rsquo;habite! Et: Qu&rsquo;un autre prenne sa charge!<\/p>\n<p class=\"p1\" style=\"text-align: justify;\"><b>21<\/b><b> <\/b>Il faut donc que, parmi ceux qui nous ont accompagn\u00e9s tout le temps que le Seigneur J\u00e9sus a v\u00e9cu avec nous,<\/p>\n<p class=\"p1\" style=\"text-align: justify;\"><b>22<\/b><b> <\/b>depuis le bapt\u00eame de Jean jusqu&rsquo;au jour o\u00f9 il a \u00e9t\u00e9 enlev\u00e9 du milieu de nous, il y en ait un qui nous soit associ\u00e9 comme t\u00e9moin de sa r\u00e9surrection.<\/p>\n<p class=\"p1\" style=\"text-align: justify;\"><b>23<\/b><b> <\/b>Ils en pr\u00e9sent\u00e8rent deux: Joseph appel\u00e9 Barsabbas, surnomm\u00e9 Justus, et Matthias.<\/p>\n<p class=\"p1\" style=\"text-align: justify;\"><b>24<\/b><b> <\/b>Puis ils firent cette pri\u00e8re: Seigneur, toi qui connais les coeurs de tous, d\u00e9signe lequel de ces deux tu as choisi,<\/p>\n<p class=\"p1\" style=\"text-align: justify;\"><b>25<\/b><b> <\/b>afin qu&rsquo;il ait part \u00e0 ce minist\u00e8re et \u00e0 cet apostolat, que Judas a abandonn\u00e9 pour aller en son lieu.<\/p>\n<p class=\"p1\" style=\"text-align: justify;\"><b>26<\/b><b> <\/b>Ils tir\u00e8rent au sort, et le sort tomba sur Matthias, qui fut associ\u00e9 aux onze ap\u00f4tres.<\/p>\n<p class=\"p1\" style=\"text-align: justify;\"><strong>COMMENTAIRE<\/strong><\/p>\n<p>Le livre des Actes remplit mon c\u0153ur de joie et d\u2019esp\u00e9rance presque plus que n\u2019importe quel autre livre de la Bible. Je trouve dedans une image vivante de ce qui arrive lorsque la pluie de l\u2019arri\u00e8re-saison tombe. Luc, un m\u00e9decin-historien et un des disciples de J\u00e9sus, est l\u2019auteur reconnu des Actes. Et dans les chapitres suivants, il partage la mani\u00e8re dont les premiers chr\u00e9tiens ont continu\u00e9 apr\u00e8s la Pentec\u00f4te \u00e0 partager l\u2019\u00e9vangile avec puissance, et ils commenc\u00e8rent par J\u00e9rusalem (Actes\u00a01-7).<\/p>\n<p>Avant l\u2019ascension de J\u00e9sus au ciel, Il a donn\u00e9 \u00e0 ses disciples une cl\u00e9 tr\u00e8s significative qui leur permettrait de r\u00e9aliser la grande mission qu\u2019Il leur avait donn\u00e9e. On trouve cette cl\u00e9 dans ce premier chapitre, et c\u2019est ce dont nous avons le plus besoin aujourd\u2019hui aussi. (Et J\u00e9sus) leur recommanda de ne pas s\u2019\u00e9loigner de J\u00e9rusalem, mais d\u2019attendre ce que le P\u00e8re avait promis\u00a0\u00bb. (v.4). Le verset\u00a08 nous en dit plus\u00a0: \u00ab\u00a0Mais vous recevrez une puissance, le Saint-Esprit survenant sur vous, et vous serez mes t\u00e9moins \u00e0 J\u00e9rusalem, dans toute la Jud\u00e9e, dans la Samarie, et jusqu\u2019aux extr\u00e9mit\u00e9s de la terre.\u00a0\u00bb<\/p>\n<p>Dieu nous a confi\u00e9 la grande mission d\u2019apporter l\u2019\u00e9vangile au monde entier, mais combien de fois dans notre impatience \u00e0 accomplir cette grande mission, commettons-nous le plus grand p\u00e9ch\u00e9 d\u2019omission\u00a0; c\u2019est-\u00e0-dire que nous partons devant et quittons J\u00e9rusalem (notre maison) avant de nous d\u00e9barrasser de nos p\u00e9ch\u00e9s, avant d\u2019\u00eatre en accord avec ceux qui habitent chez nous (et l\u2019\u00e9glise) et avant de passer du temps dans la parole de Dieu et sur nos genoux implorant son pouvoir.<\/p>\n<p>Nous sommes tous coupables de cela, moi y compris. Mais alors que nous poursuivons cette Nouvelle Ann\u00e9e, puissions nous ne pas \u00eatre coupables de cela plus longtemps. Supplions Dieu avec une ferveur renouvel\u00e9e, pour avoir cette possession tr\u00e8s pr\u00e9cieuse. Concernant la pluie de l\u2019arri\u00e8re-saison, il nous est dit\u00a0: \u00ab\u00a0La descente du Saint-Esprit sur l\u2019\u00e9glise est vue comme un \u00e9v\u00e9nement futur\u00a0; mais c\u2019est le privil\u00e8ge de l\u2019\u00e9glise de l\u2019avoir maintenant. Cherchez-le, priez pour qu\u2019il arrive, croyez en lui. Nous devons l\u2019avoir, et les cieux attendent pour l\u2019octroyer\u00a0\u00bb (Review and Herald, March 19, 1895). Je veux d\u00e9sesp\u00e9r\u00e9ment recevoir ce cadeau\u00a0! Qu\u2019en est-il de vous\u00a0?<\/p>\n<p><strong>\u00a0Melody Mason<\/strong>\u00a0(Melodious Echo)<br \/>\nAuteur, ARME-<br \/>\n\u00ab\u00a0Arming God\u2019s People with tools for Biblical Revival\u00a0\u00bb<br \/>\nArmer le Peuple de Dieu avec des outils pour le R\u00e9veil Biblique<br \/>\nResponsable du Minist\u00e8re de la Pri\u00e8re<\/p>\n<p><strong>Traduction<\/strong>\u00a0: Carole &amp; Charles SAINT-LOUIS<\/p>\n","protected":false},"excerpt":{"rendered":"<p>1 Th\u00e9ophile, j&rsquo;ai parl\u00e9, dans mon premier livre, de tout ce que J\u00e9sus a commenc\u00e9 de faire et d&rsquo;enseigner d\u00e8s le commencement 2 jusqu&rsquo;au jour o\u00f9 il fut enlev\u00e9 au ciel, apr\u00e8s avoir donn\u00e9 ses ordres, par le Saint-Esprit, aux ap\u00f4tres qu&rsquo;il avait choisis. 3 Apr\u00e8s qu&rsquo;il eut souffert, il leur apparut vivant, et leur [&hellip;]<\/p>\n","protected":false},"author":1,"featured_media":0,"comment_status":"open","ping_status":"open","sticky":false,"template":"","format":"audio","meta":{"_exactmetrics_skip_tracking":false,"_exactmetrics_sitenote_active":false,"_exactmetrics_sitenote_note":"","_exactmetrics_sitenote_category":0,"footnotes":""},"categories":[16],"tags":[],"_links":{"self":[{"href":"http:\/\/reveiletreforme.adventiste.re\/index.php?rest_route=\/wp\/v2\/posts\/3307"}],"collection":[{"href":"http:\/\/reveiletreforme.adventiste.re\/index.php?rest_route=\/wp\/v2\/posts"}],"about":[{"href":"http:\/\/reveiletreforme.adventiste.re\/index.php?rest_route=\/wp\/v2\/types\/post"}],"author":[{"embeddable":true,"href":"http:\/\/reveiletreforme.adventiste.re\/index.php?rest_route=\/wp\/v2\/users\/1"}],"replies":[{"embeddable":true,"href":"http:\/\/reveiletreforme.adventiste.re\/index.php?rest_route=%2Fwp%2Fv2%2Fcomments&post=3307"}],"version-history":[{"count":2,"href":"http:\/\/reveiletreforme.adventiste.re\/index.php?rest_route=\/wp\/v2\/posts\/3307\/revisions"}],"predecessor-version":[{"id":3316,"href":"http:\/\/reveiletreforme.adventiste.re\/index.php?rest_route=\/wp\/v2\/posts\/3307\/revisions\/3316"}],"wp:attachment":[{"href":"http:\/\/reveiletreforme.adventiste.re\/index.php?rest_route=%2Fwp%2Fv2%2Fmedia&parent=3307"}],"wp:term":[{"taxonomy":"category","embeddable":true,"href":"http:\/\/reveiletreforme.adventiste.re\/index.php?rest_route=%2Fwp%2Fv2%2Fcategories&post=3307"},{"taxonomy":"post_tag","embeddable":true,"href":"http:\/\/reveiletreforme.adventiste.re\/index.php?rest_route=%2Fwp%2Fv2%2Ftags&post=3307"}],"curies":[{"name":"wp","href":"https:\/\/api.w.org\/{rel}","templated":true}]}}