{"id":3354,"date":"2018-05-05T00:29:32","date_gmt":"2018-05-04T20:29:32","guid":{"rendered":"http:\/\/reveiletreforme.adventiste.re\/?p=3354"},"modified":"2018-05-11T23:32:52","modified_gmt":"2018-05-11T19:32:52","slug":"actes-11","status":"publish","type":"post","link":"http:\/\/reveiletreforme.adventiste.re\/?p=3354","title":{"rendered":"Actes 11"},"content":{"rendered":"<!--[if lt IE 9]><script>document.createElement('audio');<\/script><![endif]-->\n<audio class=\"wp-audio-shortcode\" id=\"audio-3354-1\" preload=\"none\" style=\"width: 100%;\" controls=\"controls\"><source type=\"audio\/mpeg\" src=\"http:\/\/reveiletreforme.adventiste.re\/wp-content\/uploads\/2015\/02\/actes-11.mp3?_=1\" \/><a href=\"http:\/\/reveiletreforme.adventiste.re\/wp-content\/uploads\/2015\/02\/actes-11.mp3\">http:\/\/reveiletreforme.adventiste.re\/wp-content\/uploads\/2015\/02\/actes-11.mp3<\/a><\/audio>\n<p class=\"p2\" style=\"text-align: justify;\"><b>1<\/b><b> <\/b>Les ap\u00f4tres et les fr\u00e8res qui \u00e9taient dans la Jud\u00e9e apprirent que les pa\u00efens avaient aussi re\u00e7u la parole de Dieu.<\/p>\n<p class=\"p2\" style=\"text-align: justify;\"><b>2<\/b><b> <\/b>Et lorsque Pierre fut mont\u00e9 \u00e0 J\u00e9rusalem, les fid\u00e8les circoncis lui adress\u00e8rent des reproches,<\/p>\n<p class=\"p2\" style=\"text-align: justify;\"><b>3<\/b><b> <\/b>en disant: Tu es entr\u00e9 chez des incirconcis, et tu as mang\u00e9 avec eux.<!--more--><\/p>\n<p class=\"p2\" style=\"text-align: justify;\"><b>4<\/b><b> <\/b>Pierre se mit \u00e0 leur exposer d&rsquo;une mani\u00e8re suivie ce qui s&rsquo;\u00e9tait pass\u00e9. Il dit:<\/p>\n<p class=\"p2\" style=\"text-align: justify;\"><b>5<\/b><b> <\/b>J&rsquo;\u00e9tais dans la ville de Jopp\u00e9, et, pendant que je priais, je tombai en extase et j&rsquo;eus une vision: un objet, semblable \u00e0 une grande nappe attach\u00e9e par les quatre coins, descendait du ciel et vint jusqu&rsquo;\u00e0 moi.<\/p>\n<p class=\"p2\" style=\"text-align: justify;\"><b>6<\/b><b> <\/b>Les regards fix\u00e9s sur cette nappe, j&rsquo;examinai, et je vis les quadrup\u00e8des de la terre, les b\u00eates sauvages, les reptiles, et les oiseaux du ciel.<\/p>\n<p class=\"p2\" style=\"text-align: justify;\"><b>7<\/b><b> <\/b>Et j&rsquo;entendis une voix qui me disait: L\u00e8ve-toi, Pierre, tue et mange.<\/p>\n<p class=\"p2\" style=\"text-align: justify;\"><b>8<\/b><b> <\/b>Mais je dis: Non, Seigneur, car jamais rien de souill\u00e9 ni d&rsquo;impur n&rsquo;est entr\u00e9 dans ma bouche.<\/p>\n<p class=\"p2\" style=\"text-align: justify;\"><b>9<\/b><b> <\/b>Et pour la seconde fois la voix se fit entendre du ciel: Ce que Dieu a d\u00e9clar\u00e9 pur, ne le regarde pas comme souill\u00e9.<\/p>\n<p class=\"p2\" style=\"text-align: justify;\"><b>10<\/b><b> <\/b>Cela arriva jusqu&rsquo;\u00e0 trois fois; puis tout fut retir\u00e9 dans le ciel.<\/p>\n<p class=\"p2\" style=\"text-align: justify;\"><b>11<\/b><b> <\/b>Et voici, aussit\u00f4t trois hommes envoy\u00e9s de C\u00e9sar\u00e9e vers moi se pr\u00e9sent\u00e8rent devant la porte de la maison o\u00f9 j&rsquo;\u00e9tais.<\/p>\n<p class=\"p2\" style=\"text-align: justify;\"><b>12<\/b><b> <\/b>L&rsquo;Esprit me dit de partir avec eux sans h\u00e9siter. Les six hommes que voici m&rsquo;accompagn\u00e8rent, et nous entr\u00e2mes dans la maison de Corneille.<\/p>\n<p class=\"p2\" style=\"text-align: justify;\"><b>13<\/b><b> <\/b>Cet homme nous raconta comment il avait vu dans sa maison l&rsquo;ange se pr\u00e9sentant \u00e0 lui et disant: Envoie \u00e0 Jopp\u00e9, et fais venir Simon, surnomm\u00e9 Pierre,<\/p>\n<p class=\"p2\" style=\"text-align: justify;\"><b>14<\/b><b> <\/b>qui te dira des choses par lesquelles tu seras sauv\u00e9, toi et toute ta maison.<\/p>\n<p class=\"p2\" style=\"text-align: justify;\"><b>15<\/b><b> <\/b>Lorsque je me fus mis \u00e0 parler, le Saint-Esprit descendit sur eux, comme sur nous au commencement.<\/p>\n<p class=\"p2\" style=\"text-align: justify;\"><b>16<\/b><b> <\/b>Et je me souvins de cette parole du Seigneur: Jean a baptis\u00e9 d&rsquo;eau, mais vous, vous serez baptis\u00e9s du Saint-Esprit.<\/p>\n<p class=\"p2\" style=\"text-align: justify;\"><b>17<\/b><b> <\/b>Or, puisque Dieu leur a accord\u00e9 le m\u00eame don qu&rsquo;\u00e0 nous qui avons cru au Seigneur J\u00e9sus-Christ, pouvais-je, moi, m&rsquo;opposer \u00e0 Dieu?<\/p>\n<p class=\"p2\" style=\"text-align: justify;\"><b>18<\/b><b> <\/b>Apr\u00e8s avoir entendu cela, ils se calm\u00e8rent, et ils glorifi\u00e8rent Dieu, en disant: Dieu a donc accord\u00e9 la repentance aussi aux pa\u00efens, afin qu&rsquo;ils aient la vie.<\/p>\n<p class=\"p2\" style=\"text-align: justify;\"><b>19<\/b><b> <\/b>Ceux qui avaient \u00e9t\u00e9 dispers\u00e9s par la pers\u00e9cution survenue \u00e0 l&rsquo;occasion d&rsquo;Etienne all\u00e8rent jusqu&rsquo;en Ph\u00e9nicie, dans l&rsquo;\u00eele de Chypre, et \u00e0 Antioche, annon\u00e7ant la parole seulement aux Juifs.<\/p>\n<p class=\"p2\" style=\"text-align: justify;\"><b>20<\/b><b> <\/b>Il y eut cependant parmi eux quelques hommes de Chypre et de Cyr\u00e8ne, qui, \u00e9tant venus \u00e0 Antioche, s&rsquo;adress\u00e8rent aussi aux Grecs, et leur annonc\u00e8rent la bonne nouvelle du Seigneur J\u00e9sus.<\/p>\n<p class=\"p2\" style=\"text-align: justify;\"><b>21<\/b><b> <\/b>La main du Seigneur \u00e9tait avec eux, et un grand nombre de personnes crurent et se convertirent au Seigneur.<\/p>\n<p class=\"p2\" style=\"text-align: justify;\"><b>22<\/b><b> <\/b>Le bruit en parvint aux oreilles des membres de l&rsquo;Eglise de J\u00e9rusalem, et ils envoy\u00e8rent Barnabas jusqu&rsquo;\u00e0 Antioche.<\/p>\n<p class=\"p2\" style=\"text-align: justify;\"><b>23<\/b><b> <\/b>Lorsqu&rsquo;il fut arriv\u00e9, et qu&rsquo;il eut vu la gr\u00e2ce de Dieu, il s&rsquo;en r\u00e9jouit, et il les exhorta tous \u00e0 rester d&rsquo;un coeur ferme attach\u00e9s au Seigneur.<\/p>\n<p class=\"p2\" style=\"text-align: justify;\"><b>24<\/b><b> <\/b>Car c&rsquo;\u00e9tait un homme de bien, plein d&rsquo;Esprit-Saint et de foi. Et une foule assez nombreuse se joignit au Seigneur.<\/p>\n<p class=\"p2\" style=\"text-align: justify;\"><b>25<\/b><b> <\/b>Barnabas se rendit ensuite \u00e0 Tarse, pour chercher Saul;<\/p>\n<p class=\"p2\" style=\"text-align: justify;\"><b>26<\/b><b> <\/b>et, l&rsquo;ayant trouv\u00e9, il l&rsquo;amena \u00e0 Antioche. Pendant toute une ann\u00e9e, ils se r\u00e9unirent aux assembl\u00e9es de l&rsquo;Eglise, et ils enseign\u00e8rent beaucoup de personnes. Ce fut \u00e0 Antioche que, pour la premi\u00e8re fois, les disciples furent appel\u00e9s chr\u00e9tiens.<\/p>\n<p class=\"p2\" style=\"text-align: justify;\"><b>27<\/b><b> <\/b>En ce temps-l\u00e0, des proph\u00e8tes descendirent de J\u00e9rusalem \u00e0 Antioche.<\/p>\n<p class=\"p2\" style=\"text-align: justify;\"><b>28<\/b><b> <\/b>L&rsquo;un d&rsquo;eux, nomm\u00e9 Agabus, se leva, et annon\u00e7a par l&rsquo;Esprit qu&rsquo;il y aurait une grande famine sur toute la terre. Elle arriva, en effet, sous Claude.<\/p>\n<p class=\"p2\" style=\"text-align: justify;\"><b>29<\/b><b> <\/b>Les disciples r\u00e9solurent d&rsquo;envoyer, chacun selon ses moyens, un secours aux fr\u00e8res qui habitaient la Jud\u00e9e.<\/p>\n<p class=\"p2\" style=\"text-align: justify;\"><b>30<\/b><b> <\/b>Ils le firent parvenir aux anciens par les mains de Barnabas et de Saul.<\/p>\n<p class=\"p2\" style=\"text-align: justify;\"><strong>COMMENTAIRE<\/strong><\/p>\n<p class=\"p1\" style=\"text-align: justify;\">Le chapitre\u00a011 du livre des Actes nous rappelle la puissance du t\u00e9moignage, seulement deux chapitres apr\u00e8s l\u2019histoire de la conversion de Paul. Actes 11 commence avec le retour de Pierre \u00e0 J\u00e9rusalem, o\u00f9 il est imm\u00e9diatement d\u00e9nonc\u00e9 par d\u2019autres Juifs pour avoir mang\u00e9 avec Cornelius, un pa\u00efen. Plut\u00f4t que d\u2019argumenter, Pierre \u00e9nonce simplement en d\u00e9tail sa vision des viandes impures (Actes\u00a010). Il conclut en disant aux ap\u00f4tres et aux autres fr\u00e8res assembl\u00e9s que J\u00e9sus voulait que le Saint-Esprit aille vers les pa\u00efens aussi bien que vers les Juifs.<\/p>\n<p class=\"p1\" style=\"text-align: justify;\">Les c\u0153urs en col\u00e8re devinrent doux. Les auditeurs stopp\u00e8rent rapidement leurs pr\u00e9jug\u00e9s de longue date contre les pa\u00efens et glorifi\u00e8rent Dieu, en disant\u00a0\u00a0\u00ab\u00a0Dieu a donc accord\u00e9 la repentance aussi aux pa\u00efens, afin qu\u2019ils aient la vie.\u00a0\u00bb ( verset\u00a018). C\u2019est la puissance du t\u00e9moignage personnel\u00a0! La r\u00e9action des ap\u00f4tres est aussi un rappel que la vision de Pierre ne concernait pas les restrictions alimentaires de l\u2019Ancien Testament comme certaines confessions religieuses l\u2019enseignent aujourd\u2019hui. Si c\u2019\u00e9tait le cas, les ap\u00f4tres auraient\u00a0glorifi\u00e9 Dieu, en disant\u00a0: \u00ab\u00a0Maintenant, nous pouvons manger toutes sortes de viande\u00a0!\u00a0\u00bb<\/p>\n<p class=\"p1\" style=\"text-align: justify;\">Le chapitre se termine avec la cr\u00e9ation de la premi\u00e8re agence chr\u00e9tienne de d\u00e9veloppement et de secours. Mais au lieu d\u2019organiser la distribution de nourriture \u00e0 une zone de catastrophe comme le fait aujourd\u2019hui l\u2019Agence des catastrophes et des secours Adventiste ( ADRA )\u00a0; cette organisation \u00e0 Antioche eut la connaissance d\u2019une crise imminente en Jud\u00e9e par un proph\u00e8te.\u00a0\u00a0En effet, il est \u00e9crit\u00a0: \u00ab\u00a0L\u2019un d\u2019eux, nomm\u00e9 Agabus, se leva, et annon\u00e7a par l\u2019Esprit qu\u2019il y aurait une grande famine sur toute la terre. Elle arriva, sous le r\u00e8gne de Claude C\u00e9sar. Les disciples r\u00e9solurent d\u2019envoyer, chacun selon ses moyens, au secours des fr\u00e8res qui habitaient la Jud\u00e9e.\u00a0\u00bb ( versets\u00a028 , 29)\u00a0Aussi, ils pr\u00e9par\u00e8rent des livraisons.<\/p>\n<p class=\"p1\" style=\"text-align: justify;\">Comme cela serait utile si nous pouvions aujourd\u2019hui nous pr\u00e9parer d\u2019avance aux catastrophes<\/p>\n<p class=\"p1\" style=\"text-align: justify;\">\u00ab\u00a0Seigneur, je peux ne pas avoir une vision comme celle de Pierre \u00e0 partager, mais je comprends la puissance du t\u00e9moignage personnel. Apprends-moi \u00e0 partager mon t\u00e9moignage plus efficacement afin que les auditeurs puissent Te glorifier, en disant\u00a0: \u201cAlors Dieu a \u00e9galement accord\u00e9 \u00e0 [votre nom ] la repentance pour la vie\u00a0! \u2018Amen. \u2019<\/p>\n<p class=\"p1\"><strong>Andrew McChesney<\/strong><br \/>\nR\u00e9dacteur en chef\u00a0d\u2019Adventist Review<\/p>\n<p class=\"p1\" style=\"text-align: right;\"><strong>Traduction<\/strong> : Steeve et Jeanina LENOGUE<\/p>\n","protected":false},"excerpt":{"rendered":"<p>1 Les ap\u00f4tres et les fr\u00e8res qui \u00e9taient dans la Jud\u00e9e apprirent que les pa\u00efens avaient aussi re\u00e7u la parole de Dieu. 2 Et lorsque Pierre fut mont\u00e9 \u00e0 J\u00e9rusalem, les fid\u00e8les circoncis lui adress\u00e8rent des reproches, 3 en disant: Tu es entr\u00e9 chez des incirconcis, et tu as mang\u00e9 avec eux.<\/p>\n","protected":false},"author":1,"featured_media":0,"comment_status":"open","ping_status":"open","sticky":false,"template":"","format":"audio","meta":{"_exactmetrics_skip_tracking":false,"_exactmetrics_sitenote_active":false,"_exactmetrics_sitenote_note":"","_exactmetrics_sitenote_category":0,"footnotes":""},"categories":[16],"tags":[],"_links":{"self":[{"href":"http:\/\/reveiletreforme.adventiste.re\/index.php?rest_route=\/wp\/v2\/posts\/3354"}],"collection":[{"href":"http:\/\/reveiletreforme.adventiste.re\/index.php?rest_route=\/wp\/v2\/posts"}],"about":[{"href":"http:\/\/reveiletreforme.adventiste.re\/index.php?rest_route=\/wp\/v2\/types\/post"}],"author":[{"embeddable":true,"href":"http:\/\/reveiletreforme.adventiste.re\/index.php?rest_route=\/wp\/v2\/users\/1"}],"replies":[{"embeddable":true,"href":"http:\/\/reveiletreforme.adventiste.re\/index.php?rest_route=%2Fwp%2Fv2%2Fcomments&post=3354"}],"version-history":[{"count":1,"href":"http:\/\/reveiletreforme.adventiste.re\/index.php?rest_route=\/wp\/v2\/posts\/3354\/revisions"}],"predecessor-version":[{"id":3356,"href":"http:\/\/reveiletreforme.adventiste.re\/index.php?rest_route=\/wp\/v2\/posts\/3354\/revisions\/3356"}],"wp:attachment":[{"href":"http:\/\/reveiletreforme.adventiste.re\/index.php?rest_route=%2Fwp%2Fv2%2Fmedia&parent=3354"}],"wp:term":[{"taxonomy":"category","embeddable":true,"href":"http:\/\/reveiletreforme.adventiste.re\/index.php?rest_route=%2Fwp%2Fv2%2Fcategories&post=3354"},{"taxonomy":"post_tag","embeddable":true,"href":"http:\/\/reveiletreforme.adventiste.re\/index.php?rest_route=%2Fwp%2Fv2%2Ftags&post=3354"}],"curies":[{"name":"wp","href":"https:\/\/api.w.org\/{rel}","templated":true}]}}