{"id":3359,"date":"2018-05-07T00:58:47","date_gmt":"2018-05-06T20:58:47","guid":{"rendered":"http:\/\/reveiletreforme.adventiste.re\/?p=3359"},"modified":"2018-05-11T23:32:12","modified_gmt":"2018-05-11T19:32:12","slug":"actes-13","status":"publish","type":"post","link":"http:\/\/reveiletreforme.adventiste.re\/?p=3359","title":{"rendered":"Actes 13"},"content":{"rendered":"<!--[if lt IE 9]><script>document.createElement('audio');<\/script><![endif]-->\n<audio class=\"wp-audio-shortcode\" id=\"audio-3359-1\" preload=\"none\" style=\"width: 100%;\" controls=\"controls\"><source type=\"audio\/mpeg\" src=\"http:\/\/reveiletreforme.adventiste.re\/wp-content\/uploads\/2015\/02\/actes-13.mp3?_=1\" \/><a href=\"http:\/\/reveiletreforme.adventiste.re\/wp-content\/uploads\/2015\/02\/actes-13.mp3\">http:\/\/reveiletreforme.adventiste.re\/wp-content\/uploads\/2015\/02\/actes-13.mp3<\/a><\/audio>\n<p class=\"p2\" style=\"text-align: justify;\"><b>1<\/b><b> <\/b>Il y avait dans l&rsquo;Eglise d&rsquo;Antioche des proph\u00e8tes et des docteurs: Barnabas, Sim\u00e9on appel\u00e9 Niger, Lucius de Cyr\u00e8ne, Manahen, qui avait \u00e9t\u00e9 \u00e9lev\u00e9 avec H\u00e9rode le t\u00e9trarque, et Saul.<\/p>\n<p class=\"p2\" style=\"text-align: justify;\"><b>2<\/b><b> <\/b>Pendant qu&rsquo;ils servaient le Seigneur dans leur minist\u00e8re et qu&rsquo;ils je\u00fbnaient, le Saint-Esprit dit: Mettez-moi \u00e0 part Barnabas et Saul pour l&rsquo;oeuvre \u00e0 laquelle je les ai appel\u00e9s.<\/p>\n<p class=\"p2\" style=\"text-align: justify;\"><b>3<\/b><b> <\/b>Alors, apr\u00e8s avoir je\u00fbn\u00e9 et pri\u00e9, ils leur impos\u00e8rent les mains, et les laiss\u00e8rent partir.<!--more--><\/p>\n<p class=\"p2\" style=\"text-align: justify;\"><b>4<\/b><b> <\/b>Barnabas et Saul, envoy\u00e9s par le Saint-Esprit, descendirent \u00e0 S\u00e9leucie, et de l\u00e0 ils s&#8217;embarqu\u00e8rent pour l&rsquo;\u00eele de Chypre.<\/p>\n<p class=\"p2\" style=\"text-align: justify;\"><b>5<\/b><b> <\/b>Arriv\u00e9s \u00e0 Salamine, ils annonc\u00e8rent la parole de Dieu dans les synagogues des Juifs. Ils avaient Jean pour aide.<\/p>\n<p class=\"p2\" style=\"text-align: justify;\"><b>6<\/b><b> <\/b>Ayant ensuite travers\u00e9 toute l&rsquo;\u00eele jusqu&rsquo;\u00e0 Paphos, ils trouv\u00e8rent un certain magicien, faux proph\u00e8te juif, nomm\u00e9 Bar-J\u00e9sus,<\/p>\n<p class=\"p2\" style=\"text-align: justify;\"><b>7<\/b><b> <\/b>qui \u00e9tait avec le proconsul Sergius Paulus, homme intelligent. Ce dernier fit appeler Barnabas et Saul, et manifesta le d\u00e9sir d&rsquo;entendre la parole de Dieu.<\/p>\n<p class=\"p2\" style=\"text-align: justify;\"><b>8<\/b><b> <\/b>Mais Elymas, le magicien, -car c&rsquo;est ce que signifie son nom, -leur faisait opposition, cherchant \u00e0 d\u00e9tourner de la foi le proconsul.<\/p>\n<p class=\"p2\" style=\"text-align: justify;\"><b>9<\/b><b> <\/b>Alors Saul, appel\u00e9 aussi Paul, rempli du Saint-Esprit, fixa les regards sur lui,<\/p>\n<p class=\"p2\" style=\"text-align: justify;\"><b>10<\/b><b> <\/b>et dit: Homme plein de toute esp\u00e8ce de ruse et de fraude, fils du diable, ennemi de toute justice, ne cesseras-tu point de pervertir les voies droites du Seigneur?<\/p>\n<p class=\"p2\" style=\"text-align: justify;\"><b>11<\/b><b> <\/b>Maintenant voici, la main du Seigneur est sur toi, tu seras aveugle, et pour un temps tu ne verras pas le soleil. Aussit\u00f4t l&rsquo;obscurit\u00e9 et les t\u00e9n\u00e8bres tomb\u00e8rent sur lui, et il cherchait, en t\u00e2tonnant, des personnes pour le guider.<\/p>\n<p class=\"p2\" style=\"text-align: justify;\"><b>12<\/b><b> <\/b>Alors le proconsul, voyant ce qui \u00e9tait arriv\u00e9, crut, \u00e9tant frapp\u00e9 de la doctrine du Seigneur.<\/p>\n<p class=\"p2\" style=\"text-align: justify;\"><b>13<\/b><b> <\/b>Paul et ses compagnons, s&rsquo;\u00e9tant embarqu\u00e9s \u00e0 Paphos, se rendirent \u00e0 Perge en Pamphylie. Jean se s\u00e9para d&rsquo;eux, et retourna \u00e0 J\u00e9rusalem.<\/p>\n<p class=\"p2\" style=\"text-align: justify;\"><b>14<\/b><b> <\/b>De Perge ils poursuivirent leur route, et arriv\u00e8rent \u00e0 Antioche de Pisidie. Etant entr\u00e9s dans la synagogue le jour du sabbat, ils s&rsquo;assirent.<\/p>\n<p class=\"p2\" style=\"text-align: justify;\"><b>15<\/b><b> <\/b>Apr\u00e8s la lecture de la loi et des proph\u00e8tes, les chefs de la synagogue leur envoy\u00e8rent dire: Hommes fr\u00e8res, si vous avez quelque exhortation \u00e0 adresser au peuple, parlez.<\/p>\n<p class=\"p2\" style=\"text-align: justify;\"><b>16<\/b><b> <\/b>Paul se leva, et, ayant fait signe de la main, il dit: Hommes Isra\u00e9lites, et vous qui craignez Dieu, \u00e9coutez!<\/p>\n<p class=\"p2\" style=\"text-align: justify;\"><b>17<\/b><b> <\/b>Le Dieu de ce peuple d&rsquo;Isra\u00ebl a choisi nos p\u00e8res. Il mit ce peuple en honneur pendant son s\u00e9jour au pays d&rsquo;Egypte, et il l&rsquo;en fit sortir par son bras puissant.<\/p>\n<p class=\"p2\" style=\"text-align: justify;\"><b>18<\/b><b> <\/b>Il les nourrit pr\u00e8s de quarante ans dans le d\u00e9sert;<\/p>\n<p class=\"p2\" style=\"text-align: justify;\"><b>19<\/b><b> <\/b>et, ayant d\u00e9truit sept nations au pays de Canaan, il leur en accorda le territoire comme propri\u00e9t\u00e9.<\/p>\n<p class=\"p2\" style=\"text-align: justify;\"><b>20<\/b><b> <\/b>Apr\u00e8s cela, durant quatre cent cinquante ans environ, il leur donna des juges, jusqu&rsquo;au proph\u00e8te Samuel.<\/p>\n<p class=\"p2\" style=\"text-align: justify;\"><b>21<\/b><b> <\/b>Ils demand\u00e8rent alors un roi. Et Dieu leur donna, pendant quarante ans, Sa\u00fcl, fils de Kis, de la tribu de Benjamin;<\/p>\n<p class=\"p2\" style=\"text-align: justify;\"><b>22<\/b><b> <\/b>puis, l&rsquo;ayant rejet\u00e9, il leur suscita pour roi David, auquel il a rendu ce t\u00e9moignage: J&rsquo;ai trouv\u00e9 David, fils d&rsquo;Isa\u00ef, homme selon mon coeur, qui accomplira toutes mes volont\u00e9s.<\/p>\n<p class=\"p2\" style=\"text-align: justify;\"><b>23<\/b><b> <\/b>C&rsquo;est de la post\u00e9rit\u00e9 de David que Dieu, selon sa promesse, a suscit\u00e9 \u00e0 Isra\u00ebl un Sauveur, qui est J\u00e9sus.<\/p>\n<p class=\"p2\" style=\"text-align: justify;\"><b>24<\/b><b> <\/b>Avant sa venue, Jean avait pr\u00each\u00e9 le bapt\u00eame de repentance \u00e0 tout le peuple d&rsquo;Isra\u00ebl.<\/p>\n<p class=\"p2\" style=\"text-align: justify;\"><b>25<\/b><b> <\/b>Et lorsque Jean achevait sa course, il disait: Je ne suis pas celui que vous pensez; mais voici, apr\u00e8s moi vient celui des pieds duquel je ne suis pas digne de d\u00e9lier les souliers.<\/p>\n<p class=\"p2\" style=\"text-align: justify;\"><b>26<\/b><b> <\/b>Hommes fr\u00e8res, fils de la race d&rsquo;Abraham, et vous qui craignez Dieu, c&rsquo;est \u00e0 vous que cette parole de salut a \u00e9t\u00e9 envoy\u00e9e.<\/p>\n<p class=\"p2\" style=\"text-align: justify;\"><b>27<\/b><b> <\/b>Car les habitants de J\u00e9rusalem et leurs chefs ont m\u00e9connu J\u00e9sus, et, en le condamnant, ils ont accompli les paroles des proph\u00e8tes qui se lisent chaque sabbat.<\/p>\n<p class=\"p2\" style=\"text-align: justify;\"><b>28<\/b><b> <\/b>Quoiqu&rsquo;ils ne trouvassent en lui rien qui f\u00fbt digne de mort, ils ont demand\u00e9 \u00e0 Pilate de le faire mourir.<\/p>\n<p class=\"p2\" style=\"text-align: justify;\"><b>29<\/b><b> <\/b>Et, apr\u00e8s qu&rsquo;ils eurent accompli tout ce qui est \u00e9crit de lui, ils le descendirent de la croix et le d\u00e9pos\u00e8rent dans un s\u00e9pulcre.<\/p>\n<p class=\"p2\" style=\"text-align: justify;\"><b>30<\/b><b> <\/b>Mais Dieu l&rsquo;a ressuscit\u00e9 des morts.<\/p>\n<p class=\"p2\" style=\"text-align: justify;\"><b>31<\/b><b> <\/b>Il est apparu pendant plusieurs jours \u00e0 ceux qui \u00e9taient mont\u00e9s avec lui de la Galil\u00e9e \u00e0 J\u00e9rusalem, et qui sont maintenant ses t\u00e9moins aupr\u00e8s du peuple.<\/p>\n<p class=\"p2\" style=\"text-align: justify;\"><b>32<\/b><b> <\/b>Et nous, nous vous annon\u00e7ons cette bonne nouvelle que la promesse faite \u00e0 nos p\u00e8res,<\/p>\n<p class=\"p2\" style=\"text-align: justify;\"><b>33<\/b><b> <\/b>Dieu l&rsquo;a accomplie pour nous leurs enfants, en ressuscitant J\u00e9sus, selon ce qui est \u00e9crit dans le Psaume deuxi\u00e8me: Tu es mon Fils, Je t&rsquo;ai engendr\u00e9 aujourd&rsquo;hui.<\/p>\n<p class=\"p2\" style=\"text-align: justify;\"><b>34<\/b><b> <\/b>Qu&rsquo;il l&rsquo;ait ressuscit\u00e9 des morts, de telle sorte qu&rsquo;il ne retournera pas \u00e0 la corruption, c&rsquo;est ce qu&rsquo;il a d\u00e9clar\u00e9, en disant: Je vous donnerai Les gr\u00e2ces saintes promises \u00e0 David, ces gr\u00e2ces qui sont assur\u00e9es.<\/p>\n<p class=\"p2\" style=\"text-align: justify;\"><b>35<\/b><b> <\/b>C&rsquo;est pourquoi il dit encore ailleurs: Tu ne permettras pas que ton Saint voie la corruption.<\/p>\n<p class=\"p2\" style=\"text-align: justify;\"><b>36<\/b><b> <\/b>Or, David, apr\u00e8s avoir en son temps servi au dessein de Dieu, est mort, a \u00e9t\u00e9 r\u00e9uni \u00e0 ses p\u00e8res, et a vu la corruption.<\/p>\n<p class=\"p2\" style=\"text-align: justify;\"><b>37<\/b><b> <\/b>Mais celui que Dieu a ressuscit\u00e9 n&rsquo;a pas vu la corruption.<\/p>\n<p class=\"p2\" style=\"text-align: justify;\"><b>38<\/b><b> <\/b>Sachez donc, hommes fr\u00e8res, que c&rsquo;est par lui que le pardon des p\u00e9ch\u00e9s vous est annonc\u00e9,<\/p>\n<p class=\"p2\" style=\"text-align: justify;\"><b>39<\/b><b> <\/b>et que quiconque croit est justifi\u00e9 par lui de toutes les choses dont vous ne pouviez \u00eatre justifi\u00e9s par la loi de Mo\u00efse.<\/p>\n<p class=\"p2\" style=\"text-align: justify;\"><b>40<\/b><b> <\/b>Ainsi, prenez garde qu&rsquo;il ne vous arrive ce qui est dit dans les proph\u00e8tes:<\/p>\n<p class=\"p2\" style=\"text-align: justify;\"><b>41<\/b><b> <\/b>Voyez, contempteurs, Soyez \u00e9tonn\u00e9s et disparaissez; Car je vais faire en vos jours une oeuvre, Une oeuvre que vous ne croiriez pas si on vous la racontait.<\/p>\n<p class=\"p2\" style=\"text-align: justify;\"><b>42<\/b><b> <\/b>Lorsqu&rsquo;ils sortirent, on les pria de parler le sabbat suivant sur les m\u00eames choses;<\/p>\n<p class=\"p2\" style=\"text-align: justify;\"><b>43<\/b><b> <\/b>et, \u00e0 l&rsquo;issue de l&rsquo;assembl\u00e9e, beaucoup de Juifs et de pros\u00e9lytes pieux suivirent Paul et Barnabas, qui s&rsquo;entretinrent avec eux, et les exhort\u00e8rent \u00e0 rester attach\u00e9s \u00e0 la gr\u00e2ce de Dieu.<\/p>\n<p class=\"p2\" style=\"text-align: justify;\"><b>44<\/b><b> <\/b>Le sabbat suivant, presque toute la ville se rassembla pour entendre la parole de Dieu.<\/p>\n<p class=\"p2\" style=\"text-align: justify;\"><b>45<\/b><b> <\/b>Les Juifs, voyant la foule, furent remplis de jalousie, et ils s&rsquo;opposaient \u00e0 ce que disait Paul, en le contredisant et en l&rsquo;injuriant.<\/p>\n<p class=\"p2\" style=\"text-align: justify;\"><b>46<\/b><b> <\/b>Paul et Barnabas leur dirent avec assurance: C&rsquo;est \u00e0 vous premi\u00e8rement que la parole de Dieu devait \u00eatre annonc\u00e9e; mais, puisque vous la repoussez, et que vous vous jugez vous-m\u00eames indignes de la vie \u00e9ternelle, voici, nous nous tournons vers les pa\u00efens.<\/p>\n<p class=\"p2\" style=\"text-align: justify;\"><b>47<\/b><b> <\/b>Car ainsi nous l&rsquo;a ordonn\u00e9 le Seigneur: Je t&rsquo;ai \u00e9tabli pour \u00eatre la lumi\u00e8re des nations, Pour porter le salut jusqu&rsquo;aux extr\u00e9mit\u00e9s de la terre.<\/p>\n<p class=\"p2\" style=\"text-align: justify;\"><b>48<\/b><b> <\/b>Les pa\u00efens se r\u00e9jouissaient en entendant cela, ils glorifiaient la parole du Seigneur, et tous ceux qui \u00e9taient destin\u00e9s \u00e0 la vie \u00e9ternelle crurent.<\/p>\n<p class=\"p2\" style=\"text-align: justify;\"><b>49<\/b><b> <\/b>La parole du Seigneur se r\u00e9pandait dans tout le pays.<\/p>\n<p class=\"p2\" style=\"text-align: justify;\"><b>50<\/b><b> <\/b>Mais les Juifs excit\u00e8rent les femmes d\u00e9votes de distinction et les principaux de la ville; ils provoqu\u00e8rent une pers\u00e9cution contre Paul et Barnabas, et ils les chass\u00e8rent de leur territoire.<\/p>\n<p class=\"p2\" style=\"text-align: justify;\"><b>51<\/b><b> <\/b>Paul et Barnabas secou\u00e8rent contre eux la poussi\u00e8re de leurs pieds, et all\u00e8rent \u00e0 Icone,<\/p>\n<p class=\"p2\" style=\"text-align: justify;\"><b>52<\/b><b> <\/b>tandis que les disciples \u00e9taient remplis de joie et du Saint-Esprit.<\/p>\n<p class=\"p2\" style=\"text-align: justify;\"><strong>COMMENTAIRE<\/strong><\/p>\n<p class=\"p1\" style=\"text-align: justify;\">Dieu a \u00ab\u00a0une horloge\u00a0\u00bb\u00a0! Nous constatons qu\u2019il l\u2019a mentionn\u00e9 et expliqu\u00e9 clairement \u00e0 maintes reprises partout dans l\u2019\u00c9criture sainte. J\u2019y ferai juste deux r\u00e9f\u00e9rences ici. Quand le temps d\u2019accomplir la promesse de Dieu de la venue d\u2019un Sauveur faite \u00e0 Adam et \u00c8ve \u00e9tait arriv\u00e9, J\u00e9sus est venu et est n\u00e9 \u00e0 Bethl\u00e9em. L\u2019\u00c9criture sainte nous dit, \u00ab\u00a0Dieu a envoy\u00e9 \u00e0 Son Fils &#8230; afin qu\u2019il rachet\u00e2t ceux qui \u00e9taient sous la loi, afin que nous re\u00e7ussions l\u2019adoption\u00a0\u00bb (Galates 4:4,5). Apr\u00e8s que J\u00e9sus ait pay\u00e9 le prix pour notre salut et se pr\u00e9parait \u00e0 partir pour retourner au Ciel, Il a dit \u00e0 Ses disciples qu\u2019il \u00e9tait le temps \u00ab\u00a0aller dire au monde\u2026\u00a0\u00bb (Mat. 28:18-20). Nous devons aussi \u00ab\u00a0ALLER ET DIRE\u00a0!\u00a0\u00bb<\/p>\n<p class=\"p1\" style=\"text-align: justify;\">Ceux-l\u00e0 sont de vrais disciples, remplis de l\u2019Esprit Saint, ils ont ob\u00e9i\u00a0! Ils sont devenus les croyants du Nouveau Testament qui ont partag\u00e9 \u00ab\u00a0la V\u00e9rit\u00e9 Pr\u00e9sente\u00a0\u00bb de la naissance, le minist\u00e8re, le crucifiement \u00e0 la r\u00e9surrection de J\u00e9sus, avec la promesse qu\u2019Il reviendrait pour prendre Ses rachet\u00e9s afin qu\u2019ils soient avec lui pour toujours. Comme nous parcourons les Actes dans le Nouveau Testament, nous pouvons voir beaucoup de parall\u00e8les entre l\u2019organisation de la Premi\u00e8re \u00c9glise Chr\u00e9tienne \u00e9tablie par des disciples humbles, consacr\u00e9s et l\u2019\u00c9glise Chr\u00e9tienne de Dieu des derniers jours aussi organis\u00e9e et \u00e9tabli par des disciples humbles et consacr\u00e9s.<\/p>\n<p class=\"p1\" style=\"text-align: justify;\">Les versets\u00a01-3 nous parlent d\u2019un groupe de premiers chr\u00e9tiens en 45 ap J.-C., pr\u00eachant le Seigneur \u00e0 Antioche. Ils sont encourag\u00e9s par l\u2019Esprit-Saint \u00e0 mettre Paul et Barnabas \u00e0 part pour \u00ab\u00a0un nouveau travail,\u00a0\u00bb apporter \u00ab\u00a0au Monde\u00a0\u00bb le message de Christ, notre Sauveur\u00a0! De m\u00eame en 1852 ap J.-C., un groupe de premiers chr\u00e9tiens Adventistes pr\u00eachant le Seigneur dans le Rochester, \u00e0 New York, les \u00c9tats-Unis d\u2019Am\u00e9rique, sont encourag\u00e9s par l\u2019Esprit-Saint \u00e0 mettre Hiram Edson et John N. Loughborough \u00e0 part pour \u00ab\u00a0un nouveau travail, pour apporter au Monde\u00a0\u00bb\u00a0\u00ab\u00a0la V\u00e9rit\u00e9 Pr\u00e9sente\u00a0\u00bb le message du 7\u00e8me jour, le Sabbat et la Seconde venue de J\u00e9sus\u00a0!\u00a0\u00bb L\u2019a\u00een\u00e9, James White dit \u00e0 Hiram Edson\u00a0: \u00ab\u00a0Nous voulons que vous preniez le vieux Charlie, le cheval et le chariot que vous emmeniez le Fr\u00e8re Loughborough autour pour un circuit de six semaines au Sud-Ouest de New York pour qu\u2019il commence \u00e0 pr\u00eacher le message.\u00a0\u00bb <span class=\"s1\">Miracles in My Life. <\/span>J.N. Loughborough, p.31.<\/p>\n<p class=\"p1\" style=\"text-align: justify;\">Les versets\u00a042-49 nous disent que Paul et Barnabas prenaient au s\u00e9rieux la mission d\u2019\u00e9vang\u00e9lisation qu\u2019on leur avait confi\u00e9e et des milliers ont accept\u00e9 J\u00e9sus Christ comme leur Sauveur et Seigneur. Aujourd\u2019hui, il y a presque 20 millions de membres Adventistes du septi\u00e8me jour de l\u2019\u00c9glise de Dieu pour ces derniers jours de l\u2019histoire de la terre, qui t\u00e9moignent qu\u2019Edson, Loughborough et d\u2019autres ont pris au s\u00e9rieux la mission d\u2019\u00e9vang\u00e9lisation qui leur a \u00e9t\u00e9 confi\u00e9e. Mais qu\u2019en est \u2013il de vous et de moi\u00a0? Prenons-nous vraiment au s\u00e9rieux la mission qui nous a \u00e9t\u00e9 confi\u00e9 qui est de \u00ab\u00a0Dire au Monde\u00a0\u00bb que J\u00e9sus vient bient\u00f4t\u00a0?<\/p>\n<p class=\"p1\"><strong>Alice Voorheis<\/strong><br \/>\nSalari\u00e9 de l&rsquo;\u00e9ducation de la conf\u00e9rence G\u00e9n\u00e9rale \u00e0 la retraite<br \/>\nActuellement affect\u00e9e\u00a0au\u00a0Minist\u00e8re du Patrimoine Adventiste<\/p>\n<p class=\"p1\" style=\"text-align: right;\"><strong>Traduction<\/strong>\u00a0: REN\u00c9 David<\/p>\n","protected":false},"excerpt":{"rendered":"<p>1 Il y avait dans l&rsquo;Eglise d&rsquo;Antioche des proph\u00e8tes et des docteurs: Barnabas, Sim\u00e9on appel\u00e9 Niger, Lucius de Cyr\u00e8ne, Manahen, qui avait \u00e9t\u00e9 \u00e9lev\u00e9 avec H\u00e9rode le t\u00e9trarque, et Saul. 2 Pendant qu&rsquo;ils servaient le Seigneur dans leur minist\u00e8re et qu&rsquo;ils je\u00fbnaient, le Saint-Esprit dit: Mettez-moi \u00e0 part Barnabas et Saul pour l&rsquo;oeuvre \u00e0 laquelle [&hellip;]<\/p>\n","protected":false},"author":1,"featured_media":0,"comment_status":"open","ping_status":"open","sticky":false,"template":"","format":"audio","meta":{"_exactmetrics_skip_tracking":false,"_exactmetrics_sitenote_active":false,"_exactmetrics_sitenote_note":"","_exactmetrics_sitenote_category":0,"footnotes":""},"categories":[16],"tags":[],"_links":{"self":[{"href":"http:\/\/reveiletreforme.adventiste.re\/index.php?rest_route=\/wp\/v2\/posts\/3359"}],"collection":[{"href":"http:\/\/reveiletreforme.adventiste.re\/index.php?rest_route=\/wp\/v2\/posts"}],"about":[{"href":"http:\/\/reveiletreforme.adventiste.re\/index.php?rest_route=\/wp\/v2\/types\/post"}],"author":[{"embeddable":true,"href":"http:\/\/reveiletreforme.adventiste.re\/index.php?rest_route=\/wp\/v2\/users\/1"}],"replies":[{"embeddable":true,"href":"http:\/\/reveiletreforme.adventiste.re\/index.php?rest_route=%2Fwp%2Fv2%2Fcomments&post=3359"}],"version-history":[{"count":2,"href":"http:\/\/reveiletreforme.adventiste.re\/index.php?rest_route=\/wp\/v2\/posts\/3359\/revisions"}],"predecessor-version":[{"id":3362,"href":"http:\/\/reveiletreforme.adventiste.re\/index.php?rest_route=\/wp\/v2\/posts\/3359\/revisions\/3362"}],"wp:attachment":[{"href":"http:\/\/reveiletreforme.adventiste.re\/index.php?rest_route=%2Fwp%2Fv2%2Fmedia&parent=3359"}],"wp:term":[{"taxonomy":"category","embeddable":true,"href":"http:\/\/reveiletreforme.adventiste.re\/index.php?rest_route=%2Fwp%2Fv2%2Fcategories&post=3359"},{"taxonomy":"post_tag","embeddable":true,"href":"http:\/\/reveiletreforme.adventiste.re\/index.php?rest_route=%2Fwp%2Fv2%2Ftags&post=3359"}],"curies":[{"name":"wp","href":"https:\/\/api.w.org\/{rel}","templated":true}]}}