{"id":3379,"date":"2018-05-19T00:54:12","date_gmt":"2018-05-18T20:54:12","guid":{"rendered":"http:\/\/reveiletreforme.adventiste.re\/?p=3379"},"modified":"2018-05-11T23:29:21","modified_gmt":"2018-05-11T19:29:21","slug":"actes-25","status":"publish","type":"post","link":"http:\/\/reveiletreforme.adventiste.re\/?p=3379","title":{"rendered":"Actes 25"},"content":{"rendered":"<p class=\"p2\" style=\"text-align: justify;\"><b>1<\/b><b> <\/b>Festus, \u00e9tant arriv\u00e9 dans la province, monta trois jours apr\u00e8s de C\u00e9sar\u00e9e \u00e0 J\u00e9rusalem.<\/p>\n<p class=\"p2\" style=\"text-align: justify;\"><b>2<\/b><b> <\/b>Les principaux sacrificateurs et les principaux d&rsquo;entre les Juifs lui port\u00e8rent plainte contre Paul. Ils firent des instances aupr\u00e8s de lui, et,<\/p>\n<p class=\"p2\" style=\"text-align: justify;\"><b>3<\/b><b> <\/b>dans des vues hostiles, lui demand\u00e8rent comme une faveur qu&rsquo;il le f\u00eet venir \u00e0 J\u00e9rusalem. Ils pr\u00e9paraient un guet-apens, pour le tuer en chemin.<!--more--><\/p>\n<p class=\"p2\" style=\"text-align: justify;\"><b>4<\/b><b> <\/b>Festus r\u00e9pondit que Paul \u00e9tait gard\u00e9 \u00e0 C\u00e9sar\u00e9e, et que lui-m\u00eame devait partir sous peu.<\/p>\n<p class=\"p2\" style=\"text-align: justify;\"><b>5<\/b><b> <\/b>Que les principaux d&rsquo;entre vous descendent avec moi, dit-il, et s&rsquo;il y a quelque chose de coupable en cet homme, qu&rsquo;ils l&rsquo;accusent.<\/p>\n<p class=\"p2\" style=\"text-align: justify;\"><b>6<\/b><b> <\/b>Festus ne passa que huit \u00e0 dix jours parmi eux, puis il descendit \u00e0 C\u00e9sar\u00e9e. Le lendemain, s&rsquo;\u00e9tant assis sur son tribunal, il donna l&rsquo;ordre qu&rsquo;on amen\u00e2t Paul.<\/p>\n<p class=\"p2\" style=\"text-align: justify;\"><b>7<\/b><b> <\/b>Quand il fut arriv\u00e9, les Juifs qui \u00e9taient venus de J\u00e9rusalem l&rsquo;entour\u00e8rent, et port\u00e8rent contre lui de nombreuses et graves accusations, qu&rsquo;ils n&rsquo;\u00e9taient pas en \u00e9tat de prouver.<\/p>\n<p class=\"p2\" style=\"text-align: justify;\"><b>8<\/b><b> <\/b>Paul entreprit sa d\u00e9fense, en disant: Je n&rsquo;ai rien fait de coupable, ni contre la loi des Juifs, ni contre le temple, ni contre C\u00e9sar.<\/p>\n<p class=\"p2\" style=\"text-align: justify;\"><b>9<\/b><b> <\/b>Festus, d\u00e9sirant plaire aux Juifs, r\u00e9pondit \u00e0 Paul: Veux-tu monter \u00e0 J\u00e9rusalem, et y \u00eatre jug\u00e9 sur ces choses en ma pr\u00e9sence?<\/p>\n<p class=\"p2\" style=\"text-align: justify;\"><b>10<\/b><b> <\/b>Paul dit: C&rsquo;est devant le tribunal de C\u00e9sar que je comparais, c&rsquo;est l\u00e0 que je dois \u00eatre jug\u00e9. Je n&rsquo;ai fait aucun tort aux Juifs, comme tu le sais fort bien.<\/p>\n<p class=\"p2\" style=\"text-align: justify;\"><b>11<\/b><b> <\/b>Si j&rsquo;ai commis quelque injustice, ou quelque crime digne de mort, je ne refuse pas de mourir; mais, si les choses dont ils m&rsquo;accusent sont fausses, personne n&rsquo;a le droit de me livrer \u00e0 eux. J&rsquo;en appelle \u00e0 C\u00e9sar.<\/p>\n<p class=\"p2\" style=\"text-align: justify;\"><b>12<\/b><b> <\/b>Alors Festus, apr\u00e8s avoir d\u00e9lib\u00e9r\u00e9 avec le conseil, r\u00e9pondit: Tu en as appel\u00e9 \u00e0 C\u00e9sar; tu iras devant C\u00e9sar.<\/p>\n<p class=\"p2\" style=\"text-align: justify;\"><b>13<\/b><b> <\/b>Quelques jours apr\u00e8s, le roi Agrippa et B\u00e9r\u00e9nice arriv\u00e8rent \u00e0 C\u00e9sar\u00e9e, pour saluer Festus.<\/p>\n<p class=\"p2\" style=\"text-align: justify;\"><b>14<\/b><b> <\/b>Comme ils pass\u00e8rent l\u00e0 plusieurs jours, Festus exposa au roi l&rsquo;affaire de Paul, et dit: F\u00e9lix a laiss\u00e9 prisonnier un homme<\/p>\n<p class=\"p2\" style=\"text-align: justify;\"><b>15<\/b><b> <\/b>contre lequel, lorsque j&rsquo;\u00e9tais \u00e0 J\u00e9rusalem, les principaux sacrificateurs et les anciens des Juifs ont port\u00e9 plainte, en demandant sa condamnation.<\/p>\n<p class=\"p2\" style=\"text-align: justify;\"><b>16<\/b><b> <\/b>Je leur ai r\u00e9pondu que ce n&rsquo;est pas la coutume des Romains de livrer un homme avant que l&rsquo;inculp\u00e9 ait \u00e9t\u00e9 mis en pr\u00e9sence de ses accusateurs, et qu&rsquo;il ait eu la facult\u00e9 de se d\u00e9fendre sur les choses dont on l&rsquo;accuse.<\/p>\n<p class=\"p2\" style=\"text-align: justify;\"><b>17<\/b><b> <\/b>Ils sont donc venus ici, et, sans diff\u00e9rer, je m&rsquo;assis le lendemain sur mon tribunal, et je donnai l&rsquo;ordre qu&rsquo;on amen\u00e2t cet homme.<\/p>\n<p class=\"p2\" style=\"text-align: justify;\"><b>18<\/b><b> <\/b>Les accusateurs, s&rsquo;\u00e9tant pr\u00e9sent\u00e9s, ne lui imput\u00e8rent rien de ce que je supposais;<\/p>\n<p class=\"p2\" style=\"text-align: justify;\"><b>19<\/b><b> <\/b>ils avaient avec lui des discussions relatives \u00e0 leur religion particuli\u00e8re, et \u00e0 un certain J\u00e9sus qui est mort, et que Paul affirmait \u00eatre vivant.<\/p>\n<p class=\"p2\" style=\"text-align: justify;\"><b>20<\/b><b> <\/b>Ne sachant quel parti prendre dans ce d\u00e9bat, je lui demandai s&rsquo;il voulait aller \u00e0 J\u00e9rusalem, et y \u00eatre jug\u00e9 sur ces choses.<\/p>\n<p class=\"p2\" style=\"text-align: justify;\"><b>21<\/b><b> <\/b>Mais Paul en ayant appel\u00e9, pour que sa cause f\u00fbt r\u00e9serv\u00e9e \u00e0 la connaissance de l&#8217;empereur, j&rsquo;ai ordonn\u00e9 qu&rsquo;on le gard\u00e2t jusqu&rsquo;\u00e0 ce que je l&rsquo;envoyasse \u00e0 C\u00e9sar.<\/p>\n<p class=\"p2\" style=\"text-align: justify;\"><b>22<\/b><b> <\/b>Agrippa dit \u00e0 Festus: Je voudrais aussi entendre cet homme. Demain, r\u00e9pondit Festus, tu l&rsquo;entendras.<\/p>\n<p class=\"p2\" style=\"text-align: justify;\"><b>23<\/b><b> <\/b>Le lendemain donc, Agrippa et B\u00e9r\u00e9nice vinrent en grande pompe, et entr\u00e8rent dans le lieu de l&rsquo;audience avec les tribuns et les principaux de la ville. Sur l&rsquo;ordre de Festus, Paul fut amen\u00e9.<\/p>\n<p class=\"p2\" style=\"text-align: justify;\"><b>24<\/b><b> <\/b>Alors Festus dit: Roi Agrippa, et vous tous qui \u00eates pr\u00e9sents avec nous, vous voyez cet homme au sujet duquel toute la multitude des Juifs s&rsquo;est adress\u00e9e \u00e0 moi, soit \u00e0 J\u00e9rusalem, soit ici, en s&rsquo;\u00e9criant qu&rsquo;il ne devait plus vivre.<\/p>\n<p class=\"p2\" style=\"text-align: justify;\"><b>25<\/b><b> <\/b>Pour moi, ayant reconnu qu&rsquo;il n&rsquo;a rien fait qui m\u00e9rite la mort, et lui-m\u00eame en ayant appel\u00e9 \u00e0 l&#8217;empereur, j&rsquo;ai r\u00e9solu de le faire partir.<\/p>\n<p class=\"p2\" style=\"text-align: justify;\"><b>26<\/b><b> <\/b>Je n&rsquo;ai rien de certain \u00e0 \u00e9crire \u00e0 l&#8217;empereur sur son compte; c&rsquo;est pourquoi je l&rsquo;ai fait para\u00eetre devant vous, et surtout devant toi, roi Agrippa, afin de savoir qu&rsquo;\u00e9crire, apr\u00e8s qu&rsquo;il aura \u00e9t\u00e9 examin\u00e9.<\/p>\n<p class=\"p2\" style=\"text-align: justify;\"><b>27<\/b><b> <\/b>Car il me semble absurde d&rsquo;envoyer un prisonnier sans indiquer de quoi on l&rsquo;accuse.<\/p>\n<p class=\"p2\" style=\"text-align: justify;\"><strong>COMMENTAIRE<\/strong><\/p>\n<p class=\"p1\" style=\"text-align: justify;\">Le chapitre\u00a025 du livre des Actes nous pr\u00e9pare pour le suivant, au\u00a0moment o\u00f9 Paul parla \u00e0 Festus, le nouveau gouverneur. La semaine de son arriv\u00e9e dans la province de C\u00e9sar\u00e9e, Festus traita le cas de Paul qui avait \u00e9t\u00e9 maintenu en d\u00e9tention pendant deux ans.\u00a0\u00a0Festus r\u00e9alisa une injustice, car des Juifs voulaient que Paul soit jug\u00e9 \u00e0 J\u00e9rusalem. Aussi, il leur dit que Paul resterait \u00e0 C\u00e9sar\u00e9e et que s\u2019ils voulaient porter plainte, ils pourraient le faire en ce lieu en s\u2019adressant \u00e0 lui.<\/p>\n<p class=\"p1\" style=\"text-align: justify;\">Festus discerna que les accusations \u00e9taient fausses et put voir la haine v\u00e9h\u00e9mente que les Juifs avaient envers Paul. Il tenta un compromis\u00a0: Il lui demanda s\u2019il serait pr\u00eat \u00e0 \u00eatre jug\u00e9 par le Sanh\u00e9drin. Paul savait que sa peine serait la peine de mort- qu\u2019ils avaient complot\u00e9 pour le tuer alors qu\u2019il \u00e9tait \u00e0 J\u00e9rusalem .<\/p>\n<p class=\"p1\" style=\"text-align: justify;\">Aussi, en tant que citoyen romain, Paul fit appel \u00e0 C\u00e9sar. Si un citoyen romain estimait qu\u2019il n\u2019avait pas obtenu justice dans un tribunal provincial, il pouvait faire appel \u00e0 l\u2019empereur afin qu\u2019il puisse personnellement entendre son cas. Festus accepta la d\u00e9cision de Paul. Cela a d\u00fb \u00eatre profond\u00e9ment frustrant pour les ennemis de Paul. Ils ne pouvaient pas comprendre pourquoi ils leurs \u00e9taient impossibles d\u2019obtenir cet homme pour le tuer. Ils \u00e9chou\u00e8rent \u00e0 J\u00e9rusalem, ils avaient \u00e9chou\u00e9 devant le gouverneur pr\u00e9c\u00e9dent. Et maintenant, ils \u00e9chouaient de nouveau. \u00c9videmment, Dieu avait encore du travail pour Paul.<\/p>\n<p class=\"p1\" style=\"text-align: justify;\">Quand le roi Agrippa II &#8211; roi de Galil\u00e9e et de P\u00e9r\u00e9e &#8211; vint pr\u00e9senter ses hommages au nouveau gouverneur, Festus lui exposa le cas de Paul. Envoyer ce dernier \u00e0 Rome n\u2019\u00e9tait pas aussi simple que cela\u00a0: les accusations port\u00e9es contre un citoyen romain devaient \u00eatre accompagn\u00e9es d\u2019une lettre \u00e9crite d\u00e9crivant clairement les charges. Festus \u00e9tait perdu en ce qui concernait cet homme\u2009! Agrippa fut int\u00e9ress\u00e9 \u00e0 entendre Paul lui-m\u00eame, qui \u00e9tait devenu c\u00e9l\u00e8bre par ses actes au nom du Christ et avait cr\u00e9\u00e9 contre lui une haine intense parmi ses ennemis juifs.<\/p>\n<p class=\"p1\" style=\"text-align: justify;\">Regardez les contrastes\u2009! Voici, le roi, v\u00eatu de pourpre, et son \u00e9pouse Bernice &#8211; avec tout le faste d\u2019introductions royales et les pr\u00e9pos\u00e9s. Ensuite vient Festus, v\u00eatu de la couleur \u00e9carlate du gouverneur, et le cort\u00e8ge des commandants de la ville suivants derri\u00e8re lui, tous dans leur laiton brillant. En dernier vint Paul, un modeste disciple du Christ, dans les cha\u00eenes. Toute l\u2019attention est sur ce dernier homme.<\/p>\n<p class=\"p1\"><strong>Ron E. M. Clouzet<br \/>\n<\/strong>Directeur de l\u2019Institut d\u2019\u00e9vang\u00e9lisation<br \/>\nProfesseur de th\u00e9ologie<br \/>\nS\u00e9minaire, Universit\u00e9 Andrews<\/p>\n<p class=\"p1\" style=\"text-align: right;\"><strong>Traduction\u00a0:<\/strong> Steeve et Jeanina LENOGUE<\/p>\n","protected":false},"excerpt":{"rendered":"<p>1 Festus, \u00e9tant arriv\u00e9 dans la province, monta trois jours apr\u00e8s de C\u00e9sar\u00e9e \u00e0 J\u00e9rusalem. 2 Les principaux sacrificateurs et les principaux d&rsquo;entre les Juifs lui port\u00e8rent plainte contre Paul. Ils firent des instances aupr\u00e8s de lui, et, 3 dans des vues hostiles, lui demand\u00e8rent comme une faveur qu&rsquo;il le f\u00eet venir \u00e0 J\u00e9rusalem. Ils [&hellip;]<\/p>\n","protected":false},"author":1,"featured_media":0,"comment_status":"open","ping_status":"open","sticky":false,"template":"","format":"standard","meta":{"_exactmetrics_skip_tracking":false,"_exactmetrics_sitenote_active":false,"_exactmetrics_sitenote_note":"","_exactmetrics_sitenote_category":0,"footnotes":""},"categories":[16],"tags":[],"_links":{"self":[{"href":"http:\/\/reveiletreforme.adventiste.re\/index.php?rest_route=\/wp\/v2\/posts\/3379"}],"collection":[{"href":"http:\/\/reveiletreforme.adventiste.re\/index.php?rest_route=\/wp\/v2\/posts"}],"about":[{"href":"http:\/\/reveiletreforme.adventiste.re\/index.php?rest_route=\/wp\/v2\/types\/post"}],"author":[{"embeddable":true,"href":"http:\/\/reveiletreforme.adventiste.re\/index.php?rest_route=\/wp\/v2\/users\/1"}],"replies":[{"embeddable":true,"href":"http:\/\/reveiletreforme.adventiste.re\/index.php?rest_route=%2Fwp%2Fv2%2Fcomments&post=3379"}],"version-history":[{"count":1,"href":"http:\/\/reveiletreforme.adventiste.re\/index.php?rest_route=\/wp\/v2\/posts\/3379\/revisions"}],"predecessor-version":[{"id":3380,"href":"http:\/\/reveiletreforme.adventiste.re\/index.php?rest_route=\/wp\/v2\/posts\/3379\/revisions\/3380"}],"wp:attachment":[{"href":"http:\/\/reveiletreforme.adventiste.re\/index.php?rest_route=%2Fwp%2Fv2%2Fmedia&parent=3379"}],"wp:term":[{"taxonomy":"category","embeddable":true,"href":"http:\/\/reveiletreforme.adventiste.re\/index.php?rest_route=%2Fwp%2Fv2%2Fcategories&post=3379"},{"taxonomy":"post_tag","embeddable":true,"href":"http:\/\/reveiletreforme.adventiste.re\/index.php?rest_route=%2Fwp%2Fv2%2Ftags&post=3379"}],"curies":[{"name":"wp","href":"https:\/\/api.w.org\/{rel}","templated":true}]}}