{"id":3381,"date":"2018-02-20T00:48:44","date_gmt":"2018-02-19T20:48:44","guid":{"rendered":"http:\/\/reveiletreforme.adventiste.re\/?p=3381"},"modified":"2018-05-11T23:29:03","modified_gmt":"2018-05-11T19:29:03","slug":"actes-26","status":"publish","type":"post","link":"http:\/\/reveiletreforme.adventiste.re\/?p=3381","title":{"rendered":"Actes 26"},"content":{"rendered":"<p class=\"p2\" style=\"text-align: justify;\"><b>1<\/b><b> <\/b>Agrippa dit \u00e0 Paul: Il t&rsquo;est permis de parler pour ta d\u00e9fense. Et Paul, ayant \u00e9tendu la main, se justifia en ces termes:<\/p>\n<p class=\"p2\" style=\"text-align: justify;\"><b>2<\/b><b> <\/b>Je m&rsquo;estime heureux, roi Agrippa, d&rsquo;avoir aujourd&rsquo;hui \u00e0 me justifier devant toi de toutes les choses dont je suis accus\u00e9 par les Juifs,<\/p>\n<p class=\"p2\" style=\"text-align: justify;\"><b>3<\/b><b> <\/b>car tu connais parfaitement leurs coutumes et leurs discussions. Je te prie donc de m&rsquo;\u00e9couter avec patience.<!--more--><\/p>\n<p class=\"p2\" style=\"text-align: justify;\"><b>4<\/b><b> <\/b>Ma vie, d\u00e8s les premiers temps de ma jeunesse, est connue de tous les Juifs, puisqu&rsquo;elle s&rsquo;est pass\u00e9e \u00e0 J\u00e9rusalem, au milieu de ma nation.<\/p>\n<p class=\"p2\" style=\"text-align: justify;\"><b>5<\/b><b> <\/b>Ils savent depuis longtemps, s&rsquo;ils veulent le d\u00e9clarer, que j&rsquo;ai v\u00e9cu pharisien, selon la secte la plus rigide de notre religion.<\/p>\n<p class=\"p2\" style=\"text-align: justify;\"><b>6<\/b><b> <\/b>Et maintenant, je suis mis en jugement parce que j&rsquo;esp\u00e8re l&rsquo;accomplissement de la promesse que Dieu a faite \u00e0 nos p\u00e8res,<\/p>\n<p class=\"p2\" style=\"text-align: justify;\"><b>7<\/b><b> <\/b>et \u00e0 laquelle aspirent nos douze tribus, qui servent Dieu continuellement nuit et jour. C&rsquo;est pour cette esp\u00e9rance, \u00f4 roi, que je suis accus\u00e9 par des Juifs!<\/p>\n<p class=\"p2\" style=\"text-align: justify;\"><b>8<\/b><b> <\/b>Quoi! vous semble-t-il incroyable que Dieu ressuscite les morts?<\/p>\n<p class=\"p2\" style=\"text-align: justify;\"><b>9<\/b><b> <\/b>Pour moi, j&rsquo;avais cru devoir agir vigoureusement contre le nom de J\u00e9sus de Nazareth.<\/p>\n<p class=\"p2\" style=\"text-align: justify;\"><b>10<\/b><b> <\/b>C&rsquo;est ce que j&rsquo;ai fait \u00e0 J\u00e9rusalem. J&rsquo;ai jet\u00e9 en prison plusieurs des saints, ayant re\u00e7u ce pouvoir des principaux sacrificateurs, et, quand on les mettait \u00e0 mort, je joignais mon suffrage \u00e0 celui des autres.<\/p>\n<p class=\"p2\" style=\"text-align: justify;\"><b>11<\/b><b> <\/b>je les ai souvent ch\u00e2ti\u00e9s dans toutes les synagogues, et je les for\u00e7ais \u00e0 blasph\u00e9mer. Dans mes exc\u00e8s de fureur contre eux, je les pers\u00e9cutais m\u00eame jusque dans les villes \u00e9trang\u00e8res.<\/p>\n<p class=\"p2\" style=\"text-align: justify;\"><b>12<\/b><b> <\/b>C&rsquo;est dans ce but que je me rendis \u00e0 Damas, avec l&rsquo;autorisation et la permission des principaux sacrificateurs.<\/p>\n<p class=\"p2\" style=\"text-align: justify;\"><b>13<\/b><b> <\/b>Vers le milieu du jour, \u00f4 roi, je vis en chemin resplendir autour de moi et de mes compagnons une lumi\u00e8re venant du ciel, et dont l&rsquo;\u00e9clat surpassait celui du soleil.<\/p>\n<p class=\"p2\" style=\"text-align: justify;\"><b>14<\/b><b> <\/b>Nous tomb\u00e2mes tous par terre, et j&rsquo;entendis une voix qui me disait en langue h\u00e9bra\u00efque: Saul, Saul, pourquoi me pers\u00e9cutes-tu? Il te serait dur de regimber contre les aiguillons.<\/p>\n<p class=\"p2\" style=\"text-align: justify;\"><b>15<\/b><b> <\/b>Je r\u00e9pondis: Qui es-tu, Seigneur? Et le Seigneur dit: Je suis J\u00e9sus que tu pers\u00e9cutes.<\/p>\n<p class=\"p2\" style=\"text-align: justify;\"><b>16<\/b><b> <\/b>Mais l\u00e8ve-toi, et tiens-toi sur tes pieds; car je te suis apparu pour t&rsquo;\u00e9tablir ministre et t\u00e9moin des choses que tu as vues et de celles pour lesquelles je t&rsquo;appara\u00eetrai.<\/p>\n<p class=\"p2\" style=\"text-align: justify;\"><b>17<\/b><b> <\/b>Je t&rsquo;ai choisi du milieu de ce peuple et du milieu des pa\u00efens, vers qui je t&rsquo;envoie,<\/p>\n<p class=\"p2\" style=\"text-align: justify;\"><b>18<\/b><b> <\/b>afin que tu leur ouvres les yeux, pour qu&rsquo;ils passent des t\u00e9n\u00e8bres \u00e0 la lumi\u00e8re et de la puissance de Satan \u00e0 Dieu, pour qu&rsquo;ils re\u00e7oivent, par la foi en moi, le pardon des p\u00e9ch\u00e9s et l&rsquo;h\u00e9ritage avec les sanctifi\u00e9s.<\/p>\n<p class=\"p2\" style=\"text-align: justify;\"><b>19<\/b><b> <\/b>En cons\u00e9quence, roi Agrippa, je n&rsquo;ai point r\u00e9sist\u00e9 \u00e0 la vision c\u00e9leste:<\/p>\n<p class=\"p2\" style=\"text-align: justify;\"><b>20<\/b><b> <\/b>\u00e0 ceux de Damas d&rsquo;abord, puis \u00e0 J\u00e9rusalem, dans toute la Jud\u00e9e, et chez les pa\u00efens, j&rsquo;ai pr\u00each\u00e9 la repentance et la conversion \u00e0 Dieu, avec la pratique d&rsquo;oeuvres dignes de la repentance.<\/p>\n<p class=\"p2\" style=\"text-align: justify;\"><b>21<\/b><b> <\/b>Voil\u00e0 pourquoi les Juifs se sont saisis de moi dans le temple, et ont t\u00e2ch\u00e9 de me faire p\u00e9rir.<\/p>\n<p class=\"p2\" style=\"text-align: justify;\"><b>22<\/b><b> <\/b>Mais, gr\u00e2ce au secours de Dieu, j&rsquo;ai subsist\u00e9 jusqu&rsquo;\u00e0 ce jour, rendant t\u00e9moignage devant les petits et les grands, sans m&rsquo;\u00e9carter en rien de ce que les proph\u00e8tes et Mo\u00efse ont d\u00e9clar\u00e9 devoir arriver,<\/p>\n<p class=\"p2\" style=\"text-align: justify;\"><b>23<\/b><b> <\/b>savoir que le Christ souffrirait, et que, ressuscit\u00e9 le premier d&rsquo;entre les morts, il annoncerait la lumi\u00e8re au peuple et aux nations.<\/p>\n<p class=\"p2\" style=\"text-align: justify;\"><b>24<\/b><b> <\/b>Comme il parlait ainsi pour sa justification, Festus dit \u00e0 haute voix: Tu es fou, Paul! Ton grand savoir te fait d\u00e9raisonner.<\/p>\n<p class=\"p2\" style=\"text-align: justify;\"><b>25<\/b><b> <\/b>Je ne suis point fou, tr\u00e8s excellent Festus, r\u00e9pliqua Paul; ce sont, au contraire, des paroles de v\u00e9rit\u00e9 et de bon sens que je prononce.<\/p>\n<p class=\"p2\" style=\"text-align: justify;\"><b>26<\/b><b> <\/b>Le roi est instruit de ces choses, et je lui en parle librement; car je suis persuad\u00e9 qu&rsquo;il n&rsquo;en ignore aucune, puisque ce n&rsquo;est pas en cachette qu&rsquo;elles se sont pass\u00e9es.<\/p>\n<p class=\"p2\" style=\"text-align: justify;\"><b>27<\/b><b> <\/b>Crois-tu aux proph\u00e8tes, roi Agrippa?&#8230; Je sais que tu y crois.<\/p>\n<p class=\"p2\" style=\"text-align: justify;\"><b>28<\/b><b> <\/b>Et Agrippa dit \u00e0 Paul: Tu vas bient\u00f4t me persuader de devenir chr\u00e9tien!<\/p>\n<p class=\"p2\" style=\"text-align: justify;\"><b>29<\/b><b> <\/b>Paul r\u00e9pondit: Que ce soit bient\u00f4t ou que ce soit tard, plaise \u00e0 Dieu que non seulement toi, mais encore tous ceux qui m&rsquo;\u00e9coutent aujourd&rsquo;hui, vous deveniez tels que je suis, \u00e0 l&rsquo;exception de ces liens!<\/p>\n<p class=\"p2\" style=\"text-align: justify;\"><b>30<\/b><b> <\/b>Le roi, le gouverneur, B\u00e9r\u00e9nice, et tous ceux qui \u00e9taient assis avec eux se lev\u00e8rent,<\/p>\n<p class=\"p2\" style=\"text-align: justify;\"><b>31<\/b><b> <\/b>et, en se retirant, ils se disaient les uns aux autres: Cet homme n&rsquo;a rien fait qui m\u00e9rite la mort ou la prison.<\/p>\n<p class=\"p2\" style=\"text-align: justify;\"><b>32<\/b><b> <\/b>Et Agrippa dit \u00e0 Festus: Cet homme pouvait \u00eatre rel\u00e2ch\u00e9, s&rsquo;il n&rsquo;en e\u00fbt pas appel\u00e9 \u00e0 C\u00e9sar.<\/p>\n<p class=\"p1\" style=\"text-align: justify;\"><strong>COMMENTAIRE<\/strong><\/p>\n<p class=\"p1\" style=\"text-align: justify;\">Paul n\u2019aurait jamais pu obtenir un rendez-vous avec le gouverneur et le roi afin de leur faire entendre la bonne parole. Mais Dieu peut tout obtenir. Le roi Agrippa \u00e9tait au fait de tous les usages des juifs, ainsi Paul aurait pu ouvertement et directement aborder les aspects l\u00e9gaux qui apparemment justifiaient son proc\u00e8s. Mais \u00e0 la place il parla de sa conversion, commen\u00e7ant par son appartenance au Sanhedrin, envoy\u00e9 pour chasser et d\u00e9truire les chr\u00e9tiens, pour finir comme ap\u00f4tre de J\u00e9sus, avec pour devoir de chercher et de sauver ceux qui \u00e9taient perdus. Paul cherchait \u00e0 impressionner le roi ainsi que les personnes pr\u00e9sentes, en pr\u00e9sentant le changement radical d\u2019un homme alors plein d\u2019autosatisfaction, de haine pour les autres, dont les yeux se sont ouverts au vaste oc\u00e9an d\u2019amour de Dieu.<\/p>\n<p class=\"p1\" style=\"text-align: justify;\">Les personnes pr\u00e9sentes avaient entendu parler de J\u00e9sus et de ses disciples, mais ils n\u2019avaient jamais entendu l\u2019histoire qui avait tout chang\u00e9 chez un homme qui b\u00e9n\u00e9ficiait de toute leur attention.<\/p>\n<p class=\"p1\" style=\"text-align: justify;\">Une lumi\u00e8re plus \u00e9clatante que le soleil\u00a0? Une voix l\u2019interpellant par son nom\u00a0? La mission d\u2019\u00e9vang\u00e9liser les gentils afin qu\u2019ils se d\u00e9tournent \u00ab\u00a0de l\u2019obscurit\u00e9 pour la lumi\u00e8re et du pouvoir de Satan vers Dieu, afin que leurs p\u00e9ch\u00e9s soient pardonn\u00e9s et qu\u2019ils soient h\u00e9ritiers parmi ceux qui sont sanctifi\u00e9s par la foi\u00a0\u00bb en Christ\u00a0?<\/p>\n<p class=\"p1\" style=\"text-align: justify;\">Quelle remarquable histoire\u00a0!<\/p>\n<p class=\"p1\" style=\"text-align: justify;\">Puis Paul fit son plaidoyer \u00ab\u00a0je n\u2019ai pas tent\u00e9 de d\u00e9sob\u00e9ir \u00e0 la voix divine\u00a0\u00bb dit-il. Il commen\u00e7a \u00e0 pr\u00eacher J\u00e9sus imm\u00e9diatement, partout o\u00f9 il allait. C\u2019est pour cela que les juifs voulaient sa mort. Alors que tout ce qu\u2019il faisait c\u2019\u00e9tait aider \u00e0 r\u00e9aliser \u00ab\u00a0ce que Mo\u00efse et les proph\u00e8tes avaient annonc\u00e9- que le Christ allait souffrir, qu\u2019il serait le premier \u00e0 se relever d\u2019entre les morts et qu\u2019il apporterait la lumi\u00e8re aux peuples juifs ainsi qu\u2019aux nations (v 23). En d\u2019autres termes, Paul ne faisait rien, c\u2019\u00e9tait le plan de Dieu depuis des si\u00e8cles, afin le monde puisse\u00a0\u00bb se repentir\u00a0\u00bb et \u00ab\u00a0retourner \u00e0 Dieu\u00a0\u00bb (v20).<\/p>\n<p class=\"p1\" style=\"text-align: justify;\">Suite aux envol\u00e9es et au plaidoyer de Paul, Festus l\u2019interrompit, probablement embarrass\u00e9 par la puissance de ce prisonnier qui captait l\u2019attention de toute l\u2019assembl\u00e9e. Paul r\u00e9pondit poliment au gouverneur qu\u2019il ne disait que \u00ab\u00a0les paroles de v\u00e9rit\u00e9 et de raison\u00a0\u00bb (v25). Puis se tournant vers le roi il pr\u00e9senta sa derni\u00e8re plaidoirie\u00a0: \u00ab\u00a0Roi, Agrippa croyez vous les proph\u00e8tes\u00a0? Je sais que vous avez la foi\u00a0\u00bb (v27)<\/p>\n<p class=\"p1\" style=\"text-align: justify;\">Quand le roi dit que Paul risquait de faire de lui un adepte de J\u00e9sus, l\u2019ap\u00f4tre, rempli de compassion, d\u00e9clara son souhait, pour les personnes entendant sa voix ce jour-l\u00e0, qu\u2019elles deviennent aussi libres et joyeuses en Christ comme il l\u2019\u00e9tait lui m\u00eame, &#8211; et ceux malgr\u00e9 ses chaines.<\/p>\n<p class=\"p1\" style=\"text-align: justify;\">Le roi Agrippa \u00e9tait le dernier Herode. Jamais plus un roi juif n\u2019aurait une telle occasion de se repentir.<\/p>\n<p class=\"p1\" style=\"text-align: justify;\">Jesus avait d\u00e9clar\u00e9\u00a0: \u00ab\u00a0Et vous serez men\u00e9s devant les gouverneurs, et les rois, \u00e0 cause de moi, pour t\u00e9moigner devant eux et devant les Gentils. Mais quand ils vous livreront, ne vous inqui\u00e9tez pas ni de ce que vous direz, ni comment vous le direz; car il vous sera donn\u00e9 \u00e0 l\u2019heure m\u00eame ce que vous aurez \u00e0 dire. Car ce n\u2019est pas vous qui parlerez, mais c\u2019est l\u2019Esprit de votre P\u00e8re qui parlera en vous (Matt 10:18-20) C\u2019est ce qui se produisit ce jour-l\u00e0.<\/p>\n<p class=\"p1\" style=\"text-align: justify;\">Ron E. M. Clouzet<br \/>\nNAD Evangelism Institute Director<br \/>\nProfessor of Ministry and Theology<br \/>\nSeminary, Andrews University<\/p>\n<p class=\"p1\" style=\"text-align: right;\"><strong>Traduction :<\/strong> Raoul Mendy<\/p>\n","protected":false},"excerpt":{"rendered":"<p>1 Agrippa dit \u00e0 Paul: Il t&rsquo;est permis de parler pour ta d\u00e9fense. Et Paul, ayant \u00e9tendu la main, se justifia en ces termes: 2 Je m&rsquo;estime heureux, roi Agrippa, d&rsquo;avoir aujourd&rsquo;hui \u00e0 me justifier devant toi de toutes les choses dont je suis accus\u00e9 par les Juifs, 3 car tu connais parfaitement leurs coutumes [&hellip;]<\/p>\n","protected":false},"author":1,"featured_media":0,"comment_status":"open","ping_status":"open","sticky":false,"template":"","format":"standard","meta":{"_exactmetrics_skip_tracking":false,"_exactmetrics_sitenote_active":false,"_exactmetrics_sitenote_note":"","_exactmetrics_sitenote_category":0,"footnotes":""},"categories":[16],"tags":[],"_links":{"self":[{"href":"http:\/\/reveiletreforme.adventiste.re\/index.php?rest_route=\/wp\/v2\/posts\/3381"}],"collection":[{"href":"http:\/\/reveiletreforme.adventiste.re\/index.php?rest_route=\/wp\/v2\/posts"}],"about":[{"href":"http:\/\/reveiletreforme.adventiste.re\/index.php?rest_route=\/wp\/v2\/types\/post"}],"author":[{"embeddable":true,"href":"http:\/\/reveiletreforme.adventiste.re\/index.php?rest_route=\/wp\/v2\/users\/1"}],"replies":[{"embeddable":true,"href":"http:\/\/reveiletreforme.adventiste.re\/index.php?rest_route=%2Fwp%2Fv2%2Fcomments&post=3381"}],"version-history":[{"count":2,"href":"http:\/\/reveiletreforme.adventiste.re\/index.php?rest_route=\/wp\/v2\/posts\/3381\/revisions"}],"predecessor-version":[{"id":3383,"href":"http:\/\/reveiletreforme.adventiste.re\/index.php?rest_route=\/wp\/v2\/posts\/3381\/revisions\/3383"}],"wp:attachment":[{"href":"http:\/\/reveiletreforme.adventiste.re\/index.php?rest_route=%2Fwp%2Fv2%2Fmedia&parent=3381"}],"wp:term":[{"taxonomy":"category","embeddable":true,"href":"http:\/\/reveiletreforme.adventiste.re\/index.php?rest_route=%2Fwp%2Fv2%2Fcategories&post=3381"},{"taxonomy":"post_tag","embeddable":true,"href":"http:\/\/reveiletreforme.adventiste.re\/index.php?rest_route=%2Fwp%2Fv2%2Ftags&post=3381"}],"curies":[{"name":"wp","href":"https:\/\/api.w.org\/{rel}","templated":true}]}}