{"id":3403,"date":"2018-05-26T00:45:40","date_gmt":"2018-05-25T20:45:40","guid":{"rendered":"http:\/\/reveiletreforme.adventiste.re\/?p=3403"},"modified":"2018-05-20T10:05:12","modified_gmt":"2018-05-20T06:05:12","slug":"romains-4","status":"publish","type":"post","link":"http:\/\/reveiletreforme.adventiste.re\/?p=3403","title":{"rendered":"Romains 4"},"content":{"rendered":"<!--[if lt IE 9]><script>document.createElement('audio');<\/script><![endif]-->\n<audio class=\"wp-audio-shortcode\" id=\"audio-3403-1\" preload=\"none\" style=\"width: 100%;\" controls=\"controls\"><source type=\"audio\/mpeg\" src=\"http:\/\/reveiletreforme.adventiste.re\/wp-content\/uploads\/2015\/02\/romains-04.mp3?_=1\" \/><a href=\"http:\/\/reveiletreforme.adventiste.re\/wp-content\/uploads\/2015\/02\/romains-04.mp3\">http:\/\/reveiletreforme.adventiste.re\/wp-content\/uploads\/2015\/02\/romains-04.mp3<\/a><\/audio>\n<p class=\"p2\" style=\"text-align: justify;\"><b>1<\/b><b> <\/b>Que dirons-nous donc qu&rsquo;Abraham, notre p\u00e8re, a obtenu selon la chair?<\/p>\n<p class=\"p2\" style=\"text-align: justify;\"><b>2<\/b><b> <\/b>Si Abraham a \u00e9t\u00e9 justifi\u00e9 par les oeuvres, il a sujet de se glorifier, mais non devant Dieu.<\/p>\n<p class=\"p2\" style=\"text-align: justify;\"><b>3<\/b><b> <\/b>Car que dit l&rsquo;Ecriture? Abraham crut \u00e0 Dieu, et cela lui fut imput\u00e9 \u00e0 justice.<!--more--><\/p>\n<p class=\"p2\" style=\"text-align: justify;\"><b>4<\/b><b> <\/b>Or, \u00e0 celui qui fait une oeuvre, le salaire est imput\u00e9, non comme une gr\u00e2ce, mais comme une chose due;<\/p>\n<p class=\"p2\" style=\"text-align: justify;\"><b>5<\/b><b> <\/b>et \u00e0 celui qui ne fait point d&rsquo;oeuvre, mais qui croit en celui qui justifie l&rsquo;impie, sa foi lui est imput\u00e9e \u00e0 justice.<\/p>\n<p class=\"p2\" style=\"text-align: justify;\"><b>6<\/b><b> <\/b>De m\u00eame David exprime le bonheur de l&rsquo;homme \u00e0 qui Dieu impute la justice sans les oeuvres:<\/p>\n<p class=\"p2\" style=\"text-align: justify;\"><b>7<\/b><b> <\/b>Heureux ceux dont les iniquit\u00e9s sont pardonn\u00e9es, Et dont les p\u00e9ch\u00e9s sont couverts!<\/p>\n<p class=\"p2\" style=\"text-align: justify;\"><b>8<\/b><b> <\/b>Heureux l&rsquo;homme \u00e0 qui le Seigneur n&rsquo;impute pas son p\u00e9ch\u00e9!<\/p>\n<p class=\"p2\" style=\"text-align: justify;\"><b>9<\/b><b> <\/b>Ce bonheur n&rsquo;est-il que pour les circoncis, ou est-il \u00e9galement pour les incirconcis? Car nous disons que la foi fut imput\u00e9e \u00e0 justice \u00e0 Abraham.<\/p>\n<p class=\"p2\" style=\"text-align: justify;\"><b>10<\/b><b> <\/b>Comment donc lui fut-elle imput\u00e9e? Etait-ce apr\u00e8s, ou avant sa circoncision? Il n&rsquo;\u00e9tait pas encore circoncis, il \u00e9tait incirconcis.<\/p>\n<p class=\"p2\" style=\"text-align: justify;\"><b>11<\/b><b> <\/b>Et il re\u00e7ut le signe de la circoncision, comme sceau de la justice qu&rsquo;il avait obtenue par la foi quand il \u00e9tait incirconcis, afin d&rsquo;\u00eatre le p\u00e8re de tous les incirconcis qui croient, pour que la justice leur f\u00fbt aussi imput\u00e9e,<\/p>\n<p class=\"p2\" style=\"text-align: justify;\"><b>12<\/b><b> <\/b>et le p\u00e8re des circoncis, qui ne sont pas seulement circoncis, mais encore qui marchent sur les traces de la foi de notre p\u00e8re Abraham quand il \u00e9tait incirconcis.<\/p>\n<p class=\"p2\" style=\"text-align: justify;\"><b>13<\/b><b> <\/b>En effet, ce n&rsquo;est pas par la loi que l&rsquo;h\u00e9ritage du monde a \u00e9t\u00e9 promis \u00e0 Abraham ou \u00e0 sa post\u00e9rit\u00e9, c&rsquo;est par la justice de la foi.<\/p>\n<p class=\"p2\" style=\"text-align: justify;\"><b>14<\/b><b> <\/b>Car, si les h\u00e9ritiers le sont par la loi, la foi est vaine, et la promesse est an\u00e9antie,<\/p>\n<p class=\"p2\" style=\"text-align: justify;\"><b>15<\/b><b> <\/b>parce que la loi produit la col\u00e8re, et que l\u00e0 o\u00f9 il n&rsquo;y a point de loi il n&rsquo;y a point non plus de transgression.<\/p>\n<p class=\"p2\" style=\"text-align: justify;\"><b>16<\/b><b> <\/b>C&rsquo;est pourquoi les h\u00e9ritiers le sont par la foi, pour que ce soit par gr\u00e2ce, afin que la promesse soit assur\u00e9e \u00e0 toute la post\u00e9rit\u00e9, non seulement \u00e0 celle qui est sous la loi, mais aussi \u00e0 celle qui a la foi d&rsquo;Abraham, notre p\u00e8re \u00e0 tous,<\/p>\n<p class=\"p2\" style=\"text-align: justify;\"><b>17<\/b><b> <\/b>selon qu&rsquo;il est \u00e9crit: Je t&rsquo;ai \u00e9tabli p\u00e8re d&rsquo;un grand nombre de nations. Il est notre p\u00e8re devant celui auquel il a cru, Dieu, qui donne la vie aux morts, et qui appelle les choses qui ne sont point comme si elles \u00e9taient.<\/p>\n<p class=\"p2\" style=\"text-align: justify;\"><b>18<\/b><b> <\/b>Esp\u00e9rant contre toute esp\u00e9rance, il crut, en sorte qu&rsquo;il devint p\u00e8re d&rsquo;un grand nombre de nations, selon ce qui lui avait \u00e9t\u00e9 dit: Telle sera ta post\u00e9rit\u00e9.<\/p>\n<p class=\"p2\" style=\"text-align: justify;\"><b>19<\/b><b> <\/b>Et, sans faiblir dans la foi, il ne consid\u00e9ra point que son corps \u00e9tait d\u00e9j\u00e0 us\u00e9, puisqu&rsquo;il avait pr\u00e8s de cent ans, et que Sara n&rsquo;\u00e9tait plus en \u00e9tat d&rsquo;avoir des enfants.<\/p>\n<p class=\"p2\" style=\"text-align: justify;\"><b>20<\/b><b> <\/b>Il ne douta point, par incr\u00e9dulit\u00e9, au sujet de la promesse de Dieu; mais il fut fortifi\u00e9 par la foi, donnant gloire \u00e0 Dieu,<\/p>\n<p class=\"p2\" style=\"text-align: justify;\"><b>21<\/b><b> <\/b>et ayant la pleine conviction que ce qu&rsquo;il promet il peut aussi l&rsquo;accomplir.<\/p>\n<p class=\"p2\" style=\"text-align: justify;\"><b>22<\/b><b> <\/b>C&rsquo;est pourquoi cela lui fut imput\u00e9 \u00e0 justice.<\/p>\n<p class=\"p2\" style=\"text-align: justify;\"><b>23<\/b><b> <\/b>Mais ce n&rsquo;est pas \u00e0 cause de lui seul qu&rsquo;il est \u00e9crit que cela lui fut imput\u00e9;<\/p>\n<p class=\"p2\" style=\"text-align: justify;\"><b>24<\/b><b> <\/b>c&rsquo;est encore \u00e0 cause de nous, \u00e0 qui cela sera imput\u00e9, \u00e0 nous qui croyons en celui qui a ressuscit\u00e9 des morts J\u00e9sus notre Seigneur,<\/p>\n<p class=\"p2\" style=\"text-align: justify;\"><b>25<\/b><b> <\/b>lequel a \u00e9t\u00e9 livr\u00e9 pour nos offenses, et est ressuscit\u00e9 pour notre justification.<\/p>\n<p class=\"p2\" style=\"text-align: justify;\"><strong>COMMENTAIRE<\/strong><\/p>\n<p class=\"p1\" style=\"text-align: justify;\">Peut-\u00eatre vous demandez vous, apr\u00e8s avoir lu les trois premiers chapitres du livre de Romains, comment croire et recevoir le don gratuit de la justice. Dans ce chapitre, Paul introduit le puissant exemple d\u2019Abraham, afin que chacun de nous puissions suivre sa vie de foi. Dans les trois premiers versets, nous lisons qu\u2019Abraham n\u2019\u00e9tait pas justifi\u00e9 par les \u0153uvres, mais il est clair que \u00ab\u00a0Abraham crut en Dieu, et cela lui fut imput\u00e9 \u00e0 justice.\u00a0\u00bb\u00a0 Paul cite Gen\u00e8se\u00a015\u00a0: 6. C\u2019est un concept important dans les \u00c9critures que nous retrouvons quasiment dans les m\u00eames termes dans le livre de Galates\u00a03\u00a0: 6 et de Jacques 2:23.<\/p>\n<p class=\"p1\" style=\"text-align: justify;\">Ce que nous devons comprendre, c\u2019est que la foi d\u2019Abraham<span class=\"Apple-converted-space\">\u00a0 <\/span>en Dieu le d\u00e9clara juste. Dans Gen\u00e8se\u00a015\u00a0: 1-6, Abraham rappelle \u00e0 Dieu qu\u2019Il lui avait promis de faire de ses descendants une grande nation (Gen\u00e8se\u00a012). Pareillement, il rappelle \u00e0 Dieu qu\u2019il n\u2019a pas d\u2019enfant et que son serviteur Eliezer pourrait devenir son h\u00e9ritier. Dieu lui dit que quelqu\u2019un de sa propre chair sera son h\u00e9ritier. Humainement cela \u00e9tait impossible, cependant Dieu montre \u00e0 Abraham les \u00e9toiles dans le ciel, et Il lui promet que sa prosp\u00e9rit\u00e9 sera comme les \u00e9toiles du ciel (Gen\u00e8se\u00a015\u00a0: 2-5). Quand Abraham voit les \u00e9toiles, il se rappela que Dieu est Cr\u00e9ateur et que sa parole peut cr\u00e9er \u00e0 partir du n\u00e9ant. Il croit alors que Dieu peut donner la vie \u00e0 partir de l\u2019ut\u00e9rus mort de sa femme. Et Dieu le d\u00e9clare comme \u00e9tant un homme de foi.<\/p>\n<p class=\"p1\" style=\"text-align: justify;\">Paul nous conduit \u00e0 voir plus clairement qu\u2019Abraham n\u2019a pas gagn\u00e9 le salut, mais que la justice lui a \u00e9t\u00e9 cr\u00e9dit\u00e9e et par cela il fut d\u00e9clar\u00e9 juste avant m\u00eame d\u2019\u00eatre circoncis (versets. 4-15). Il d\u00e9crit la lutte dans la foi qu\u2019Abraham eut, afin de croire aux promesses de Dieu (versets. 16-25). Il d\u00fbt surmonter ses doutes et croire que l\u2019ut\u00e9rus mort de Sarah puisse donner naissance \u00e0 un fils. Nous lisons ensuite qu\u2019il croyait en \u00ab\u00a0Dieu, qui donne la vie aux morts, et qui appelle les choses qui ne sont point comme si elles \u00e9taient\u00a0\u00bb (verset. 17). Paul r\u00e9affirme la croyance en Dieu d\u2019Abraham en disant qu\u2019il \u00e9tait \u00ab\u00a0ayant la pleine conviction que ce qu\u2019il promet il peut aussi l\u2019accomplir. C\u2019est pourquoi cela lui fut imput\u00e9 \u00e0 justice.\u00a0\u00bb (versets. 21,22).<\/p>\n<p class=\"p1\" style=\"text-align: justify;\">Ce que nous pourrions tirer de cette exp\u00e9rience est que \u00ab\u00a0croire\u00a0\u00bb en Dieu, se r\u00e9f\u00e8re \u00e0 \u00eatre pleinement convaincu dans notre esprit que ce qu\u2019Il promet, Il est capable de le r\u00e9aliser. Cette persuasion est bas\u00e9e sur la puissance cr\u00e9atrice de la Parole de Dieu. Chacun d\u2019entre nous \u00e9tant pleinement d\u00e9termin\u00e9s \u00e0 croire que Dieu peut changer nos vies, tout comme Abraham le fut, sera compt\u00e9 comme juste au moment o\u00f9 Dieu nous donne la nouvelle naissance.<span class=\"Apple-converted-space\">\u00a0 <\/span>\u00c9galement comme le P\u00e8re a ressuscit\u00e9 J\u00e9sus-Christ d\u2019entre les morts au<span class=\"Apple-converted-space\">\u00a0 <\/span>verset\u00a024, Il peut nous aider \u00e0 marcher dans une nouvelle vie de foi (verset\u00a024).<\/p>\n<p class=\"p1\"><strong>Norman McNulty.<\/strong><br \/>\nNeurologue, \u00c9tats-Unis<\/p>\n<p class=\"p1\" style=\"text-align: right;\"><strong>Traduction<\/strong>\u00a0: Steeve et Jeanina LENOGUE<\/p>\n","protected":false},"excerpt":{"rendered":"<p>1 Que dirons-nous donc qu&rsquo;Abraham, notre p\u00e8re, a obtenu selon la chair? 2 Si Abraham a \u00e9t\u00e9 justifi\u00e9 par les oeuvres, il a sujet de se glorifier, mais non devant Dieu. 3 Car que dit l&rsquo;Ecriture? Abraham crut \u00e0 Dieu, et cela lui fut imput\u00e9 \u00e0 justice.<\/p>\n","protected":false},"author":1,"featured_media":0,"comment_status":"open","ping_status":"open","sticky":false,"template":"","format":"audio","meta":{"_exactmetrics_skip_tracking":false,"_exactmetrics_sitenote_active":false,"_exactmetrics_sitenote_note":"","_exactmetrics_sitenote_category":0,"footnotes":""},"categories":[16],"tags":[],"_links":{"self":[{"href":"http:\/\/reveiletreforme.adventiste.re\/index.php?rest_route=\/wp\/v2\/posts\/3403"}],"collection":[{"href":"http:\/\/reveiletreforme.adventiste.re\/index.php?rest_route=\/wp\/v2\/posts"}],"about":[{"href":"http:\/\/reveiletreforme.adventiste.re\/index.php?rest_route=\/wp\/v2\/types\/post"}],"author":[{"embeddable":true,"href":"http:\/\/reveiletreforme.adventiste.re\/index.php?rest_route=\/wp\/v2\/users\/1"}],"replies":[{"embeddable":true,"href":"http:\/\/reveiletreforme.adventiste.re\/index.php?rest_route=%2Fwp%2Fv2%2Fcomments&post=3403"}],"version-history":[{"count":1,"href":"http:\/\/reveiletreforme.adventiste.re\/index.php?rest_route=\/wp\/v2\/posts\/3403\/revisions"}],"predecessor-version":[{"id":3404,"href":"http:\/\/reveiletreforme.adventiste.re\/index.php?rest_route=\/wp\/v2\/posts\/3403\/revisions\/3404"}],"wp:attachment":[{"href":"http:\/\/reveiletreforme.adventiste.re\/index.php?rest_route=%2Fwp%2Fv2%2Fmedia&parent=3403"}],"wp:term":[{"taxonomy":"category","embeddable":true,"href":"http:\/\/reveiletreforme.adventiste.re\/index.php?rest_route=%2Fwp%2Fv2%2Fcategories&post=3403"},{"taxonomy":"post_tag","embeddable":true,"href":"http:\/\/reveiletreforme.adventiste.re\/index.php?rest_route=%2Fwp%2Fv2%2Ftags&post=3403"}],"curies":[{"name":"wp","href":"https:\/\/api.w.org\/{rel}","templated":true}]}}