{"id":3406,"date":"2018-05-27T00:58:31","date_gmt":"2018-05-26T20:58:31","guid":{"rendered":"http:\/\/reveiletreforme.adventiste.re\/?p=3406"},"modified":"2018-05-20T10:05:37","modified_gmt":"2018-05-20T06:05:37","slug":"romains-5","status":"publish","type":"post","link":"http:\/\/reveiletreforme.adventiste.re\/?p=3406","title":{"rendered":"Romains 5"},"content":{"rendered":"<!--[if lt IE 9]><script>document.createElement('audio');<\/script><![endif]-->\n<audio class=\"wp-audio-shortcode\" id=\"audio-3406-1\" preload=\"none\" style=\"width: 100%;\" controls=\"controls\"><source type=\"audio\/mpeg\" src=\"http:\/\/reveiletreforme.adventiste.re\/wp-content\/uploads\/2015\/02\/romains-05.mp3?_=1\" \/><a href=\"http:\/\/reveiletreforme.adventiste.re\/wp-content\/uploads\/2015\/02\/romains-05.mp3\">http:\/\/reveiletreforme.adventiste.re\/wp-content\/uploads\/2015\/02\/romains-05.mp3<\/a><\/audio>\n<p class=\"p2\" style=\"text-align: justify;\"><b>1<\/b><b> <\/b>Etant donc justifi\u00e9s par la foi, nous avons la paix avec Dieu par notre Seigneur J\u00e9sus-Christ,<\/p>\n<p class=\"p2\" style=\"text-align: justify;\"><b>2<\/b><b> <\/b>qui nous devons d&rsquo;avoir eu par la foi acc\u00e8s \u00e0 cette gr\u00e2ce, dans laquelle nous demeurons fermes, et nous nous glorifions dans l&rsquo;esp\u00e9rance de la gloire de Dieu.<\/p>\n<p class=\"p2\" style=\"text-align: justify;\"><b>3<\/b><b> <\/b>Bien plus, nous nous glorifions m\u00eame des afflictions, sachant que l&rsquo;affliction produit la pers\u00e9v\u00e9rance,<!--more--><\/p>\n<p class=\"p2\" style=\"text-align: justify;\"><b>4<\/b><b> <\/b>la pers\u00e9v\u00e9rance la victoire dans l&rsquo;\u00e9preuve, et cette victoire l&rsquo;esp\u00e9rance.<\/p>\n<p class=\"p2\" style=\"text-align: justify;\"><b>5<\/b><b> <\/b>Or, l&rsquo;esp\u00e9rance ne trompe point, parce que l&rsquo;amour de Dieu est r\u00e9pandu dans nos coeurs par le Saint-Esprit qui nous a \u00e9t\u00e9 donn\u00e9.<\/p>\n<p class=\"p2\" style=\"text-align: justify;\"><b>6<\/b><b> <\/b>Car, lorsque nous \u00e9tions encore sans force, Christ, au temps marqu\u00e9, est mort pour des impies.<\/p>\n<p class=\"p2\" style=\"text-align: justify;\"><b>7<\/b><b> <\/b>A peine mourrait-on pour un juste; quelqu&rsquo;un peut-\u00eatre mourrait-il pour un homme de bien.<\/p>\n<p class=\"p2\" style=\"text-align: justify;\"><b>8<\/b><b> <\/b>Mais Dieu prouve son amour envers nous, en ce que, lorsque nous \u00e9tions encore des p\u00e9cheurs, Christ est mort pour nous.<\/p>\n<p class=\"p2\" style=\"text-align: justify;\"><b>9<\/b><b> <\/b>A plus forte raison donc, maintenant que nous sommes justifi\u00e9s par son sang, serons-nous sauv\u00e9s par lui de la col\u00e8re.<\/p>\n<p class=\"p2\" style=\"text-align: justify;\"><b>10<\/b><b> <\/b>Car si, lorsque nous \u00e9tions ennemis, nous avons \u00e9t\u00e9 r\u00e9concili\u00e9s avec Dieu par la mort de son Fils, \u00e0 plus forte raison, \u00e9tant r\u00e9concili\u00e9s, serons-nous sauv\u00e9s par sa vie.<\/p>\n<p class=\"p2\" style=\"text-align: justify;\"><b>11<\/b><b> <\/b>Et non seulement cela, mais encore nous nous glorifions en Dieu par notre Seigneur J\u00e9sus-Christ, par qui maintenant nous avons obtenu la r\u00e9conciliation.<\/p>\n<p class=\"p2\" style=\"text-align: justify;\"><b>12<\/b><b> <\/b>C&rsquo;est pourquoi, comme par un seul homme le p\u00e9ch\u00e9 est entr\u00e9 dans le monde, et par le p\u00e9ch\u00e9 la mort, et qu&rsquo;ainsi la mort s&rsquo;est \u00e9tendue sur tous les hommes, parce que tous ont p\u00e9ch\u00e9,&#8230;<\/p>\n<p class=\"p2\" style=\"text-align: justify;\"><b>13<\/b><b> <\/b>car jusqu&rsquo;\u00e0 la loi le p\u00e9ch\u00e9 \u00e9tait dans le monde. Or, le p\u00e9ch\u00e9 n&rsquo;est pas imput\u00e9, quand il n&rsquo;y a point de loi.<\/p>\n<p class=\"p2\" style=\"text-align: justify;\"><b>14<\/b><b> <\/b>Cependant la mort a r\u00e9gn\u00e9 depuis Adam jusqu&rsquo;\u00e0 Mo\u00efse, m\u00eame sur ceux qui n&rsquo;avaient pas p\u00e9ch\u00e9 par une transgression semblable \u00e0 celle d&rsquo;Adam, lequel est la figure de celui qui devait venir.<\/p>\n<p class=\"p2\" style=\"text-align: justify;\"><b>15<\/b><b> <\/b>Mais il n&rsquo;en est pas du don gratuit comme de l&rsquo;offense; car, si par l&rsquo;offense d&rsquo;un seul il en est beaucoup qui sont morts, \u00e0 plus forte raison la gr\u00e2ce de Dieu et le don de la gr\u00e2ce venant d&rsquo;un seul homme, J\u00e9sus-Christ, ont-ils \u00e9t\u00e9 abondamment r\u00e9pandus sur beaucoup.<\/p>\n<p class=\"p2\" style=\"text-align: justify;\"><b>16<\/b><b> <\/b>Et il n&rsquo;en est pas du don comme de ce qui est arriv\u00e9 par un seul qui a p\u00e9ch\u00e9; car c&rsquo;est apr\u00e8s une seule offense que le jugement est devenu condamnation, tandis que le don gratuit devient justification apr\u00e8s plusieurs offenses.<\/p>\n<p class=\"p2\" style=\"text-align: justify;\"><b>17<\/b><b> <\/b>Si par l&rsquo;offense d&rsquo;un seul la mort a r\u00e9gn\u00e9 par lui seul, \u00e0 plus forte raison ceux qui re\u00e7oivent l&rsquo;abondance de la gr\u00e2ce et du don de la justice r\u00e9gneront-ils dans la vie par J\u00e9sus-Christ lui seul.<\/p>\n<p class=\"p2\" style=\"text-align: justify;\"><b>18<\/b><b> <\/b>Ainsi donc, comme par une seule offense la condamnation a atteint tous les hommes, de m\u00eame par un seul acte de justice la justification qui donne la vie s&rsquo;\u00e9tend \u00e0 tous les hommes.<\/p>\n<p class=\"p2\" style=\"text-align: justify;\"><b>19<\/b><b> <\/b>Car, comme par la d\u00e9sob\u00e9issance d&rsquo;un seul homme beaucoup ont \u00e9t\u00e9 rendus p\u00e9cheurs, de m\u00eame par l&rsquo;ob\u00e9issance d&rsquo;un seul beaucoup seront rendus justes.<\/p>\n<p class=\"p2\" style=\"text-align: justify;\"><b>20<\/b><b> <\/b>Or, la loi est intervenue pour que l&rsquo;offense abond\u00e2t, mais l\u00e0 o\u00f9 le p\u00e9ch\u00e9 a abond\u00e9, la gr\u00e2ce a surabond\u00e9,<\/p>\n<p class=\"p2\" style=\"text-align: justify;\"><b>21<\/b><b> <\/b>afin que, comme le p\u00e9ch\u00e9 a r\u00e9gn\u00e9 par la mort, ainsi la gr\u00e2ce r\u00e9gn\u00e2t par la justice pour la vie \u00e9ternelle, par J\u00e9sus-Christ notre Seigneur.<\/p>\n<p class=\"p2\" style=\"text-align: justify;\"><strong>COMMENTAIRE<\/strong><\/p>\n<p class=\"p1\" style=\"text-align: justify;\">Paul d\u00e9bute en ces termes \u00ab\u00a0C\u2019est pourquoi \u00e9tant justifi\u00e9s par la foi, nous avons la paix avec Dieu, par notre Seigneur J\u00e9sus-Christ, par lequel nous avons aussi acc\u00e8s par la foi \u00e0 cette gr\u00e2ce dans laquelle nous nous tenons fermes, et nous nous r\u00e9jouissons dans l\u2019esp\u00e9rance de la gloire de Dieu.\u00a0\u00bb<\/p>\n<p class=\"p1\" style=\"text-align: justify;\">Quelle b\u00e9n\u00e9diction que d\u2019\u00eatre en paix avec Dieu\u00a0! Quelle b\u00e9n\u00e9diction que d\u2019\u00eatre justifi\u00e9 par la foi\u00a0! Quelle b\u00e9n\u00e9diction que d\u2019\u00eatre totalement convaincu de la promesse de Dieu\u00a0! Quand nous avons cette foi, sur la base de ce Jesus a fait pour nous, nous sommes confiant en ce qui concerne notre relation \u00e0 Dieu. Alors que nous faisons l\u2019exp\u00e9rience de cette foi, Dieu la purifie \u00e0 travers les tribulations, exp\u00e9riences, et espoirs (1 Pierre 1:7). Ceux-ci sont les moyens par lesquels Dieu nous permet de fortifier notre foi (vs 3-5)<\/p>\n<p class=\"p1\" style=\"text-align: justify;\">Par la suite Paul d\u00e9crit la mort du Christ sur la croix comme l\u2019expiation de nos fautes (vs 6-11).<\/p>\n<p class=\"p1\" style=\"text-align: justify;\">Ce qui repr\u00e9sente la seconde fois dans Romain que la mort du Christ et la r\u00e9demption par son sang sont clairement mentionn\u00e9es (voir Rom. 3:24 , 25). Incroyable, alors que nous \u00e9tions encore p\u00eacheurs, Christ est mort pour nous\u00a0! Nous avons \u00e9t\u00e9 justifi\u00e9s par son sang et sauv\u00e9s de la col\u00e8re de Dieu \u00e0 travers lui. Non seulement \u00e9tions-nous justifi\u00e9s et r\u00e9concili\u00e9s avec Dieu par sa mort, mais Paul montre que nous avons aussi \u00e9t\u00e9 sauv\u00e9s par sa vie (vs 10). Dans les chapitres suivants, Paul nous apportera une compr\u00e9hension plus profonde encore de cette affirmation. Oui Jesus est mort pour nous sauver de la somme de nos p\u00e9ch\u00e9s et aussi pour nous donner le pouvoir de vivre la vie qu\u2019il a v\u00e9cu dans son corps de chair sur cette terre.<\/p>\n<p class=\"p1\" style=\"text-align: justify;\">Puis Paul d\u00e9crit l\u2019effet qu\u2019Adam et le Christ ont eu sur l\u2019humanit\u00e9. Le premier Adam a infect\u00e9 toute l\u2019humanit\u00e9 de m\u00eame que le second Adam (vs 12-21). \u00c0 cause d\u2019Adam le p\u00e9ch\u00e9, la mort touchent tous les humains, car tous ont p\u00e9ch\u00e9 (notez que la mort r\u00e9gnait d\u2019Adam \u00e0 Mo\u00efse, car il est le premier humain ressuscit\u00e9). Ainsi la mort a atteint tous les hommes, car tous ont choisi les m\u00eames voies p\u00e9cheresses.<\/p>\n<p class=\"p1\" style=\"text-align: justify;\">Adam annon\u00e7ait celui qui allait venir (le second Adam). Le choix d\u2019Adam de p\u00e9cher a eu pour effet que nous ayons tous une nature p\u00e9cheresse. Le second Adam fit lui aussi un choix qui pouvait affecter toute l\u2019humanit\u00e9, si nous choisissons tous d\u2019accepter le sens de sa mort sur la croix.<\/p>\n<p class=\"p1\" style=\"text-align: justify;\">\u00c0 cause du p\u00e9ch\u00e9 d\u2019Adam, toute sa descendance allait subir la mort et la condamnation \u00e9ternelle en choisissant de p\u00e9cher, \u00e0 cause de la faiblesse de la chair (voir Romain 8:3). Cependant la mort de J\u00e9sus a rendu possible pour chacun d\u2019entre nous le b\u00e9n\u00e9fice gratuitement de la justification, afin qu\u2019il soit dit en v\u00e9rit\u00e9, \u00ab\u00a0que la o\u00f9 le p\u00e9ch\u00e9 abonde, la gr\u00e2ce sur abonde\u00a0\u00bb<\/p>\n<p class=\"p1\" style=\"text-align: justify;\">Bien qu\u2019Adam ait eu un effet sur toute l\u2019humanit\u00e9 en transmettant \u00e0 chacun d\u2019entre nous une nature p\u00e9cheresse, la mort du Christ a le pouvoir de d\u00e9livrer toute l\u2019humanit\u00e9, si nous choisissons d\u2019accepter la gr\u00e2ce donn\u00e9e gratuitement. Quel sauveur\u00a0!<\/p>\n<p class=\"p3\"><strong>Norman<span class=\"Apple-converted-space\">\u00a0 <\/span>Mc Nully<\/strong><br \/>\nNeurologue, Lawrenceburg, TN, USA<\/p>\n<p class=\"p3\" style=\"text-align: right;\"><strong>Traduction<\/strong> : Raoul MENDY<\/p>\n","protected":false},"excerpt":{"rendered":"<p>1 Etant donc justifi\u00e9s par la foi, nous avons la paix avec Dieu par notre Seigneur J\u00e9sus-Christ, 2 qui nous devons d&rsquo;avoir eu par la foi acc\u00e8s \u00e0 cette gr\u00e2ce, dans laquelle nous demeurons fermes, et nous nous glorifions dans l&rsquo;esp\u00e9rance de la gloire de Dieu. 3 Bien plus, nous nous glorifions m\u00eame des afflictions, [&hellip;]<\/p>\n","protected":false},"author":1,"featured_media":0,"comment_status":"open","ping_status":"open","sticky":false,"template":"","format":"audio","meta":{"_exactmetrics_skip_tracking":false,"_exactmetrics_sitenote_active":false,"_exactmetrics_sitenote_note":"","_exactmetrics_sitenote_category":0,"footnotes":""},"categories":[16],"tags":[],"_links":{"self":[{"href":"http:\/\/reveiletreforme.adventiste.re\/index.php?rest_route=\/wp\/v2\/posts\/3406"}],"collection":[{"href":"http:\/\/reveiletreforme.adventiste.re\/index.php?rest_route=\/wp\/v2\/posts"}],"about":[{"href":"http:\/\/reveiletreforme.adventiste.re\/index.php?rest_route=\/wp\/v2\/types\/post"}],"author":[{"embeddable":true,"href":"http:\/\/reveiletreforme.adventiste.re\/index.php?rest_route=\/wp\/v2\/users\/1"}],"replies":[{"embeddable":true,"href":"http:\/\/reveiletreforme.adventiste.re\/index.php?rest_route=%2Fwp%2Fv2%2Fcomments&post=3406"}],"version-history":[{"count":1,"href":"http:\/\/reveiletreforme.adventiste.re\/index.php?rest_route=\/wp\/v2\/posts\/3406\/revisions"}],"predecessor-version":[{"id":3407,"href":"http:\/\/reveiletreforme.adventiste.re\/index.php?rest_route=\/wp\/v2\/posts\/3406\/revisions\/3407"}],"wp:attachment":[{"href":"http:\/\/reveiletreforme.adventiste.re\/index.php?rest_route=%2Fwp%2Fv2%2Fmedia&parent=3406"}],"wp:term":[{"taxonomy":"category","embeddable":true,"href":"http:\/\/reveiletreforme.adventiste.re\/index.php?rest_route=%2Fwp%2Fv2%2Fcategories&post=3406"},{"taxonomy":"post_tag","embeddable":true,"href":"http:\/\/reveiletreforme.adventiste.re\/index.php?rest_route=%2Fwp%2Fv2%2Ftags&post=3406"}],"curies":[{"name":"wp","href":"https:\/\/api.w.org\/{rel}","templated":true}]}}