{"id":3420,"date":"2018-05-30T00:06:46","date_gmt":"2018-05-29T20:06:46","guid":{"rendered":"http:\/\/reveiletreforme.adventiste.re\/?p=3420"},"modified":"2018-05-20T10:06:57","modified_gmt":"2018-05-20T06:06:57","slug":"romains-8","status":"publish","type":"post","link":"http:\/\/reveiletreforme.adventiste.re\/?p=3420","title":{"rendered":"Romains 8"},"content":{"rendered":"<!--[if lt IE 9]><script>document.createElement('audio');<\/script><![endif]-->\n<audio class=\"wp-audio-shortcode\" id=\"audio-3420-1\" preload=\"none\" style=\"width: 100%;\" controls=\"controls\"><source type=\"audio\/mpeg\" src=\"http:\/\/reveiletreforme.adventiste.re\/wp-content\/uploads\/2015\/03\/romains-08.mp3?_=1\" \/><a href=\"http:\/\/reveiletreforme.adventiste.re\/wp-content\/uploads\/2015\/03\/romains-08.mp3\">http:\/\/reveiletreforme.adventiste.re\/wp-content\/uploads\/2015\/03\/romains-08.mp3<\/a><\/audio>\n<p class=\"p2\" style=\"text-align: justify;\"><b>1<\/b><b> <\/b>Il n&rsquo;y a donc maintenant aucune condamnation pour ceux qui sont en J\u00e9sus-Christ.<\/p>\n<p class=\"p2\" style=\"text-align: justify;\"><b>2<\/b><b> <\/b>En effet, la loi de l&rsquo;esprit de vie en J\u00e9sus-Christ m&rsquo;a affranchi de la loi du p\u00e9ch\u00e9 et de la mort.<\/p>\n<p class=\"p2\" style=\"text-align: justify;\"><b>3<\/b><b> <\/b>Car chose impossible \u00e0 la loi, parce que la chair la rendait sans force, -Dieu a condamn\u00e9 le p\u00e9ch\u00e9 dans la chair, en envoyant, \u00e0 cause du p\u00e9ch\u00e9, son propre Fils dans une chair semblable \u00e0 celle du p\u00e9ch\u00e9,<!--more--><\/p>\n<p class=\"p2\" style=\"text-align: justify;\"><b>4<\/b><b> <\/b>et cela afin que la justice de la loi f\u00fbt accomplie en nous, qui marchons, non selon la chair, mais selon l&rsquo;esprit.<\/p>\n<p class=\"p2\" style=\"text-align: justify;\"><b>5<\/b><b> <\/b>Ceux, en effet, qui vivent selon la chair, s&rsquo;affectionnent aux choses de la chair, tandis que ceux qui vivent selon l&rsquo;esprit s&rsquo;affectionnent aux choses de l&rsquo;esprit.<\/p>\n<p class=\"p2\" style=\"text-align: justify;\"><b>6<\/b><b> <\/b>Et l&rsquo;affection de la chair, c&rsquo;est la mort, tandis que l&rsquo;affection de l&rsquo;esprit, c&rsquo;est la vie et la paix;<\/p>\n<p class=\"p2\" style=\"text-align: justify;\"><b>7<\/b><b> <\/b>car l&rsquo;affection de la chair est inimiti\u00e9 contre Dieu, parce qu&rsquo;elle ne se soumet pas \u00e0 la loi de Dieu, et qu&rsquo;elle ne le peut m\u00eame pas.<\/p>\n<p class=\"p2\" style=\"text-align: justify;\"><b>8<\/b><b> <\/b>Or ceux qui vivent selon la chair ne sauraient plaire \u00e0 Dieu.<\/p>\n<p class=\"p2\" style=\"text-align: justify;\"><b>9<\/b><b> <\/b>Pour vous, vous ne vivez pas selon la chair, mais selon l&rsquo;esprit, si du moins l&rsquo;Esprit de Dieu habite en vous. Si quelqu&rsquo;un n&rsquo;a pas l&rsquo;Esprit de Christ, il ne lui appartient pas.<\/p>\n<p class=\"p2\" style=\"text-align: justify;\"><b>10<\/b><b> <\/b>Et si Christ est en vous, le corps, il est vrai, est mort \u00e0 cause du p\u00e9ch\u00e9, mais l&rsquo;esprit est vie \u00e0 cause de la justice.<\/p>\n<p class=\"p2\" style=\"text-align: justify;\"><b>11<\/b><b> <\/b>Et si l&rsquo;Esprit de celui qui a ressuscit\u00e9 J\u00e9sus d&rsquo;entre les morts habite en vous, celui qui a ressuscit\u00e9 Christ d&rsquo;entre les morts rendra aussi la vie \u00e0 vos corps mortels par son Esprit qui habite en vous.<\/p>\n<p class=\"p2\" style=\"text-align: justify;\"><b>12<\/b><b> <\/b>Ainsi donc, fr\u00e8res, nous ne sommes point redevables \u00e0 la chair, pour vivre selon la chair.<\/p>\n<p class=\"p2\" style=\"text-align: justify;\"><b>13<\/b><b> <\/b>Si vous vivez selon la chair, vous mourrez; mais si par l&rsquo;Esprit vous faites mourir les actions du corps, vous vivrez,<\/p>\n<p class=\"p2\" style=\"text-align: justify;\"><b>14<\/b><b> <\/b>car tous ceux qui sont conduits par l&rsquo;Esprit de Dieu sont fils de Dieu.<\/p>\n<p class=\"p2\" style=\"text-align: justify;\"><b>15<\/b><b> <\/b>Et vous n&rsquo;avez point re\u00e7u un esprit de servitude, pour \u00eatre encore dans la crainte; mais vous avez re\u00e7u un Esprit d&rsquo;adoption, par lequel nous crions: Abba! P\u00e8re!<\/p>\n<p class=\"p2\" style=\"text-align: justify;\"><b>16<\/b><b> <\/b>L&rsquo;Esprit lui-m\u00eame rend t\u00e9moignage \u00e0 notre esprit que nous sommes enfants de Dieu.<\/p>\n<p class=\"p2\" style=\"text-align: justify;\"><b>17<\/b><b> <\/b>Or, si nous sommes enfants, nous sommes aussi h\u00e9ritiers: h\u00e9ritiers de Dieu, et coh\u00e9ritiers de Christ, si toutefois nous souffrons avec lui, afin d&rsquo;\u00eatre glorifi\u00e9s avec lui.<\/p>\n<p class=\"p2\" style=\"text-align: justify;\"><b>18<\/b><b> <\/b>J&rsquo;estime que les souffrances du temps pr\u00e9sent ne sauraient \u00eatre compar\u00e9es \u00e0 la gloire \u00e0 venir qui sera r\u00e9v\u00e9l\u00e9e pour nous.<\/p>\n<p class=\"p2\" style=\"text-align: justify;\"><b>19<\/b><b> <\/b>Aussi la cr\u00e9ation attend-elle avec un ardent d\u00e9sir la r\u00e9v\u00e9lation des fils de Dieu.<\/p>\n<p class=\"p2\" style=\"text-align: justify;\"><b>20<\/b><b> <\/b>Car la cr\u00e9ation a \u00e9t\u00e9 soumise \u00e0 la vanit\u00e9, -non de son gr\u00e9, mais \u00e0 cause de celui qui l&rsquo;y a soumise, avec l&rsquo;esp\u00e9rance<\/p>\n<p class=\"p2\" style=\"text-align: justify;\"><b>21<\/b><b> <\/b>qu&rsquo;elle aussi sera affranchie de la servitude de la corruption, pour avoir part \u00e0 la libert\u00e9 de la gloire des enfants de Dieu.<\/p>\n<p class=\"p2\" style=\"text-align: justify;\"><b>22<\/b><b> <\/b>Or, nous savons que, jusqu&rsquo;\u00e0 ce jour, la cr\u00e9ation tout enti\u00e8re soupire et souffre les douleurs de l&rsquo;enfantement.<\/p>\n<p class=\"p2\" style=\"text-align: justify;\"><b>23<\/b><b> <\/b>Et ce n&rsquo;est pas elle seulement; mais nous aussi, qui avons les pr\u00e9mices de l&rsquo;Esprit, nous aussi nous soupirons en nous-m\u00eames, en attendant l&rsquo;adoption, la r\u00e9demption de notre corps.<\/p>\n<p class=\"p2\" style=\"text-align: justify;\"><b>24<\/b><b> <\/b>Car c&rsquo;est en esp\u00e9rance que nous sommes sauv\u00e9s. Or, l&rsquo;esp\u00e9rance qu&rsquo;on voit n&rsquo;est plus esp\u00e9rance: ce qu&rsquo;on voit, peut-on l&rsquo;esp\u00e9rer encore?<\/p>\n<p class=\"p2\" style=\"text-align: justify;\"><b>25<\/b><b> <\/b>Mais si nous esp\u00e9rons ce que nous ne voyons pas, nous l&rsquo;attendons avec pers\u00e9v\u00e9rance.<\/p>\n<p class=\"p2\" style=\"text-align: justify;\"><b>26<\/b><b> <\/b>De m\u00eame aussi l&rsquo;Esprit nous aide dans notre faiblesse, car nous ne savons pas ce qu&rsquo;il nous convient de demander dans nos pri\u00e8res. Mais l&rsquo;Esprit lui-m\u00eame interc\u00e8de par des soupirs inexprimables;<\/p>\n<p class=\"p2\" style=\"text-align: justify;\"><b>27<\/b><b> <\/b>et celui qui sonde les coeurs conna\u00eet quelle est la pens\u00e9e de l&rsquo;Esprit, parce que c&rsquo;est selon Dieu qu&rsquo;il interc\u00e8de en faveur des saints.<\/p>\n<p class=\"p2\" style=\"text-align: justify;\"><b>28<\/b><b> <\/b>Nous savons, du reste, que toutes choses concourent au bien de ceux qui aiment Dieu, de ceux qui sont appel\u00e9s selon son dessein.<\/p>\n<p class=\"p2\" style=\"text-align: justify;\"><b>29<\/b><b> <\/b>Car ceux qu&rsquo;il a connus d&rsquo;avance, il les a aussi pr\u00e9destin\u00e9s \u00e0 \u00eatre semblables \u00e0 l&rsquo;image de son Fils, afin que son Fils f\u00fbt le premier-n\u00e9 entre plusieurs fr\u00e8res.<\/p>\n<p class=\"p2\" style=\"text-align: justify;\"><b>30<\/b><b> <\/b>Et ceux qu&rsquo;il a pr\u00e9destin\u00e9s, il les a aussi appel\u00e9s; et ceux qu&rsquo;il a appel\u00e9s, il les a aussi justifi\u00e9s; et ceux qu&rsquo;il a justifi\u00e9s, il les a aussi glorifi\u00e9s.<\/p>\n<p class=\"p2\" style=\"text-align: justify;\"><b>31<\/b><b> <\/b>Que dirons-nous donc \u00e0 l&rsquo;\u00e9gard de ces choses? Si Dieu est pour nous, qui sera contre nous?<\/p>\n<p class=\"p2\" style=\"text-align: justify;\"><b>32<\/b><b> <\/b>Lui, qui n&rsquo;a point \u00e9pargn\u00e9 son propre Fils, mais qui l&rsquo;a livr\u00e9 pour nous tous, comment ne nous donnera-t-il pas aussi toutes choses avec lui?<\/p>\n<p class=\"p2\" style=\"text-align: justify;\"><b>33<\/b><b> <\/b>Qui accusera les \u00e9lus de Dieu? C&rsquo;est Dieu qui justifie!<\/p>\n<p class=\"p2\" style=\"text-align: justify;\"><b>34<\/b><b> <\/b>Qui les condamnera? Christ est mort; bien plus, il est ressuscit\u00e9, il est \u00e0 la droite de Dieu, et il interc\u00e8de pour nous!<\/p>\n<p class=\"p2\" style=\"text-align: justify;\"><b>35<\/b><b> <\/b>Qui nous s\u00e9parera de l&rsquo;amour de Christ? Sera-ce la tribulation, ou l&rsquo;angoisse, ou la pers\u00e9cution, ou la faim, ou la nudit\u00e9, ou le p\u00e9ril, ou l&rsquo;\u00e9p\u00e9e?<\/p>\n<p class=\"p2\" style=\"text-align: justify;\"><b>36<\/b><b> <\/b>selon qu&rsquo;il est \u00e9crit: C&rsquo;est \u00e0 cause de toi qu&rsquo;on nous met \u00e0 mort tout le jour, Qu&rsquo;on nous regarde comme des brebis destin\u00e9es \u00e0 la boucherie.<\/p>\n<p class=\"p2\" style=\"text-align: justify;\"><b>37<\/b><b> <\/b>Mais dans toutes ces choses nous sommes plus que vainqueurs par celui qui nous a aim\u00e9s.<\/p>\n<p class=\"p2\" style=\"text-align: justify;\"><b>38<\/b><b> <\/b>Car j&rsquo;ai l&rsquo;assurance que ni la mort ni la vie, ni les anges ni les dominations, ni les choses pr\u00e9sentes ni les choses \u00e0 venir, ni les puissances,<\/p>\n<p class=\"p2\" style=\"text-align: justify;\"><b>39<\/b><b> <\/b>ni la hauteur, ni la profondeur, ni aucune autre cr\u00e9ature ne pourra nous s\u00e9parer de l&rsquo;amour de Dieu manifest\u00e9 en J\u00e9sus-Christ notre Seigneur.<\/p>\n<p class=\"p2\" style=\"text-align: justify;\"><strong>COMMENTAIRE<\/strong><\/p>\n<p class=\"p1\" style=\"text-align: justify;\">Ce chapitre est le chapitre cl\u00e9 de l\u2019explication de Paul de l\u2019\u00e9vangile, et c\u2019est l\u2019un des grands chapitres de toutes les Saintes \u00c9critures. Au premier verset, il r\u00e9sume tout ce qu\u2019il a dit dans les sept premiers chapitres en disant: \u00ab\u00a0Il n\u2019y a donc maintenant aucune condamnation &#8211; mais il y justification- pour ceux qui sont en J\u00e9sus-Christ, qui ne marche pas selon la chair, mais selon\u00a0\u00a0\u00a0\u00a0\u00a0\u00a0\u00a0\u00a0\u00a0\u00a0le Saint-Esprit.\u00a0\u00bb\u00a0\u00a0N\u2019avoir aucune condamnation veut dire que nous sommes en J\u00e9sus-Christ et que nous ne marchons pas selon la chair, mais que nous marchons selon la direction du Saint-Esprit. Christ nous a rendus libres du p\u00e9ch\u00e9 et de la mort.<\/p>\n<p class=\"p1\" style=\"text-align: justify;\">Paul nous rappelle que notre chair est faible. Cependant, Christ vint sous une apparence humaine et condamna le pouvoir du p\u00e9ch\u00e9, afin \u00ab\u00a0que la justice de la loi f\u00fbt accomplie en nous qui marchons non seulement selon la chair, mais selon l\u2019Esprit.\u00a0\u00bb(v.3,4). C\u2019est la justice par la foi. La pens\u00e9e charnelle est contre Dieu et cela m\u00e8ne \u00e0 la mort. Souvenez-vous que Paul a dit dans Romains 7:14 que \u00ab\u00a0Je suis charnel, vendu au p\u00e9ch\u00e9\u00a0\u00bb. Cependant, avoir un esprit spirituel c\u2019est avoir \u00ab\u00a0la vie et la paix\u00a0\u00bb. Ceux qui sont justifi\u00e9s par la foi ont la paix avec Dieu (v.5-8).<\/p>\n<p class=\"p1\" style=\"text-align: justify;\">Puis, Paul d\u00e9montre que la vie spirituelle est possible quand l\u2019Esprit de Dieu habite en nous permettant \u00e0 Christ de vivre en nous. Quand Christ vit en nous, le vieil homme du p\u00e9ch\u00e9 meurt et nous sommes spirituellement ressuscit\u00e9s pour vivre une nouvelle vie (v9-13). Mais si nous continuons \u00e0 vivre d\u2019apr\u00e8s la chair, nous mourrons, comme cit\u00e9 dans Romains 7. Mais nous avons la belle promesse que quand nous vivons une vie remplie de l\u2019Esprit, nous devenons les enfants de Dieu. Nous pouvons parler \u00e0 Dieu comme \u00e0 notre P\u00e8re. Pas seulement \u00e7a, mais tout comme J\u00e9sus est le Fils de Dieu, nous, devenus enfants de Dieu, sommes des h\u00e9ritiers au m\u00eame titre qu\u2019avec Christ\u00a0! Quel cadeau merveilleux que Dieu nous a donn\u00e9. La cr\u00e9ation enti\u00e8re attend\u00a0\u00a0que les enfants de Dieu qui sont des h\u00e9ritiers\u00a0\u00a0avec Christ se manifestent (v.14-19).<\/p>\n<p class=\"p1\" style=\"text-align: justify;\">Il y a les deux belles promesses que l\u2019Esprit rend acceptables nos pri\u00e8res \u00e0 Dieu et que toutes choses concourent au bien de ceux qui aiment Dieu (v.20-30). Alors que Paul compl\u00e8te ce chapitre en clarifiant l\u2019\u00e9vangile, quelle est sa conclusion\u00a0? C\u2019est l\u2019amour de Dieu qui justifie et \u00e7a quelque soit les tribulations que nous pourrions affronter ou quelque soit les pers\u00e9cutions qui pourraient s\u2019abattre sur nous, aussi longtemps que nous avons la gr\u00e2ce de Dieu qui justifie dans nos vies, nous avons aussi la promesse que rien ne peut nous s\u00e9parer de Dieu (v.31-39). Nous vivrons avec Lui \u00e0 travers les \u00e2ges sans fin de l\u2019\u00e9ternit\u00e9\u00a0!<\/p>\n<p class=\"p1\"><strong>Norman McNulty, M.D<\/strong>.<br \/>\nNeurologue, Lawrenceburg, TN, USA<\/p>\n<p class=\"p1\" style=\"text-align: right;\"><strong>Traduction<\/strong> : Carole &amp; Charles SAINT-LOUIS<\/p>\n","protected":false},"excerpt":{"rendered":"<p>1 Il n&rsquo;y a donc maintenant aucune condamnation pour ceux qui sont en J\u00e9sus-Christ. 2 En effet, la loi de l&rsquo;esprit de vie en J\u00e9sus-Christ m&rsquo;a affranchi de la loi du p\u00e9ch\u00e9 et de la mort. 3 Car chose impossible \u00e0 la loi, parce que la chair la rendait sans force, -Dieu a condamn\u00e9 le [&hellip;]<\/p>\n","protected":false},"author":1,"featured_media":0,"comment_status":"open","ping_status":"open","sticky":false,"template":"","format":"audio","meta":{"_exactmetrics_skip_tracking":false,"_exactmetrics_sitenote_active":false,"_exactmetrics_sitenote_note":"","_exactmetrics_sitenote_category":0,"footnotes":""},"categories":[16],"tags":[],"_links":{"self":[{"href":"http:\/\/reveiletreforme.adventiste.re\/index.php?rest_route=\/wp\/v2\/posts\/3420"}],"collection":[{"href":"http:\/\/reveiletreforme.adventiste.re\/index.php?rest_route=\/wp\/v2\/posts"}],"about":[{"href":"http:\/\/reveiletreforme.adventiste.re\/index.php?rest_route=\/wp\/v2\/types\/post"}],"author":[{"embeddable":true,"href":"http:\/\/reveiletreforme.adventiste.re\/index.php?rest_route=\/wp\/v2\/users\/1"}],"replies":[{"embeddable":true,"href":"http:\/\/reveiletreforme.adventiste.re\/index.php?rest_route=%2Fwp%2Fv2%2Fcomments&post=3420"}],"version-history":[{"count":1,"href":"http:\/\/reveiletreforme.adventiste.re\/index.php?rest_route=\/wp\/v2\/posts\/3420\/revisions"}],"predecessor-version":[{"id":3421,"href":"http:\/\/reveiletreforme.adventiste.re\/index.php?rest_route=\/wp\/v2\/posts\/3420\/revisions\/3421"}],"wp:attachment":[{"href":"http:\/\/reveiletreforme.adventiste.re\/index.php?rest_route=%2Fwp%2Fv2%2Fmedia&parent=3420"}],"wp:term":[{"taxonomy":"category","embeddable":true,"href":"http:\/\/reveiletreforme.adventiste.re\/index.php?rest_route=%2Fwp%2Fv2%2Fcategories&post=3420"},{"taxonomy":"post_tag","embeddable":true,"href":"http:\/\/reveiletreforme.adventiste.re\/index.php?rest_route=%2Fwp%2Fv2%2Ftags&post=3420"}],"curies":[{"name":"wp","href":"https:\/\/api.w.org\/{rel}","templated":true}]}}