{"id":3422,"date":"2018-05-31T00:12:52","date_gmt":"2018-05-30T20:12:52","guid":{"rendered":"http:\/\/reveiletreforme.adventiste.re\/?p=3422"},"modified":"2018-05-20T10:07:17","modified_gmt":"2018-05-20T06:07:17","slug":"romains-9","status":"publish","type":"post","link":"http:\/\/reveiletreforme.adventiste.re\/?p=3422","title":{"rendered":"Romains 9"},"content":{"rendered":"<!--[if lt IE 9]><script>document.createElement('audio');<\/script><![endif]-->\n<audio class=\"wp-audio-shortcode\" id=\"audio-3422-1\" preload=\"none\" style=\"width: 100%;\" controls=\"controls\"><source type=\"audio\/mpeg\" src=\"http:\/\/reveiletreforme.adventiste.re\/wp-content\/uploads\/2015\/03\/romains-09.mp3?_=1\" \/><a href=\"http:\/\/reveiletreforme.adventiste.re\/wp-content\/uploads\/2015\/03\/romains-09.mp3\">http:\/\/reveiletreforme.adventiste.re\/wp-content\/uploads\/2015\/03\/romains-09.mp3<\/a><\/audio>\n<p class=\"p2\" style=\"text-align: justify;\"><b>1<\/b><b> <\/b>Je dis la v\u00e9rit\u00e9 en Christ, je ne mens point, ma conscience m&rsquo;en rend t\u00e9moignage par le Saint-Esprit:<\/p>\n<p class=\"p2\" style=\"text-align: justify;\"><b>2<\/b><b> <\/b>J&rsquo;\u00e9prouve une grande tristesse, et j&rsquo;ai dans le coeur un chagrin continuel.<\/p>\n<p class=\"p2\" style=\"text-align: justify;\"><b>3<\/b><b> <\/b>Car je voudrais moi-m\u00eame \u00eatre anath\u00e8me et s\u00e9par\u00e9 de Christ pour mes fr\u00e8res, mes parents selon la chair,<!--more--><\/p>\n<p class=\"p2\" style=\"text-align: justify;\"><b>4<\/b><b> <\/b>qui sont Isra\u00e9lites, \u00e0 qui appartiennent l&rsquo;adoption, et la gloire, et les alliances, et la loi, et le culte, et les promesses,<\/p>\n<p class=\"p2\" style=\"text-align: justify;\"><b>5<\/b><b> <\/b>et les patriarches, et de qui est issu, selon la chair, le Christ, qui est au-dessus de toutes choses, Dieu b\u00e9ni \u00e9ternellement. Amen!<\/p>\n<p class=\"p2\" style=\"text-align: justify;\"><b>6<\/b><b> <\/b>Ce n&rsquo;est point \u00e0 dire que la parole de Dieu soit rest\u00e9e sans effet. Car tous ceux qui descendent d&rsquo;Isra\u00ebl ne sont pas Isra\u00ebl,<\/p>\n<p class=\"p2\" style=\"text-align: justify;\"><b>7<\/b><b> <\/b>et, pour \u00eatre la post\u00e9rit\u00e9 d&rsquo;Abraham, ils ne sont pas tous ses enfants; mais il est dit: En Isaac sera nomm\u00e9e pour toi une post\u00e9rit\u00e9,<\/p>\n<p class=\"p2\" style=\"text-align: justify;\"><b>8<\/b><b> <\/b>c&rsquo;est-\u00e0-dire que ce ne sont pas les enfants de la chair qui sont enfants de Dieu, mais que ce sont les enfants de la promesse qui sont regard\u00e9s comme la post\u00e9rit\u00e9.<\/p>\n<p class=\"p2\" style=\"text-align: justify;\"><b>9<\/b><b> <\/b>Voici, en effet, la parole de la promesse: Je reviendrai \u00e0 cette m\u00eame \u00e9poque, et Sara aura un fils.<\/p>\n<p class=\"p2\" style=\"text-align: justify;\"><b>10<\/b><b> <\/b>Et, de plus, il en fut ainsi de R\u00e9becca, qui con\u00e7ut du seul Isaac notre p\u00e8re;<\/p>\n<p class=\"p2\" style=\"text-align: justify;\"><b>11<\/b><b> <\/b>car, quoique les enfants ne fussent pas encore n\u00e9s et qu&rsquo;ils n&rsquo;eussent fait ni bien ni mal, -afin que le dessein d&rsquo;\u00e9lection de Dieu subsist\u00e2t, sans d\u00e9pendre des oeuvres, et par la seule volont\u00e9 de celui qui appelle, &#8211;<\/p>\n<p class=\"p2\" style=\"text-align: justify;\"><b>12<\/b><b> <\/b>il fut dit \u00e0 R\u00e9becca: L&rsquo;a\u00een\u00e9 sera assujetti au plus jeune;<\/p>\n<p class=\"p2\" style=\"text-align: justify;\"><b>13<\/b><b> <\/b>selon qu&rsquo;il est \u00e9crit: J&rsquo;ai aim\u00e9 Jacob Et j&rsquo;ai ha\u00ef Esa\u00fc.<\/p>\n<p class=\"p2\" style=\"text-align: justify;\"><b>14<\/b><b> <\/b>Que dirons-nous donc? Y a-t-il en Dieu de l&rsquo;injustice? Loin de l\u00e0!<\/p>\n<p class=\"p2\" style=\"text-align: justify;\"><b>15<\/b><b> <\/b>Car il dit \u00e0 Mo\u00efse: Je ferai mis\u00e9ricorde \u00e0 qui je fais mis\u00e9ricorde, et j&rsquo;aurai compassion de qui j&rsquo;ai compassion.<\/p>\n<p class=\"p2\" style=\"text-align: justify;\"><b>16<\/b><b> <\/b>Ainsi donc, cela ne d\u00e9pend ni de celui qui veut, ni de celui qui court, mais de Dieu qui fait mis\u00e9ricorde.<\/p>\n<p class=\"p2\" style=\"text-align: justify;\"><b>17<\/b><b> <\/b>Car l&rsquo;Ecriture dit \u00e0 Pharaon: Je t&rsquo;ai suscit\u00e9 \u00e0 dessein pour montrer en toi ma puissance, et afin que mon nom soit publi\u00e9 par toute la terre.<\/p>\n<p class=\"p2\" style=\"text-align: justify;\"><b>18<\/b><b> <\/b>Ainsi, il fait mis\u00e9ricorde \u00e0 qui il veut, et il endurcit qui il veut.<\/p>\n<p class=\"p2\" style=\"text-align: justify;\"><b>19<\/b><b> <\/b>Tu me diras: Pourquoi bl\u00e2me-t-il encore? Car qui est-ce qui r\u00e9siste \u00e0 sa volont\u00e9?<\/p>\n<p class=\"p2\" style=\"text-align: justify;\"><b>20<\/b><b> <\/b>O homme, toi plut\u00f4t, qui es-tu pour contester avec Dieu? Le vase d&rsquo;argile dira-t-il \u00e0 celui qui l&rsquo;a form\u00e9: Pourquoi m&rsquo;as-tu fait ainsi?<\/p>\n<p class=\"p2\" style=\"text-align: justify;\"><b>21<\/b><b> <\/b>Le potier n&rsquo;est-il pas ma\u00eetre de l&rsquo;argile, pour faire avec la m\u00eame masse un vase d&rsquo;honneur et un vase d&rsquo;un usage vil?<\/p>\n<p class=\"p2\" style=\"text-align: justify;\"><b>22<\/b><b> <\/b>Et que dire, si Dieu, voulant montrer sa col\u00e8re et faire conna\u00eetre sa puissance, a support\u00e9 avec une grande patience des vases de col\u00e8re form\u00e9s pour la perdition,<\/p>\n<p class=\"p2\" style=\"text-align: justify;\"><b>23<\/b><b> <\/b>et s&rsquo;il a voulu faire conna\u00eetre la richesse de sa gloire envers des vases de mis\u00e9ricorde qu&rsquo;il a d&rsquo;avance pr\u00e9par\u00e9s pour la gloire?<\/p>\n<p class=\"p2\" style=\"text-align: justify;\"><b>24<\/b><b> <\/b>Ainsi nous a-t-il appel\u00e9s, non seulement d&rsquo;entre les Juifs, mais encore d&rsquo;entre les pa\u00efens,<\/p>\n<p class=\"p2\" style=\"text-align: justify;\"><b>25<\/b><b> <\/b>selon qu&rsquo;il le dit dans Os\u00e9e: J&rsquo;appellerai mon peuple celui qui n&rsquo;\u00e9tait pas mon peuple, et bien-aim\u00e9e celle qui n&rsquo;\u00e9tait pas la bien-aim\u00e9e;<\/p>\n<p class=\"p2\" style=\"text-align: justify;\"><b>26<\/b><b> <\/b>et l\u00e0 o\u00f9 on leur disait: Vous n&rsquo;\u00eates pas mon peuple! ils seront appel\u00e9s fils du Dieu vivant.<\/p>\n<p class=\"p2\" style=\"text-align: justify;\"><b>27<\/b><b> <\/b>Esa\u00efe, de son c\u00f4t\u00e9, s&rsquo;\u00e9crie au sujet d&rsquo;Isra\u00ebl: Quand le nombre des fils d&rsquo;Isra\u00ebl serait comme le sable de la mer, Un reste seulement sera sauv\u00e9.<\/p>\n<p class=\"p2\" style=\"text-align: justify;\"><b>28<\/b><b> <\/b>Car le Seigneur ex\u00e9cutera pleinement et promptement sur la terre ce qu&rsquo;il a r\u00e9solu.<\/p>\n<p class=\"p2\" style=\"text-align: justify;\"><b>29<\/b><b> <\/b>Et, comme Esa\u00efe l&rsquo;avait dit auparavant: Si le Seigneur des arm\u00e9es Ne nous e\u00fbt laiss\u00e9 une post\u00e9rit\u00e9, Nous serions devenus comme Sodome, Nous aurions \u00e9t\u00e9 semblables \u00e0 Gomorrhe.<\/p>\n<p class=\"p2\" style=\"text-align: justify;\"><b>30<\/b><b> <\/b>Que dirons-nous donc? Les pa\u00efens, qui ne cherchaient pas la justice, ont obtenu la justice, la justice qui vient de la foi,<\/p>\n<p class=\"p2\" style=\"text-align: justify;\"><b>31<\/b><b> <\/b>tandis qu&rsquo;Isra\u00ebl, qui cherchait une loi de justice, n&rsquo;est pas parvenu \u00e0 cette loi.<\/p>\n<p class=\"p2\" style=\"text-align: justify;\"><b>32<\/b><b> <\/b>Pourquoi? Parce qu&rsquo;Isra\u00ebl l&rsquo;a cherch\u00e9e, non par la foi, mais comme provenant des oeuvres. Ils se sont heurt\u00e9s contre la pierre d&rsquo;achoppement,<\/p>\n<p class=\"p2\" style=\"text-align: justify;\"><b>33<\/b><b> <\/b>selon qu&rsquo;il est \u00e9crit: Voici, je mets en Sion une pierre d&rsquo;achoppement Et un rocher de scandale, Et celui qui croit en lui ne sera point confus.<\/p>\n<p class=\"p2\" style=\"text-align: justify;\"><strong>COMMENTAIRE<\/strong><\/p>\n<p class=\"p1\" style=\"text-align: justify;\">Apr\u00e8s que Paul ait \u00e9tabli une claire description de l\u2019\u00e9vangile dans les huit premiers chapitres, il passe aux applications pratiques de l\u2019\u00e9vangile dans la derni\u00e8re moiti\u00e9 du livre. Nous trouvons aussi qu\u2019il montre sa pr\u00e9occupation pour le peuple juif.<\/p>\n<p class=\"p1\" style=\"text-align: justify;\">Dans ce chapitre, Paul exprime sa tristesse profonde pour la condition spirituelle des juifs. Ce sont ses fr\u00e8res de chair, mais ils ne sont pas des fr\u00e8res spirituels.\u00a0\u00a0Dans le temps, certains juifs avaient accept\u00e9 le v\u00e9ritable \u00e9vangile, comme Isaac. Le sien fut une naissance miraculeuse, le commencement et la confirmation de la nouvelle alliance. Abraham avait d\u2019autres fils, mais ils n\u2019\u00e9taient pas les fils de l\u2019alliance. Ceux qui constituent l\u2019Isra\u00ebl spirituel doivent \u00eatre n\u00e9s de nouveau, ce qui est aussi un miracle. La naissance physique seule, m\u00eame si on nait juif, ne sauvera personne. Certains Adventistes du Septi\u00e8me Jour sont comme les anciens juifs.\u00a0\u00a0Nous avons la v\u00e9rit\u00e9, mais avons-nous foi en Christ pour le laisser r\u00e9aliser la naissance spirituelle que Dieu nous a promise.<\/p>\n<p class=\"p1\" style=\"text-align: justify;\">Paul a un d\u00e9bat int\u00e9ressant sur les diff\u00e9rentes r\u00e9ponses \u00e0 la gr\u00e2ce de Dieu. Jacob a r\u00e9pondu \u00e0 la gr\u00e2ce de Dieu, cependant \u00c9sa\u00fc ne l\u2019a pas fait. Dieu envoie Sa gr\u00e2ce et sa puissance \u00e0 Pharaon \u00e0 maintes reprises, mais Pharaon s\u2019endurcit dans le p\u00e9ch\u00e9. Ce n\u2019est pas de la faute de Dieu si certaines de Ses cr\u00e9atures ne r\u00e9pondent pas \u00e0 Sa gr\u00e2ce, et deviennent des vases \u00ab\u00a0pr\u00eates pour la destruction\u00a0\u00bb. Mais ceux qui r\u00e9pondent avec foi sont l\u2019argile du potier qu\u2019Il transforme en vases d\u2019honneur (v.11-24). Le paradoxe marquant c\u2019est que plusieurs juifs ont r\u00e9pondu \u00e0 la gr\u00e2ce de Dieu vue dans la personne de J\u00e9sus, mais ils l\u2019ont fait avec duret\u00e9 de c\u0153ur, et l\u2019ont mis \u00e0 mort. Ils avaient toute la v\u00e9rit\u00e9, mais ils n\u2019ont pas reconnu le Pourvoyeur de v\u00e9rit\u00e9. N\u00e9anmoins beaucoup de Gentils ont r\u00e9pondu \u00e0 la gr\u00e2ce de Dieu alors qu\u2019ils n\u2019avaient pas tous les avantages spirituels que les juifs avaient.<\/p>\n<p class=\"p1\" style=\"text-align: justify;\">Paul conclut le chapitre en citant Os\u00e9e, \u00c9sa\u00efe et les Psaumes. Nous avons tous err\u00e9 loin de Dieu comme la prostitu\u00e9e qui est devenue la femme d\u2019Os\u00e9e. Cependant \u00e0 travers la r\u00e9demption qui est en Christ, Dieu a fait de nous son peuple et nous sommes le reste \u00e0 travers lequel Il \u00ab\u00a0ex\u00e9cutera pleinement et promptement sur la terre ce qu\u2019il a r\u00e9solu.\u00a0\u00bb (v.25-33).<\/p>\n<p class=\"p1\" style=\"text-align: justify;\">Pour ceux du reste qui n\u2019auront pas une foi in\u00e9branlable, comme l\u2019ancien Isra\u00ebl, Christ est une pierre d\u2019achoppement. Cependant, ceux qui croient dans le J\u00e9sus des \u00c9critures seront transform\u00e9s en un reste qui n\u2019a point honte de Christ et Son \u00e9vangile.<\/p>\n<p class=\"p1\"><strong>Norman McNulty, M.D.<\/strong><br \/>\nNeurologue, Lawrenceburg, TN, USA<\/p>\n<p class=\"p1\" style=\"text-align: right;\"><strong>Traduction<\/strong>\u00a0: Carole &amp; Charles SAINT-LOUIS<\/p>\n","protected":false},"excerpt":{"rendered":"<p>1 Je dis la v\u00e9rit\u00e9 en Christ, je ne mens point, ma conscience m&rsquo;en rend t\u00e9moignage par le Saint-Esprit: 2 J&rsquo;\u00e9prouve une grande tristesse, et j&rsquo;ai dans le coeur un chagrin continuel. 3 Car je voudrais moi-m\u00eame \u00eatre anath\u00e8me et s\u00e9par\u00e9 de Christ pour mes fr\u00e8res, mes parents selon la chair,<\/p>\n","protected":false},"author":1,"featured_media":0,"comment_status":"open","ping_status":"open","sticky":false,"template":"","format":"audio","meta":{"_exactmetrics_skip_tracking":false,"_exactmetrics_sitenote_active":false,"_exactmetrics_sitenote_note":"","_exactmetrics_sitenote_category":0,"footnotes":""},"categories":[16],"tags":[],"_links":{"self":[{"href":"http:\/\/reveiletreforme.adventiste.re\/index.php?rest_route=\/wp\/v2\/posts\/3422"}],"collection":[{"href":"http:\/\/reveiletreforme.adventiste.re\/index.php?rest_route=\/wp\/v2\/posts"}],"about":[{"href":"http:\/\/reveiletreforme.adventiste.re\/index.php?rest_route=\/wp\/v2\/types\/post"}],"author":[{"embeddable":true,"href":"http:\/\/reveiletreforme.adventiste.re\/index.php?rest_route=\/wp\/v2\/users\/1"}],"replies":[{"embeddable":true,"href":"http:\/\/reveiletreforme.adventiste.re\/index.php?rest_route=%2Fwp%2Fv2%2Fcomments&post=3422"}],"version-history":[{"count":2,"href":"http:\/\/reveiletreforme.adventiste.re\/index.php?rest_route=\/wp\/v2\/posts\/3422\/revisions"}],"predecessor-version":[{"id":3424,"href":"http:\/\/reveiletreforme.adventiste.re\/index.php?rest_route=\/wp\/v2\/posts\/3422\/revisions\/3424"}],"wp:attachment":[{"href":"http:\/\/reveiletreforme.adventiste.re\/index.php?rest_route=%2Fwp%2Fv2%2Fmedia&parent=3422"}],"wp:term":[{"taxonomy":"category","embeddable":true,"href":"http:\/\/reveiletreforme.adventiste.re\/index.php?rest_route=%2Fwp%2Fv2%2Fcategories&post=3422"},{"taxonomy":"post_tag","embeddable":true,"href":"http:\/\/reveiletreforme.adventiste.re\/index.php?rest_route=%2Fwp%2Fv2%2Ftags&post=3422"}],"curies":[{"name":"wp","href":"https:\/\/api.w.org\/{rel}","templated":true}]}}