{"id":3425,"date":"2018-06-01T01:00:27","date_gmt":"2018-05-31T21:00:27","guid":{"rendered":"http:\/\/reveiletreforme.adventiste.re\/?p=3425"},"modified":"2018-05-20T10:07:49","modified_gmt":"2018-05-20T06:07:49","slug":"romains-10","status":"publish","type":"post","link":"http:\/\/reveiletreforme.adventiste.re\/?p=3425","title":{"rendered":"Romains 10"},"content":{"rendered":"<!--[if lt IE 9]><script>document.createElement('audio');<\/script><![endif]-->\n<audio class=\"wp-audio-shortcode\" id=\"audio-3425-1\" preload=\"none\" style=\"width: 100%;\" controls=\"controls\"><source type=\"audio\/mpeg\" src=\"http:\/\/reveiletreforme.adventiste.re\/wp-content\/uploads\/2015\/03\/romains-10.mp3?_=1\" \/><a href=\"http:\/\/reveiletreforme.adventiste.re\/wp-content\/uploads\/2015\/03\/romains-10.mp3\">http:\/\/reveiletreforme.adventiste.re\/wp-content\/uploads\/2015\/03\/romains-10.mp3<\/a><\/audio>\n<p class=\"p2\" style=\"text-align: justify;\"><b>1<\/b><b> <\/b>Fr\u00e8res, le voeu de mon coeur et ma pri\u00e8re \u00e0 Dieu pour eux, c&rsquo;est qu&rsquo;ils soient sauv\u00e9s.<\/p>\n<p class=\"p2\" style=\"text-align: justify;\"><b>2<\/b><b> <\/b>Je leur rends le t\u00e9moignage qu&rsquo;ils ont du z\u00e8le pour Dieu, mais sans intelligence:<\/p>\n<p class=\"p2\" style=\"text-align: justify;\"><b>3<\/b><b> <\/b>ne connaissant pas la justice de Dieu, et cherchant \u00e0 \u00e9tablir leur propre justice, ils ne se sont pas soumis \u00e0 la justice de Dieu;<!--more--><\/p>\n<p class=\"p2\" style=\"text-align: justify;\"><b>4<\/b><b> <\/b>car Christ est la fin de la loi, pour la justification de tous ceux qui croient.<\/p>\n<p class=\"p2\" style=\"text-align: justify;\"><b>5<\/b><b> <\/b>En effet, Mo\u00efse d\u00e9finit ainsi la justice qui vient de la loi: L&rsquo;homme qui mettra ces choses en pratique vivra par elles.<\/p>\n<p class=\"p2\" style=\"text-align: justify;\"><b>6<\/b><b> <\/b>Mais voici comment parle la justice qui vient de la foi: Ne dis pas en ton coeur: Qui montera au ciel? c&rsquo;est en faire descendre Christ;<\/p>\n<p class=\"p2\" style=\"text-align: justify;\"><b>7<\/b><b> <\/b>ou: Qui descendra dans l&rsquo;ab\u00eeme? c&rsquo;est faire remonter Christ d&rsquo;entre les morts.<\/p>\n<p class=\"p2\" style=\"text-align: justify;\"><b>8<\/b><b> <\/b>Que dit-elle donc? La parole est pr\u00e8s de toi, dans ta bouche et dans ton coeur. Or, c&rsquo;est la parole de la foi, que nous pr\u00eachons.<\/p>\n<p class=\"p2\" style=\"text-align: justify;\"><b>9<\/b><b> <\/b>Si tu confesses de ta bouche le Seigneur J\u00e9sus, et si tu crois dans ton coeur que Dieu l&rsquo;a ressuscit\u00e9 des morts, tu seras sauv\u00e9.<\/p>\n<p class=\"p2\" style=\"text-align: justify;\"><b>10<\/b><b> <\/b>Car c&rsquo;est en croyant du coeur qu&rsquo;on parvient \u00e0 la justice, et c&rsquo;est en confessant de la bouche qu&rsquo;on parvient au salut,<\/p>\n<p class=\"p2\" style=\"text-align: justify;\"><b>11<\/b><b> <\/b>selon ce que dit l&rsquo;Ecriture: Quiconque croit en lui ne sera point confus.<\/p>\n<p class=\"p2\" style=\"text-align: justify;\"><b>12<\/b><b> <\/b>Il n&rsquo;y a aucune diff\u00e9rence, en effet, entre le Juif et le Grec, puisqu&rsquo;ils ont tous un m\u00eame Seigneur, qui est riche pour tous ceux qui l&rsquo;invoquent.<\/p>\n<p class=\"p2\" style=\"text-align: justify;\"><b>13<\/b><b> <\/b>Car quiconque invoquera le nom du Seigneur sera sauv\u00e9.<\/p>\n<p class=\"p2\" style=\"text-align: justify;\"><b>14<\/b><b> <\/b>Comment donc invoqueront-ils celui en qui ils n&rsquo;ont pas cru? Et comment croiront-ils en celui dont ils n&rsquo;ont pas entendu parler? Et comment en entendront-ils parler, s&rsquo;il n&rsquo;y a personne qui pr\u00eache?<\/p>\n<p class=\"p2\" style=\"text-align: justify;\"><b>15<\/b><b> <\/b>Et comment y aura-t-il des pr\u00e9dicateurs, s&rsquo;ils ne sont pas envoy\u00e9s? selon qu&rsquo;il est \u00e9crit: Qu&rsquo;ils sont beaux Les pieds de ceux qui annoncent la paix, De ceux qui annoncent de bonnes nouvelles!<\/p>\n<p class=\"p2\" style=\"text-align: justify;\"><b>16<\/b><b> <\/b>Mais tous n&rsquo;ont pas ob\u00e9i \u00e0 la bonne nouvelle. Aussi Esa\u00efe dit-il: Seigneur, Qui a cru \u00e0 notre pr\u00e9dication?<\/p>\n<p class=\"p2\" style=\"text-align: justify;\"><b>17<\/b><b> <\/b>Ainsi la foi vient de ce qu&rsquo;on entend, et ce qu&rsquo;on entend vient de la parole de Christ.<\/p>\n<p class=\"p2\" style=\"text-align: justify;\"><b>18<\/b><b> <\/b>Mais je dis: N&rsquo;ont-ils pas entendu? Au contraire! Leur voix est all\u00e9e par toute la terre, Et leurs paroles jusqu&rsquo;aux extr\u00e9mit\u00e9s du monde.<\/p>\n<p class=\"p2\" style=\"text-align: justify;\"><b>19<\/b><b> <\/b>Mais je dis: Isra\u00ebl ne l&rsquo;a-t-il pas su? Mo\u00efse le premier dit: J&rsquo;exciterai votre jalousie par ce qui n&rsquo;est point une nation, je provoquerai votre col\u00e8re par une nation sans intelligence.<\/p>\n<p class=\"p2\" style=\"text-align: justify;\"><b>20<\/b><b> <\/b>Et Esa\u00efe pousse la hardiesse jusqu&rsquo;\u00e0 dire: J&rsquo;ai \u00e9t\u00e9 trouv\u00e9 par ceux qui ne me cherchaient pas, Je me suis manifest\u00e9 \u00e0 ceux qui ne me demandaient pas.<\/p>\n<p class=\"p2\" style=\"text-align: justify;\"><b>21<\/b><b> <\/b>Mais au sujet d&rsquo;Isra\u00ebl, il dit: J&rsquo;ai tendu mes mains tout le jour vers un peuple rebelle Et contredisant.<\/p>\n<p class=\"p2\" style=\"text-align: justify;\"><strong>COMMENTAIRE<\/strong><\/p>\n<p class=\"p1\" style=\"text-align: justify;\">Ce chapitre continue avec l\u2019int\u00e9r\u00eat de Paul pour la condition perdue de la nation juive. C\u2019est le d\u00e9sir de son c\u0153ur qu\u2019ils soient sauv\u00e9s. Malheureusement, le z\u00e8le qu\u2019ils ont pour Dieu n\u2019est pas bas\u00e9 sur les \u00c9critures, et ils ne savent pas ce qu\u2019est la v\u00e9ritable foi. Ils ont essay\u00e9 d\u2019\u00e9tablir leur propre justification, et ne se sont pas soumis \u00e0 Christ lorsqu\u2019il se r\u00e9v\u00e9la \u00e0 eux.<\/p>\n<p class=\"p1\" style=\"text-align: justify;\">Paul dit, \u00ab\u00a0car Christ est la fin de la loi, pour la justification de tous ceux qui croient\u00a0\u00bb (v.4). Cela ne signifie pas que la loi dispara\u00eet. Dans le chapitre pr\u00e9c\u00e9dent, il le dit clairement, \u00ab\u00a0afin que la justice de la loi f\u00fbt accomplie en nous, qui marchons, non selon la chair, mais selon l\u2019Esprit.\u00a0\u00bb (Rom\u00a08.4). Cela nous montre que Christ a accompli la loi pour nous et nous pouvons exp\u00e9rimenter sa justification en regardant \u00e0 lui, plut\u00f4t qu\u2019\u00e0 la loi.<\/p>\n<p class=\"p1\" style=\"text-align: justify;\">Puis il cite Deut\u00e9ronome\u00a030.12,13 pour d\u00e9crire la foi. Le probl\u00e8me est que certains disent qu\u2019ils croiraient s\u2019ils pouvaient aller au ciel et y voir Christ. D\u2019autres disent qu\u2019ils croiraient si ils pouvaient voir de leurs propres yeux Christ ressuscit\u00e9 (v.5-6). Puis il montre que la vraie foi croit en la parole pr\u00each\u00e9e que J\u00e9sus est vrai et que Dieu le ressuscita des morts. Dans nos c\u0153urs, nous croyons et nous sommes totalement persuad\u00e9s de la justification de Christ et nous le confessons de notre bouche (v.7-13). Personne n\u2019aura honte de confesser ouvertement leur foi en Christ, car il est la puissance de Dieu par le salut.<\/p>\n<p class=\"p1\" style=\"text-align: justify;\">Ensuite Paul fait un appel \u00e9vang\u00e9lique et demande aux croyants de pr\u00eacher l\u2019\u00e9vangile de paix \u00e0 ceux qui ne croient pas (v.14-18). On a besoin de pr\u00e9dicateur pour \u00e9vang\u00e9liser le monde, et il cite Esa\u00efe\u00a052.7 pour d\u00e9crire la beaut\u00e9 des pieds de ceux qui apportent la nouvelle \u00e0 ceux qui ne l\u2019ont jamais entendu. Cette pr\u00e9dication conduit ceux qui entendent la parole de Dieu \u00e0 la foi. Les \u00e9vang\u00e9listes aujourd\u2019hui doivent continuer \u00e0 pr\u00eacher la simplicit\u00e9 et la puissance de l\u2019\u00e9vangile qui m\u00e8ne \u00e0 la foi et \u00e0 la transformation. Paul ferme cette section en citant Psaume\u00a019.4 pour montrer que les mots des pr\u00e9dicateurs ont parcouru toutes extr\u00e9mit\u00e9s du monde.<\/p>\n<p class=\"p1\" style=\"text-align: justify;\">Dans les trois derniers versets du chapitre, Paul cite Mo\u00efse en montrant que Dieu passera de la nation juive aux non-juifs, car ils ont rejet\u00e9 le Christ. Il a fait tout ce qu\u2019il a pu pour les atteindre, pourtant en tant que peuple ils rest\u00e8rent d\u00e9sob\u00e9issants et rebels. (\u00c9sa\u00efe 65.1-2).<\/p>\n<p class=\"p1\"><strong>Norman McNulty, M.D.<\/strong><br \/>\nNeurologue, Lawrenceburg, TN, USA<\/p>\n<p class=\"p1\" style=\"text-align: right;\"><strong>Traduction<\/strong> : S\u00e9phora PANON<\/p>\n","protected":false},"excerpt":{"rendered":"<p>1 Fr\u00e8res, le voeu de mon coeur et ma pri\u00e8re \u00e0 Dieu pour eux, c&rsquo;est qu&rsquo;ils soient sauv\u00e9s. 2 Je leur rends le t\u00e9moignage qu&rsquo;ils ont du z\u00e8le pour Dieu, mais sans intelligence: 3 ne connaissant pas la justice de Dieu, et cherchant \u00e0 \u00e9tablir leur propre justice, ils ne se sont pas soumis \u00e0 [&hellip;]<\/p>\n","protected":false},"author":1,"featured_media":0,"comment_status":"open","ping_status":"open","sticky":false,"template":"","format":"audio","meta":{"_exactmetrics_skip_tracking":false,"_exactmetrics_sitenote_active":false,"_exactmetrics_sitenote_note":"","_exactmetrics_sitenote_category":0,"footnotes":""},"categories":[16],"tags":[],"_links":{"self":[{"href":"http:\/\/reveiletreforme.adventiste.re\/index.php?rest_route=\/wp\/v2\/posts\/3425"}],"collection":[{"href":"http:\/\/reveiletreforme.adventiste.re\/index.php?rest_route=\/wp\/v2\/posts"}],"about":[{"href":"http:\/\/reveiletreforme.adventiste.re\/index.php?rest_route=\/wp\/v2\/types\/post"}],"author":[{"embeddable":true,"href":"http:\/\/reveiletreforme.adventiste.re\/index.php?rest_route=\/wp\/v2\/users\/1"}],"replies":[{"embeddable":true,"href":"http:\/\/reveiletreforme.adventiste.re\/index.php?rest_route=%2Fwp%2Fv2%2Fcomments&post=3425"}],"version-history":[{"count":1,"href":"http:\/\/reveiletreforme.adventiste.re\/index.php?rest_route=\/wp\/v2\/posts\/3425\/revisions"}],"predecessor-version":[{"id":3426,"href":"http:\/\/reveiletreforme.adventiste.re\/index.php?rest_route=\/wp\/v2\/posts\/3425\/revisions\/3426"}],"wp:attachment":[{"href":"http:\/\/reveiletreforme.adventiste.re\/index.php?rest_route=%2Fwp%2Fv2%2Fmedia&parent=3425"}],"wp:term":[{"taxonomy":"category","embeddable":true,"href":"http:\/\/reveiletreforme.adventiste.re\/index.php?rest_route=%2Fwp%2Fv2%2Fcategories&post=3425"},{"taxonomy":"post_tag","embeddable":true,"href":"http:\/\/reveiletreforme.adventiste.re\/index.php?rest_route=%2Fwp%2Fv2%2Ftags&post=3425"}],"curies":[{"name":"wp","href":"https:\/\/api.w.org\/{rel}","templated":true}]}}