{"id":3443,"date":"2018-06-06T09:15:40","date_gmt":"2018-06-06T05:15:40","guid":{"rendered":"http:\/\/reveiletreforme.adventiste.re\/?p=3443"},"modified":"2018-05-20T10:10:19","modified_gmt":"2018-05-20T06:10:19","slug":"romains-15","status":"publish","type":"post","link":"http:\/\/reveiletreforme.adventiste.re\/?p=3443","title":{"rendered":"Romains 15"},"content":{"rendered":"<!--[if lt IE 9]><script>document.createElement('audio');<\/script><![endif]-->\n<audio class=\"wp-audio-shortcode\" id=\"audio-3443-1\" preload=\"none\" style=\"width: 100%;\" controls=\"controls\"><source type=\"audio\/mpeg\" src=\"http:\/\/reveiletreforme.adventiste.re\/wp-content\/uploads\/2015\/03\/romains-15.mp3?_=1\" \/><a href=\"http:\/\/reveiletreforme.adventiste.re\/wp-content\/uploads\/2015\/03\/romains-15.mp3\">http:\/\/reveiletreforme.adventiste.re\/wp-content\/uploads\/2015\/03\/romains-15.mp3<\/a><\/audio>\n<p class=\"p2\" style=\"text-align: justify;\"><b>1<\/b><b> <\/b>Nous qui sommes forts, nous devons supporter les faiblesses de ceux qui ne le sont pas, et ne pas nous complaire en nous-m\u00eames.<\/p>\n<p class=\"p2\" style=\"text-align: justify;\"><b>2<\/b><b> <\/b>Que chacun de nous complaise au prochain pour ce qui est bien en vue de l&rsquo;\u00e9dification.<\/p>\n<p class=\"p2\" style=\"text-align: justify;\"><b>3<\/b><b> <\/b>Car Christ ne s&rsquo;est point complu en lui-m\u00eame, mais, selon qu&rsquo;il est \u00e9crit: Les outrages de ceux qui t&rsquo;insultent sont tomb\u00e9s sur moi.<!--more--><\/p>\n<p class=\"p2\" style=\"text-align: justify;\"><b>4<\/b><b> <\/b>Or, tout ce qui a \u00e9t\u00e9 \u00e9crit d&rsquo;avance l&rsquo;a \u00e9t\u00e9 pour notre instruction, afin que, par la patience, et par la consolation que donnent les Ecritures, nous poss\u00e9dions l&rsquo;esp\u00e9rance.<\/p>\n<p class=\"p2\" style=\"text-align: justify;\"><b>5<\/b><b> <\/b>Que le Dieu de la pers\u00e9v\u00e9rance et de la consolation vous donne d&rsquo;avoir les m\u00eames sentiments les uns envers les autres selon J\u00e9sus-Christ,<\/p>\n<p class=\"p2\" style=\"text-align: justify;\"><b>6<\/b><b> <\/b>afin que tous ensemble, d&rsquo;une seule bouche, vous glorifiiez le Dieu et P\u00e8re de notre Seigneur J\u00e9sus-Christ.<\/p>\n<p class=\"p2\" style=\"text-align: justify;\"><b>7<\/b><b> <\/b>Accueillez-vous donc les uns les autres, comme Christ vous a accueillis, pour la gloire de Dieu.<\/p>\n<p class=\"p2\" style=\"text-align: justify;\"><b>8<\/b><b> <\/b>Je dis, en effet, que Christ a \u00e9t\u00e9 serviteur des circoncis, pour prouver la v\u00e9racit\u00e9 de Dieu en confirmant les promesses faites aux p\u00e8res,<\/p>\n<p class=\"p2\" style=\"text-align: justify;\"><b>9<\/b><b> <\/b>tandis que les pa\u00efens glorifient Dieu \u00e0 cause de sa mis\u00e9ricorde, selon qu&rsquo;il est \u00e9crit: C&rsquo;est pourquoi je te louerai parmi les nations, Et je chanterai \u00e0 la gloire de ton nom.<\/p>\n<p class=\"p2\" style=\"text-align: justify;\"><b>10<\/b><b> <\/b>Il est dit encore: Nations, r\u00e9jouissez-vous avec son peuple!<\/p>\n<p class=\"p2\" style=\"text-align: justify;\"><b>11<\/b><b> <\/b>Et encore: Louez le Seigneur, vous toutes les nations, C\u00e9l\u00e9brez-le, vous tous les peuples!<\/p>\n<p class=\"p2\" style=\"text-align: justify;\"><b>12<\/b><b> <\/b>Esa\u00efe dit aussi: Il sortira d&rsquo;Isa\u00ef un rejeton, Qui se l\u00e8vera pour r\u00e9gner sur les nations; Les nations esp\u00e9reront en lui.<\/p>\n<p class=\"p2\" style=\"text-align: justify;\"><b>13<\/b><b> <\/b>Que le Dieu de l&rsquo;esp\u00e9rance vous remplisse de toute joie et de toute paix dans la foi, pour que vous abondiez en esp\u00e9rance, par la puissance du Saint-Esprit!<\/p>\n<p class=\"p2\" style=\"text-align: justify;\"><b>14<\/b><b> <\/b>Pour ce qui vous concerne, mes fr\u00e8res, je suis moi-m\u00eame persuad\u00e9 que vous \u00eates pleins de bonnes dispositions, remplis de toute connaissance, et capables de vous exhorter les uns les autres.<\/p>\n<p class=\"p2\" style=\"text-align: justify;\"><b>15<\/b><b> <\/b>Cependant, \u00e0 certains \u00e9gards, je vous ai \u00e9crit avec une sorte de hardiesse, comme pour r\u00e9veiller vos souvenirs, \u00e0 cause de la gr\u00e2ce que Dieu m&rsquo;a faite<\/p>\n<p class=\"p2\" style=\"text-align: justify;\"><b>16<\/b><b> <\/b>d&rsquo;\u00eatre ministre de J\u00e9sus-Christ parmi les pa\u00efens, m&rsquo;acquittant du divin service de l&rsquo;Evangile de Dieu, afin que les pa\u00efens lui soient une offrande agr\u00e9able, \u00e9tant sanctifi\u00e9e par l&rsquo;Esprit-Saint.<\/p>\n<p class=\"p2\" style=\"text-align: justify;\"><b>17<\/b><b> <\/b>J&rsquo;ai donc sujet de me glorifier en J\u00e9sus-Christ, pour ce qui regarde les choses de Dieu.<\/p>\n<p class=\"p2\" style=\"text-align: justify;\"><b>18<\/b><b> <\/b>Car je n&rsquo;oserais mentionner aucune chose que Christ n&rsquo;ait pas faite par moi pour amener les pa\u00efens \u00e0 l&rsquo;ob\u00e9issance, par la parole et par les actes,<\/p>\n<p class=\"p2\" style=\"text-align: justify;\"><b>19<\/b><b> <\/b>par la puissance des miracles et des prodiges, par la puissance de l&rsquo;Esprit de Dieu, en sorte que, depuis J\u00e9rusalem et les pays voisins jusqu&rsquo;en Illyrie, j&rsquo;ai abondamment r\u00e9pandu l&rsquo;Evangile de Christ.<\/p>\n<p class=\"p2\" style=\"text-align: justify;\"><b>20<\/b><b> <\/b>Et je me suis fait honneur d&rsquo;annoncer l&rsquo;Evangile l\u00e0 o\u00f9 Christ n&rsquo;avait point \u00e9t\u00e9 nomm\u00e9, afin de ne pas b\u00e2tir sur le fondement d&rsquo;autrui,<\/p>\n<p class=\"p2\" style=\"text-align: justify;\"><b>21<\/b><b> <\/b>selon qu&rsquo;il est \u00e9crit: Ceux \u00e0 qui il n&rsquo;avait point \u00e9t\u00e9 annonc\u00e9 verront, Et ceux qui n&rsquo;en avaient point entendu parler comprendront.<\/p>\n<p class=\"p2\" style=\"text-align: justify;\"><b>22<\/b><b> <\/b>C&rsquo;est ce qui m&rsquo;a souvent emp\u00each\u00e9 d&rsquo;aller vers vous.<\/p>\n<p class=\"p2\" style=\"text-align: justify;\"><b>23<\/b><b> <\/b>Mais maintenant, n&rsquo;ayant plus rien qui me retienne dans ces contr\u00e9es, et ayant depuis plusieurs ann\u00e9es le d\u00e9sir d&rsquo;aller vers vous,<\/p>\n<p class=\"p2\" style=\"text-align: justify;\"><b>24<\/b><b> <\/b>j&rsquo;esp\u00e8re vous voir en passant, quand je me rendrai en Espagne, et y \u00eatre accompagn\u00e9 par vous, apr\u00e8s que j&rsquo;aurai satisfait en partie mon d\u00e9sir de me trouver chez vous.<\/p>\n<p class=\"p2\" style=\"text-align: justify;\"><b>25<\/b><b> <\/b>Pr\u00e9sentement je vais \u00e0 J\u00e9rusalem, pour le service des saints.<\/p>\n<p class=\"p2\" style=\"text-align: justify;\"><b>26<\/b><b> <\/b>Car la Mac\u00e9doine et l&rsquo;Acha\u00efe ont bien voulu s&rsquo;imposer une contribution en faveur des pauvres parmi les saints de J\u00e9rusalem.<\/p>\n<p class=\"p2\" style=\"text-align: justify;\"><b>27<\/b><b> <\/b>Elles l&rsquo;ont bien voulu, et elles le leur devaient; car si les pa\u00efens ont eu part \u00e0 leurs avantages spirituels, ils doivent aussi les assister dans les choses temporelles.<\/p>\n<p class=\"p2\" style=\"text-align: justify;\"><b>28<\/b><b> <\/b>D\u00e8s que j&rsquo;aurai termin\u00e9 cette affaire et que je leur aurai remis ces dons, je partirai pour l&rsquo;Espagne et passerai chez vous.<\/p>\n<p class=\"p2\" style=\"text-align: justify;\"><b>29<\/b><b> <\/b>Je sais qu&rsquo;en allant vers vous, c&rsquo;est avec une pleine b\u00e9n\u00e9diction de Christ que j&rsquo;irai.<\/p>\n<p class=\"p2\" style=\"text-align: justify;\"><b>30<\/b><b> <\/b>Je vous exhorte, fr\u00e8res, par notre Seigneur J\u00e9sus-Christ et par l&rsquo;amour de l&rsquo;Esprit, \u00e0 combattre avec moi, en adressant \u00e0 Dieu des pri\u00e8res en ma faveur,<\/p>\n<p class=\"p2\" style=\"text-align: justify;\"><b>31<\/b><b> <\/b>afin que je sois d\u00e9livr\u00e9 des incr\u00e9dules de la Jud\u00e9e, et que les dons que je porte \u00e0 J\u00e9rusalem soient agr\u00e9\u00e9s des saints,<\/p>\n<p class=\"p2\" style=\"text-align: justify;\"><b>32<\/b><b> <\/b>en sorte que j&rsquo;arrive chez vous avec joie, si c&rsquo;est la volont\u00e9 de Dieu, et que je jouisse au milieu de vous de quelque repos.<\/p>\n<p class=\"p2\" style=\"text-align: justify;\"><b>33<\/b><b> <\/b>Que le Dieu de paix soit avec vous tous! Amen!<\/p>\n<p class=\"p2\" style=\"text-align: justify;\"><strong>COMMENTAIRE<\/strong><\/p>\n<p class=\"p1\" style=\"text-align: justify;\">Ce chapitre commence avec les r\u00e9flexions du chapitre pr\u00e9c\u00e9dent. Ceux qui sont forts devraient\u00a0: \u00ab\u00a0supporter les faiblesses du faible\u00a0\u00bb plut\u00f4t que de se complaire en eux-m\u00eames. Nous devrions chercher \u00e0 \u00e9difier nos fr\u00e8res et s\u0153urs et ne rien faire qui pourrait rendre leur foi plus confuse. Christ ne s\u2019est pas complait en lui-m\u00eame et volontairement a port\u00e9 notre fardeau. Donc on nous rappelle que les \u00c9critures ont \u00e9t\u00e9 \u00e9crites pour notre patience et apprendre que nous pourrions avoir les m\u00eames pens\u00e9es les uns envers les autres, et le corps de l\u2019\u00e9glise pourrait \u00eatre uni. Ceci donnera gloire au P\u00e8re et \u00e0 J\u00e9sus-Christ. (v.3-7).<\/p>\n<p class=\"p1\" style=\"text-align: justify;\">Puis, Paul montre que J\u00e9sus-Christ est venu pour \u00e9vang\u00e9liser les Juifs pour confirmer les promesses des \u00c9critures (v.8). Il commence \u00e0 citer l\u2019Ancien Testament pour montrer que les Gentils devaient faire partie du plan du salut aussi. Il cite 2 Sam\u00a022\u00a0:50, Psaumes\u00a018\u00a0:49, Deut\u00e9ronome\u00a032\u00a0:43 et Psaumes\u00a0117\u00a0:1 montrant que les Gentils sont inclus dans l\u2019expression \u00ab\u00a0peuple\u00a0\u00bb. Ceci clarifie que Dieu est venu pour atteindre tout le monde, pas seulement les juifs. Finalement, il cite \u00c9sa\u00efe\u00a011\u00a0:10,11 pour montrer que le rejeton d\u2019Isa\u00ef<span class=\"Apple-converted-space\">\u00a0 <\/span>grandirait pour r\u00e9gner sur le peuple du reste pour le pr\u00e9parer au retour du Seigneur (v.9-12). Ceci est le mouvement de la Seconde Venue avec le Sabbat comme banni\u00e8re. De toute \u00e9vidence, les adventistes du septi\u00e8me jour sont principalement des Gentils, et nous sommes comme un rejeton qui grandira avec la v\u00e9rit\u00e9 pour sortir d\u2019autres personnes de ce monde, pour qu\u2019elles soient pr\u00e9par\u00e9es pour le ciel.<\/p>\n<p class=\"p1\" style=\"text-align: justify;\">Paul explique que parce que les gentils sont aussi importants sur le plan de la r\u00e9demption, Dieu l\u2019a appel\u00e9 \u00e0 \u00eatre l\u2019ap\u00f4tre des Gentils pour leur pr\u00eacher l\u2019\u00e9vangile. Et il d\u00e9montre que des signes puissants et des merveilles ont \u00e9t\u00e9 r\u00e9alis\u00e9s \u00e0 travers lui pour d\u00e9montrer que Dieu \u00e9tait derri\u00e8re son travail. Il cite \u00c9sa\u00efe\u00a052\u00a0:15 pour montrer que sa pr\u00e9dication de l\u2019\u00e9vangile de J\u00e9sus-Christ aux Gentils \u00e9tait une r\u00e9alisation de la proph\u00e9tie. Toute cette pr\u00e9dication aux gentils l\u2019a emp\u00each\u00e9 d\u2019aller \u00e0 Rome comme il avait pr\u00e9vu de le faire (v.13-22). Paul explique qu\u2019il a l\u2019intention de visiter les croyants \u00e0 Rome en allant vers l\u2019Espagne. Cependant, il doit d\u2019abord aller \u00e0 J\u00e9rusalem et donner l\u2019argent r\u00e9colt\u00e9 par les pa\u00efens, aux juifs comme d\u00e9monstration de leur amour pour les croyants (v.23-33).<\/p>\n<p class=\"p1\" style=\"text-align: justify;\">Malheureusement, Paul sera arr\u00eat\u00e9 \u00e0 J\u00e9rusalem avant de r\u00e9aliser ce projet de voyage, et arrivera finalement \u00e0 Rome, non en homme libre, mais en tant que prisonnier. Cependant \u00e0 travers tout cela, Dieu a chang\u00e9 les choses en bien (Rom. 8\u00a0:28) et l\u2019\u00e9pitre que Paul a \u00e9crit \u00e0 Rome subsistera jusqu\u2019\u00e0 la fin des temps pour pr\u00e9parer les croyants \u00e0 recevoir la justice de Christ.<\/p>\n<p class=\"p1\"><strong>Norman McNulty,M.D.<\/strong><br \/>\nNeurologue, Lawrenceburg, TN, USA<\/p>\n<p class=\"p1\" style=\"text-align: right;\"><strong>Traduction<\/strong>\u00a0: Carole &amp; Charles SAINT-LOUIS<\/p>\n","protected":false},"excerpt":{"rendered":"<p>1 Nous qui sommes forts, nous devons supporter les faiblesses de ceux qui ne le sont pas, et ne pas nous complaire en nous-m\u00eames. 2 Que chacun de nous complaise au prochain pour ce qui est bien en vue de l&rsquo;\u00e9dification. 3 Car Christ ne s&rsquo;est point complu en lui-m\u00eame, mais, selon qu&rsquo;il est \u00e9crit: [&hellip;]<\/p>\n","protected":false},"author":1,"featured_media":0,"comment_status":"open","ping_status":"open","sticky":false,"template":"","format":"audio","meta":{"_exactmetrics_skip_tracking":false,"_exactmetrics_sitenote_active":false,"_exactmetrics_sitenote_note":"","_exactmetrics_sitenote_category":0,"footnotes":""},"categories":[16],"tags":[],"_links":{"self":[{"href":"http:\/\/reveiletreforme.adventiste.re\/index.php?rest_route=\/wp\/v2\/posts\/3443"}],"collection":[{"href":"http:\/\/reveiletreforme.adventiste.re\/index.php?rest_route=\/wp\/v2\/posts"}],"about":[{"href":"http:\/\/reveiletreforme.adventiste.re\/index.php?rest_route=\/wp\/v2\/types\/post"}],"author":[{"embeddable":true,"href":"http:\/\/reveiletreforme.adventiste.re\/index.php?rest_route=\/wp\/v2\/users\/1"}],"replies":[{"embeddable":true,"href":"http:\/\/reveiletreforme.adventiste.re\/index.php?rest_route=%2Fwp%2Fv2%2Fcomments&post=3443"}],"version-history":[{"count":1,"href":"http:\/\/reveiletreforme.adventiste.re\/index.php?rest_route=\/wp\/v2\/posts\/3443\/revisions"}],"predecessor-version":[{"id":3444,"href":"http:\/\/reveiletreforme.adventiste.re\/index.php?rest_route=\/wp\/v2\/posts\/3443\/revisions\/3444"}],"wp:attachment":[{"href":"http:\/\/reveiletreforme.adventiste.re\/index.php?rest_route=%2Fwp%2Fv2%2Fmedia&parent=3443"}],"wp:term":[{"taxonomy":"category","embeddable":true,"href":"http:\/\/reveiletreforme.adventiste.re\/index.php?rest_route=%2Fwp%2Fv2%2Fcategories&post=3443"},{"taxonomy":"post_tag","embeddable":true,"href":"http:\/\/reveiletreforme.adventiste.re\/index.php?rest_route=%2Fwp%2Fv2%2Ftags&post=3443"}],"curies":[{"name":"wp","href":"https:\/\/api.w.org\/{rel}","templated":true}]}}