{"id":3447,"date":"2018-06-08T00:46:07","date_gmt":"2018-06-07T20:46:07","guid":{"rendered":"http:\/\/reveiletreforme.adventiste.re\/?p=3447"},"modified":"2018-06-02T09:54:55","modified_gmt":"2018-06-02T05:54:55","slug":"1-corinthiens-1","status":"publish","type":"post","link":"http:\/\/reveiletreforme.adventiste.re\/?p=3447","title":{"rendered":"1 Corinthiens 1"},"content":{"rendered":"<!--[if lt IE 9]><script>document.createElement('audio');<\/script><![endif]-->\n<audio class=\"wp-audio-shortcode\" id=\"audio-3447-1\" preload=\"none\" style=\"width: 100%;\" controls=\"controls\"><source type=\"audio\/mpeg\" src=\"http:\/\/reveiletreforme.adventiste.re\/wp-content\/uploads\/2015\/03\/1-corinthiens-01.mp3?_=1\" \/><a href=\"http:\/\/reveiletreforme.adventiste.re\/wp-content\/uploads\/2015\/03\/1-corinthiens-01.mp3\">http:\/\/reveiletreforme.adventiste.re\/wp-content\/uploads\/2015\/03\/1-corinthiens-01.mp3<\/a><\/audio>\n<p class=\"p1\" style=\"text-align: justify;\"><b>1<\/b><b> <\/b>Paul, appel\u00e9 \u00e0 \u00eatre ap\u00f4tre de J\u00e9sus-Christ par la volont\u00e9 de Dieu, et le fr\u00e8re Sosth\u00e8ne,<\/p>\n<p class=\"p1\" style=\"text-align: justify;\"><b>2<\/b><b> <\/b>l&rsquo;Eglise de Dieu qui est \u00e0 Corinthe, \u00e0 ceux qui ont \u00e9t\u00e9 sanctifi\u00e9s en J\u00e9sus-Christ, appel\u00e9s \u00e0 \u00eatre saints, et \u00e0 tous ceux qui invoquent en quelque lieu que ce soit le nom de notre Seigneur J\u00e9sus-Christ, leur Seigneur et le n\u00f4tre:<\/p>\n<p class=\"p1\" style=\"text-align: justify;\"><b>3<\/b><b> <\/b>que la gr\u00e2ce et la paix vous soient donn\u00e9es de la part de Dieu notre P\u00e8re et du Seigneur J\u00e9sus-Christ!<!--more--><\/p>\n<p class=\"p1\" style=\"text-align: justify;\"><b>4<\/b><b> <\/b>Je rends \u00e0 mon Dieu de continuelles actions de gr\u00e2ces \u00e0 votre sujet, pour la gr\u00e2ce de Dieu qui vous a \u00e9t\u00e9 accord\u00e9e en J\u00e9sus-Christ.<\/p>\n<p class=\"p1\" style=\"text-align: justify;\"><b>5<\/b><b> <\/b>Car en lui vous avez \u00e9t\u00e9 combl\u00e9s de toutes les richesses qui concernent la parole et la connaissance,<\/p>\n<p class=\"p1\" style=\"text-align: justify;\"><b>6<\/b><b> <\/b>le t\u00e9moignage de Christ ayant \u00e9t\u00e9 solidement \u00e9tabli parmi vous,<\/p>\n<p class=\"p1\" style=\"text-align: justify;\"><b>7<\/b><b> <\/b>de sorte qu&rsquo;il ne vous manque aucun don, dans l&rsquo;attente o\u00f9 vous \u00eates de la manifestation de notre Seigneur J\u00e9sus-Christ.<\/p>\n<p class=\"p1\" style=\"text-align: justify;\"><b>8<\/b><b> <\/b>Il vous affermira aussi jusqu&rsquo;\u00e0 la fin, pour que vous soyez irr\u00e9prochables au jour de notre Seigneur J\u00e9sus-Christ.<\/p>\n<p class=\"p1\" style=\"text-align: justify;\"><b>9<\/b><b> <\/b>Dieu est fid\u00e8le, lui qui vous a appel\u00e9s \u00e0 la communion de son Fils, J\u00e9sus-Christ notre Seigneur.<\/p>\n<p class=\"p1\" style=\"text-align: justify;\"><b>10<\/b><b> <\/b>Je vous exhorte, fr\u00e8res, par le nom de notre Seigneur J\u00e9sus-Christ, \u00e0 tenir tous un m\u00eame langage, et \u00e0 ne point avoir de divisions parmi vous, mais \u00e0 \u00eatre parfaitement unis dans un m\u00eame esprit et dans un m\u00eame sentiment.<\/p>\n<p class=\"p1\" style=\"text-align: justify;\"><b>11<\/b><b> <\/b>Car, mes fr\u00e8res, j&rsquo;ai appris \u00e0 votre sujet, par les gens de Chlo\u00e9, qu&rsquo;il y a des disputes au milieu de vous.<\/p>\n<p class=\"p1\" style=\"text-align: justify;\"><b>12<\/b><b> <\/b>Je veux dire que chacun de vous parle ainsi: Moi, je suis de Paul! et moi, d&rsquo;Apollos! et moi, de C\u00e9phas! et moi, de Christ!<\/p>\n<p class=\"p1\" style=\"text-align: justify;\"><b>13<\/b><b> <\/b>Christ est-il divis\u00e9? Paul a-t-il \u00e9t\u00e9 crucifi\u00e9 pour vous, ou est-ce au nom de Paul que vous avez \u00e9t\u00e9 baptis\u00e9s?<\/p>\n<p class=\"p1\" style=\"text-align: justify;\"><b>14<\/b><b> <\/b>Je rends gr\u00e2ces \u00e0 Dieu de ce que je n&rsquo;ai baptis\u00e9 aucun de vous, except\u00e9 Crispus et Ga\u00efus,<\/p>\n<p class=\"p1\" style=\"text-align: justify;\"><b>15<\/b><b> <\/b>afin que personne ne dise que vous avez \u00e9t\u00e9 baptis\u00e9s en mon nom.<\/p>\n<p class=\"p1\" style=\"text-align: justify;\"><b>16<\/b><b> <\/b>J&rsquo;ai encore baptis\u00e9 la famille de St\u00e9phanas; du reste, je ne sache pas que j&rsquo;aie baptis\u00e9 quelque autre personne.<\/p>\n<p class=\"p1\" style=\"text-align: justify;\"><b>17<\/b><b> <\/b>Ce n&rsquo;est pas pour baptiser que Christ m&rsquo;a envoy\u00e9, c&rsquo;est pour annoncer l&rsquo;Evangile, et cela sans la sagesse du langage, afin que la croix de Christ ne soit pas rendue vaine.<\/p>\n<p class=\"p1\" style=\"text-align: justify;\"><b>18<\/b><b> <\/b>Car la pr\u00e9dication de la croix est une folie pour ceux qui p\u00e9rissent; mais pour nous qui sommes sauv\u00e9s, elle est une puissance de Dieu.<\/p>\n<p class=\"p1\" style=\"text-align: justify;\"><b>19<\/b><b> <\/b>Aussi est-il \u00e9crit: Je d\u00e9truirai la sagesse des sages, Et j&rsquo;an\u00e9antirai l&rsquo;intelligence des intelligents.<\/p>\n<p class=\"p1\" style=\"text-align: justify;\"><b>20<\/b><b> <\/b>O\u00f9 est le sage? o\u00f9 est le scribe? o\u00f9 est le disputeur de ce si\u00e8cle? Dieu n&rsquo;a-t-il pas convaincu de folie la sagesse du monde?<\/p>\n<p class=\"p1\" style=\"text-align: justify;\"><b>21<\/b><b> <\/b>Car puisque le monde, avec sa sagesse, n&rsquo;a point connu Dieu dans la sagesse de Dieu, il a plu \u00e0 Dieu de sauver les croyants par la folie de la pr\u00e9dication.<\/p>\n<p class=\"p1\" style=\"text-align: justify;\"><b>22<\/b><b> <\/b>Les Juifs demandent des miracles et les Grecs cherchent la sagesse:<\/p>\n<p class=\"p1\" style=\"text-align: justify;\"><b>23<\/b><b> <\/b>nous, nous pr\u00eachons Christ crucifi\u00e9; scandale pour les Juifs et folie pour les pa\u00efens,<\/p>\n<p class=\"p1\" style=\"text-align: justify;\"><b>24<\/b><b> <\/b>mais puissance de Dieu et sagesse de Dieu pour ceux qui sont appel\u00e9s, tant Juifs que Grecs.<\/p>\n<p class=\"p1\" style=\"text-align: justify;\"><b>25<\/b><b> <\/b>Car la folie de Dieu est plus sage que les hommes, et la faiblesse de Dieu est plus forte que les hommes.<\/p>\n<p class=\"p1\" style=\"text-align: justify;\"><b>26<\/b><b> <\/b>Consid\u00e9rez, fr\u00e8res, que parmi vous qui avez \u00e9t\u00e9 appel\u00e9s il n&rsquo;y a ni beaucoup de sages selon la chair, ni beaucoup de puissants, ni beaucoup de nobles.<\/p>\n<p class=\"p1\" style=\"text-align: justify;\"><b>27<\/b><b> <\/b>Mais Dieu a choisi les choses folles du monde pour confondre les sages; Dieu a choisi les choses faibles du monde pour confondre les fortes;<\/p>\n<p class=\"p1\" style=\"text-align: justify;\"><b>28<\/b><b> <\/b>et Dieu a choisi les choses viles du monde et celles qu&rsquo;on m\u00e9prise, celles qui ne sont point, pour r\u00e9duire \u00e0 n\u00e9ant celles qui sont,<\/p>\n<p class=\"p1\" style=\"text-align: justify;\"><b>29<\/b><b> <\/b>afin que nulle chair ne se glorifie devant Dieu.<\/p>\n<p class=\"p1\" style=\"text-align: justify;\"><b>30<\/b><b> <\/b>Or, c&rsquo;est par lui que vous \u00eates en J\u00e9sus-Christ, lequel, de par Dieu, a \u00e9t\u00e9 fait pour nous sagesse, justice et sanctification et r\u00e9demption,<\/p>\n<p class=\"p1\" style=\"text-align: justify;\"><b>31<\/b><b> <\/b>afin, comme il est \u00e9crit, Que celui qui se glorifie se glorifie dans le Seigneur.<\/p>\n<p class=\"p1\" style=\"text-align: justify;\"><strong>COMMENTAIRE<\/strong><\/p>\n<p class=\"p1\" style=\"text-align: justify;\">L\u2019ancienne ville de Corinthe \u00e9tait situ\u00e9e sur une \u00e9troite bande de terre d\u2019environ 6,5\u00a0km de large, la reliant au Sud de la Gr\u00e8ce qui est au Nord. La ville avait une place strat\u00e9gique pour le commerce. Elle s\u2019ouvrait sur la mer \u00c9g\u00e9e \u00e0 l\u2019Est et sur la mer Adriatique \u00e0 l\u2019Ouest. La ville s\u2019enrichissait gr\u00e2ce au commerce qui circulait, et il y avait aussi des marins. Il y avait une prolif\u00e9ration de \u00ab\u00a0compagnes\u00a0\u00bb, la ville \u00e9tait donc associ\u00e9e \u00e0 des comportements sexuels.<\/p>\n<p class=\"p1\" style=\"text-align: justify;\">En ce temps, l\u2019ap\u00f4tre Paul visita la ville, elle avait \u00e9t\u00e9 occup\u00e9e pendant plusieurs si\u00e8cles. Elle avait \u00e9t\u00e9 d\u00e9truite par les Romains en 146 avant J-C, puis reconstruite par Jules C\u00e9sar en 44 avant J-C. comme une colonie pour des v\u00e9t\u00e9rans \u00e0 la retraite es l\u00e9gions romaines.\u00a0Cela signifiait qu\u2019il n\u2019y avait pas beaucoup de vieilles familles r\u00e9sidentes qui \u00e9taient typiques dans les autres villes romaines. Cela permettait le secteur commercial d\u2019\u00eatre plus ouvert aux nouvelles id\u00e9es. Finalement, Auguste fit d\u2019elle la capitale d\u2019Acha\u00efe (la partie sud de la p\u00e9ninsule\u00a0grec). L\u2019ancienne et cosmopolite ville de Corinthe ressemblait de plusieurs fa\u00e7ons \u00e0 une ville moderne. La mobilit\u00e9 sociale\u00a0ascendante \u00e9tait g\u00e9n\u00e9r\u00e9e par de grosses sommes d\u2019argent, il y avait de grands \u00e9v\u00e8nements sportifs, l\u2019amour de la f\u00eate, le\u00a0rel\u00e2chement des limites sexuelles, et une tendance graduelle vers la s\u00e9cularisation.<\/p>\n<p class=\"p1\" style=\"text-align: justify;\">L\u2019ap\u00f4tre\u00a0Paul commence sa lettre comme d\u2019habitude en dictant \u00e0 son\u00a0secr\u00e9taire (16.22) qui n\u2019est pas nomm\u00e9. Cette lettre n\u2019est pas la premi\u00e8re \u00e9crite par Paul \u00e0 l\u2019\u00e9glise de cette ville (5.9). La premi\u00e8re lettre donna le ton \u00e0 cette seconde lettre de l\u2019ap\u00f4tre. 1 Corinthiens est en fait la deuxi\u00e8me lettre de Paul aux chr\u00e9tiens de Corinthe.<\/p>\n<p class=\"p1\" style=\"text-align: justify;\">L\u2019ap\u00f4tre Paul \u00e9tait inquiet au sujet de l\u2019\u00e9glise de Corinthe. Dans le premier chapitre, apr\u00e8s les avoir salu\u00e9 (v.1-3) il d\u00e9clare qu\u2019il esp\u00e8re qu\u2019ils ne leur \u00ab\u00a0manquera aucun don\u00a0\u00bb et qu\u2019ils \u00ab\u00a0seront irr\u00e9prochables au jour de notre Seigneur J\u00e9sus-Christ\u00a0\u00bb (v.7-8). En effet, il les exhorte \u00e0 \u00ab\u00a0ne pas avoir de divisions\u00a0\u00bb pour eux (v.10). Quelques membres de l\u2019\u00e9glise s\u2019\u00e9taient affili\u00e9s \u00e0 diff\u00e9rents groupes. \u00ab\u00a0il leur demanda : \u201cChrist est-il divis\u00e9?\u201d\u00bb. Puis il les avertit que cela rendrait la croix de Christ vaine (v.17).<\/p>\n<p class=\"p1\" style=\"text-align: justify;\">La solution \u00e0 leur probl\u00e8me est pr\u00e9sent\u00e9e comme le th\u00e8me\u00a0central de la lettre exprim\u00e9 au verset\u00a018 : \u00ab\u00a0Car la pr\u00e9dication de la croix est une folie pour ceux qui p\u00e9rissent ; mais pour nous qui sommes sauv\u00e9s, elle est une puissance de Dieu.\u00a0\u00bb<\/p>\n<p class=\"p1\"><strong>Michael W. Campbell, Ph.D.<\/strong><br \/>\nProfesseur adjoint, \u00c9tudes historiques \/ th\u00e9ologiques<br \/>\nAdventist International Institute of Advanced Studies<br \/>\nPhilippines<\/p>\n<p class=\"p1\" style=\"text-align: right;\"><strong>Traduction<\/strong> : S\u00e9phora PANON<\/p>\n","protected":false},"excerpt":{"rendered":"<p>1 Paul, appel\u00e9 \u00e0 \u00eatre ap\u00f4tre de J\u00e9sus-Christ par la volont\u00e9 de Dieu, et le fr\u00e8re Sosth\u00e8ne, 2 l&rsquo;Eglise de Dieu qui est \u00e0 Corinthe, \u00e0 ceux qui ont \u00e9t\u00e9 sanctifi\u00e9s en J\u00e9sus-Christ, appel\u00e9s \u00e0 \u00eatre saints, et \u00e0 tous ceux qui invoquent en quelque lieu que ce soit le nom de notre Seigneur J\u00e9sus-Christ, [&hellip;]<\/p>\n","protected":false},"author":1,"featured_media":0,"comment_status":"open","ping_status":"open","sticky":false,"template":"","format":"audio","meta":{"_exactmetrics_skip_tracking":false,"_exactmetrics_sitenote_active":false,"_exactmetrics_sitenote_note":"","_exactmetrics_sitenote_category":0,"footnotes":""},"categories":[16],"tags":[],"_links":{"self":[{"href":"http:\/\/reveiletreforme.adventiste.re\/index.php?rest_route=\/wp\/v2\/posts\/3447"}],"collection":[{"href":"http:\/\/reveiletreforme.adventiste.re\/index.php?rest_route=\/wp\/v2\/posts"}],"about":[{"href":"http:\/\/reveiletreforme.adventiste.re\/index.php?rest_route=\/wp\/v2\/types\/post"}],"author":[{"embeddable":true,"href":"http:\/\/reveiletreforme.adventiste.re\/index.php?rest_route=\/wp\/v2\/users\/1"}],"replies":[{"embeddable":true,"href":"http:\/\/reveiletreforme.adventiste.re\/index.php?rest_route=%2Fwp%2Fv2%2Fcomments&post=3447"}],"version-history":[{"count":1,"href":"http:\/\/reveiletreforme.adventiste.re\/index.php?rest_route=\/wp\/v2\/posts\/3447\/revisions"}],"predecessor-version":[{"id":3448,"href":"http:\/\/reveiletreforme.adventiste.re\/index.php?rest_route=\/wp\/v2\/posts\/3447\/revisions\/3448"}],"wp:attachment":[{"href":"http:\/\/reveiletreforme.adventiste.re\/index.php?rest_route=%2Fwp%2Fv2%2Fmedia&parent=3447"}],"wp:term":[{"taxonomy":"category","embeddable":true,"href":"http:\/\/reveiletreforme.adventiste.re\/index.php?rest_route=%2Fwp%2Fv2%2Fcategories&post=3447"},{"taxonomy":"post_tag","embeddable":true,"href":"http:\/\/reveiletreforme.adventiste.re\/index.php?rest_route=%2Fwp%2Fv2%2Ftags&post=3447"}],"curies":[{"name":"wp","href":"https:\/\/api.w.org\/{rel}","templated":true}]}}