{"id":3449,"date":"2018-06-09T00:37:47","date_gmt":"2018-06-08T20:37:47","guid":{"rendered":"http:\/\/reveiletreforme.adventiste.re\/?p=3449"},"modified":"2018-06-02T09:55:17","modified_gmt":"2018-06-02T05:55:17","slug":"1-corinthiens-2","status":"publish","type":"post","link":"http:\/\/reveiletreforme.adventiste.re\/?p=3449","title":{"rendered":"1 Corinthiens 2"},"content":{"rendered":"<!--[if lt IE 9]><script>document.createElement('audio');<\/script><![endif]-->\n<audio class=\"wp-audio-shortcode\" id=\"audio-3449-1\" preload=\"none\" style=\"width: 100%;\" controls=\"controls\"><source type=\"audio\/mpeg\" src=\"http:\/\/reveiletreforme.adventiste.re\/wp-content\/uploads\/2015\/03\/1-corinthiens-02.mp3?_=1\" \/><a href=\"http:\/\/reveiletreforme.adventiste.re\/wp-content\/uploads\/2015\/03\/1-corinthiens-02.mp3\">http:\/\/reveiletreforme.adventiste.re\/wp-content\/uploads\/2015\/03\/1-corinthiens-02.mp3<\/a><\/audio>\n<p class=\"p2\" style=\"text-align: justify;\"><b>1<\/b><b> <\/b>Pour moi, fr\u00e8res, lorsque je suis all\u00e9 chez vous, ce n&rsquo;est pas avec une sup\u00e9riorit\u00e9 de langage ou de sagesse que je suis all\u00e9 vous annoncer le t\u00e9moignage de Dieu.<\/p>\n<p class=\"p2\" style=\"text-align: justify;\"><b>2<\/b><b> <\/b>Car je n&rsquo;ai pas eu la pens\u00e9e de savoir parmi vous autre chose que J\u00e9sus-Christ, et J\u00e9sus-Christ crucifi\u00e9.<\/p>\n<p class=\"p2\" style=\"text-align: justify;\"><b>3<\/b><b> <\/b>Moi-m\u00eame j&rsquo;\u00e9tais aupr\u00e8s de vous dans un \u00e9tat de faiblesse, de crainte, et de grand tremblement;<!--more--><\/p>\n<p class=\"p2\" style=\"text-align: justify;\"><b>4<\/b><b> <\/b>et ma parole et ma pr\u00e9dication ne reposaient pas sur les discours persuasifs de la sagesse, mais sur une d\u00e9monstration d&rsquo;Esprit et de puissance,<\/p>\n<p class=\"p2\" style=\"text-align: justify;\"><b>5<\/b><b> <\/b>afin que votre foi f\u00fbt fond\u00e9e, non sur la sagesse des hommes, mais sur la puissance de Dieu.<\/p>\n<p class=\"p2\" style=\"text-align: justify;\"><b>6<\/b><b> <\/b>Cependant, c&rsquo;est une sagesse que nous pr\u00eachons parmi les parfaits, sagesse qui n&rsquo;est pas de ce si\u00e8cle, ni des chefs de ce si\u00e8cle, qui vont \u00eatre an\u00e9antis;<\/p>\n<p class=\"p2\" style=\"text-align: justify;\"><b>7<\/b><b> <\/b>nous pr\u00eachons la sagesse de Dieu, myst\u00e9rieuse et cach\u00e9e, que Dieu, avant les si\u00e8cles, avait destin\u00e9e pour notre gloire,<\/p>\n<p class=\"p2\" style=\"text-align: justify;\"><b>8<\/b><b> <\/b>sagesse qu&rsquo;aucun des chefs de ce si\u00e8cle n&rsquo;a connue, car, s&rsquo;ils l&rsquo;eussent connue, ils n&rsquo;auraient pas crucifi\u00e9 le Seigneur de gloire.<\/p>\n<p class=\"p2\" style=\"text-align: justify;\"><b>9<\/b><b> <\/b>Mais, comme il est \u00e9crit, ce sont des choses que l&rsquo;oeil n&rsquo;a point vues, que l&rsquo;oreille n&rsquo;a point entendues, et qui ne sont point mont\u00e9es au coeur de l&rsquo;homme, des choses que Dieu a pr\u00e9par\u00e9es pour ceux qui l&rsquo;aiment.<\/p>\n<p class=\"p2\" style=\"text-align: justify;\"><b>10<\/b><b> <\/b>Dieu nous les a r\u00e9v\u00e9l\u00e9es par l&rsquo;Esprit. Car l&rsquo;Esprit sonde tout, m\u00eame les profondeurs de Dieu.<\/p>\n<p class=\"p2\" style=\"text-align: justify;\"><b>11<\/b><b> <\/b>Lequel des hommes, en effet, conna\u00eet les choses de l&rsquo;homme, si ce n&rsquo;est l&rsquo;esprit de l&rsquo;homme qui est en lui? De m\u00eame, personne ne conna\u00eet les choses de Dieu, si ce n&rsquo;est l&rsquo;Esprit de Dieu.<\/p>\n<p class=\"p2\" style=\"text-align: justify;\"><b>12<\/b><b> <\/b>Or nous, nous n&rsquo;avons pas re\u00e7u l&rsquo;esprit du monde, mais l&rsquo;Esprit qui vient de Dieu, afin que nous connaissions les choses que Dieu nous a donn\u00e9es par sa gr\u00e2ce.<\/p>\n<p class=\"p2\" style=\"text-align: justify;\"><b>13<\/b><b> <\/b>Et nous en parlons, non avec des discours qu&rsquo;enseigne la sagesse humaine, mais avec ceux qu&rsquo;enseigne l&rsquo;Esprit, employant un langage spirituel pour les choses spirituelles.<\/p>\n<p class=\"p2\" style=\"text-align: justify;\"><b>14<\/b><b> <\/b>Mais l&rsquo;homme animal ne re\u00e7oit pas les choses de l&rsquo;Esprit de Dieu, car elles sont une folie pour lui, et il ne peut les conna\u00eetre, parce que c&rsquo;est spirituellement qu&rsquo;on en juge.<\/p>\n<p class=\"p2\" style=\"text-align: justify;\"><b>15<\/b><b> <\/b>L&rsquo;homme spirituel, au contraire, juge de tout, et il n&rsquo;est lui-m\u00eame jug\u00e9 par personne.<\/p>\n<p class=\"p2\" style=\"text-align: justify;\"><b>16<\/b><b> <\/b>Car Qui a connu la pens\u00e9e du Seigneur, Pour l&rsquo;instruire? Or nous, nous avons la pens\u00e9e de Christ.<\/p>\n<p class=\"p2\" style=\"text-align: justify;\"><strong>COMMENTAIRE<\/strong><\/p>\n<p class=\"p1\" style=\"text-align: justify;\">L\u2019\u00e9glise de Corinthe \u00e9tait confront\u00e9e \u00e0 d\u2019importants probl\u00e8mes. L\u2019ap\u00f4tre Paul reconnut que la solution \u00e9tait simple il leur d\u00e9clara\u00a0: \u00ab\u00a0Car je n\u2019ai pas eu la pens\u00e9e de savoir parmi vous autre chose que J\u00e9sus-Christ, et J\u00e9sus-Christ crucifi\u00e9. \u00bb (2\u00a0: 2). Et il leur rappela que sa pr\u00e9dication reposait non \u00ab\u00a0sur les discours persuasifs de la sagesse\u00a0\u00bb (v.4), mais reposait \u00ab\u00a0sur une d\u00e9monstration d\u2019Esprit et de puissance,\u00a0\u00bb afin que leur \u00ab\u00a0foi f\u00fbt fond\u00e9e, non sur la sagesse des hommes, mais sur la puissance de Dieu.\u00a0\u00bb (v. 5).<\/p>\n<p class=\"p1\" style=\"text-align: justify;\">Un des grands d\u00e9fis de l\u2019\u00e9glise d\u2019alors et d\u2019aujourd\u2019hui est de faire du christianisme le centre de nos vies. Il ne peut pas l\u2019\u00eatre! Car pour savoir ce qui est faux, cela est possible gr\u00e2ce \u00e0 la r\u00e9v\u00e9lation de Dieu appliqu\u00e9e personnellement par l\u2019Esprit Saint (v. 10). C\u2019est absolument essentiel parce que \u00ab\u00a0personne ne conna\u00eet les choses de Dieu, si ce n\u2019est l\u2019Esprit de Dieu.\u00a0\u00bb (v. 11). \u00c0 son tour le Saint-Esprit continu \u00e0 nous (v. 13) enseigner. \u00ab\u00a0L\u2019homme naturel\u00a0\u00bb ne comprend pas cela parce que les choses spirituelles \u00ab\u00a0se discernent spirituellement\u00a0\u00bb (v. 14). \u00ab\u00a0L\u2019instruction de Paul dans ses lettres aux \u00e9glises de son \u00e9poque est une instruction pour l\u2019\u00c9glise de Dieu \u00e0 la fin des temps\u00a0\u00bb (EGW, Lettre\u00a0332, 1907).<\/p>\n<p class=\"p1\" style=\"text-align: justify;\">Une fois j\u2019ai eu l\u2019occasion d\u2019assister \u00e0 une conf\u00e9rence scientifique. La discussion portait sur la v\u00e9racit\u00e9 de la conversion. Plusieurs comment\u00e8rent que le Christianisme et la nouvelle naissance \u00e9taient une b\u00e9quille mentale sur laquelle les gens s\u2019appuyaient. Seule une personne indiqua qu\u2019il \u00e9tait peut-\u00eatre possible de faire l\u2019exp\u00e9rience de la conversion, car celle-ci connaissait un ami qui poss\u00e9dait une certaine r\u00e9putation acad\u00e9mique ayant affirm\u00e9 avoir fait l\u2019exp\u00e9rience de la conversion.<\/p>\n<p class=\"p1\" style=\"text-align: justify;\">Pour le chr\u00e9tien, la r\u00e9alit\u00e9, c\u2019est que la croix du Christ change tout. Cette r\u00e9v\u00e9lation est rendue possible gr\u00e2ce \u00e0 la puissance de conviction du Saint-Esprit. Il nous donne le \u00ab\u00a0pouvoir\u00a0\u00bb de vivre la vie chr\u00e9tienne en \u00e9tant plein d\u2019espoir. Comme il est \u00e9crit, \u00ab\u00a0ce sont des choses que l\u2019\u0153il n\u2019a point vues, que l\u2019oreille n\u2019a point entendues, et qui ne sont point mont\u00e9es au c\u0153ur de l\u2019homme, des choses que Dieu a pr\u00e9par\u00e9es pour ceux qui l\u2019aiment.\u00a0\u00bb (v. 9).<\/p>\n<p class=\"p1\" style=\"text-align: justify;\">Le professeur Joseph Kidder observa que\u00a0: \u00ab\u00a0La croix est le c\u0153ur de toute communion et c\u2019est seulement \u00e0 travers la croix que la communion s\u2019approfondit et m\u00fbrit. Mais cela n\u00e9cessite la crucifixion fr\u00e9quente et douloureuse du moi dans toutes ses formes\u00a0: l\u2019\u00e9go\u00efsme, l\u2019\u00e9gocentrisme, l\u2019autosatisfaction&#8230;\u00a0\u00bb (Majest\u00e9\u00a0: Vivre un culte authentique, page\u00a097).<\/p>\n<p class=\"p1\"><strong>Michael W. Campbell.<\/strong><br \/>\nProfesseur adjoint<br \/>\nInstitut international adventiste d\u2019\u00e9tudes sup\u00e9rieures<br \/>\nPhilippines<\/p>\n<p class=\"p1\" style=\"text-align: right;\"><strong>Traduction<\/strong>\u00a0: Steeve et Jeanina LENOGUE<\/p>\n","protected":false},"excerpt":{"rendered":"<p>1 Pour moi, fr\u00e8res, lorsque je suis all\u00e9 chez vous, ce n&rsquo;est pas avec une sup\u00e9riorit\u00e9 de langage ou de sagesse que je suis all\u00e9 vous annoncer le t\u00e9moignage de Dieu. 2 Car je n&rsquo;ai pas eu la pens\u00e9e de savoir parmi vous autre chose que J\u00e9sus-Christ, et J\u00e9sus-Christ crucifi\u00e9. 3 Moi-m\u00eame j&rsquo;\u00e9tais aupr\u00e8s de [&hellip;]<\/p>\n","protected":false},"author":1,"featured_media":0,"comment_status":"open","ping_status":"open","sticky":false,"template":"","format":"audio","meta":{"_exactmetrics_skip_tracking":false,"_exactmetrics_sitenote_active":false,"_exactmetrics_sitenote_note":"","_exactmetrics_sitenote_category":0,"footnotes":""},"categories":[16],"tags":[],"_links":{"self":[{"href":"http:\/\/reveiletreforme.adventiste.re\/index.php?rest_route=\/wp\/v2\/posts\/3449"}],"collection":[{"href":"http:\/\/reveiletreforme.adventiste.re\/index.php?rest_route=\/wp\/v2\/posts"}],"about":[{"href":"http:\/\/reveiletreforme.adventiste.re\/index.php?rest_route=\/wp\/v2\/types\/post"}],"author":[{"embeddable":true,"href":"http:\/\/reveiletreforme.adventiste.re\/index.php?rest_route=\/wp\/v2\/users\/1"}],"replies":[{"embeddable":true,"href":"http:\/\/reveiletreforme.adventiste.re\/index.php?rest_route=%2Fwp%2Fv2%2Fcomments&post=3449"}],"version-history":[{"count":2,"href":"http:\/\/reveiletreforme.adventiste.re\/index.php?rest_route=\/wp\/v2\/posts\/3449\/revisions"}],"predecessor-version":[{"id":3453,"href":"http:\/\/reveiletreforme.adventiste.re\/index.php?rest_route=\/wp\/v2\/posts\/3449\/revisions\/3453"}],"wp:attachment":[{"href":"http:\/\/reveiletreforme.adventiste.re\/index.php?rest_route=%2Fwp%2Fv2%2Fmedia&parent=3449"}],"wp:term":[{"taxonomy":"category","embeddable":true,"href":"http:\/\/reveiletreforme.adventiste.re\/index.php?rest_route=%2Fwp%2Fv2%2Fcategories&post=3449"},{"taxonomy":"post_tag","embeddable":true,"href":"http:\/\/reveiletreforme.adventiste.re\/index.php?rest_route=%2Fwp%2Fv2%2Ftags&post=3449"}],"curies":[{"name":"wp","href":"https:\/\/api.w.org\/{rel}","templated":true}]}}