{"id":3740,"date":"2016-01-29T01:00:59","date_gmt":"2016-01-28T21:00:59","guid":{"rendered":"http:\/\/reveiletreforme.adventiste.re\/?p=3740"},"modified":"2016-01-18T16:37:53","modified_gmt":"2016-01-18T12:37:53","slug":"vigile-matinale-du-29-janvier","status":"publish","type":"post","link":"http:\/\/reveiletreforme.adventiste.re\/?p=3740","title":{"rendered":"Vigile matinale du 29 Janvier"},"content":{"rendered":"<p style=\"text-align: center;\"><em>DIEU, LE SAINT ESPRIT<\/em><br \/>\n<em>Dieu, l\u2019Esprit \u00e9ternel, a pris avec le P\u00e8re et le Fils une part active \u00e0 la cr\u00e9ation, \u00e0 l\u2019incarnation et \u00e0 la r\u00e9demption. Il a inspir\u00e9 les \u00e9crivains de la Bible. Il a rempli de puissance la vie du Christ. Il attire et persuade les \u00eatres humains; ceux qui r\u00e9pondent favorablement, il les r\u00e9g\u00e9n\u00e8re et les transforme \u00e0 l\u2019image de Dieu. Envoy\u00e9 par le P\u00e8re et le Fils pour \u00eatre toujours avec ses enfants, il dispense ses dons spirituels \u00e0 l\u2019\u00c9glise, lui donne la puissance n\u00e9cessaire pour rendre t\u00e9moignage au Christ, et en harmonie avec les \u00c9critures la conduit dans toute la v\u00e9rit\u00e9.<\/em><\/p>\n<p style=\"text-align: left;\"><strong>\u00ab Au commencement, Dieu cr\u00e9a les <\/strong><strong>cieux et la terre. La terre \u00e9tait informe et vide: il y <\/strong><strong>avait des t\u00e9n\u00e8bres \u00e0 la surface de l\u2019ab\u00eeme, et l\u2019esprit de <\/strong><strong>Dieu se mouvait au-dessus des eaux. \u00bb Gen\u00e8se 1.1-2<\/strong><\/p>\n<p style=\"text-align: left;\">De nos jours, ceux qui voient ce texte, ont tendance \u00e0 avoir peur. Car la notion de l\u2019esprit est dans la majeure partie des cas associ\u00e9s \u00e0 la manifestation diabolique.<br \/>\nOr ces premiers versets de la Bible plantent d\u00e9j\u00e0 le d\u00e9cor. La Cr\u00e9ation est l\u2019oeuvre de Dieu. L\u2019esprit qui mouvait sur les eaux, c\u2019est le Saint Esprit. Ainsi l\u2019Esprit Saint d\u00e9gage une puissance cr\u00e9atrice et non destructrice. Il va agir pour donner une forme \u00e0 ce qui est informe et \u00e0 remplir ce qui est vide. L\u2019Esprit Saint sera \u00e0 c\u00f4t\u00e9 du P\u00e8re et du Fils dans la r\u00e9alisation de ce monde.<\/p>\n<p style=\"text-align: left;\">\u00ab Le verbe \u00ab\u00a0rachaf\u00a0\u00bb n\u2019a pas le sens de souffler [ou se mouvoir], mais bien celui d\u2019\u00eatre mou, tendre, puis de couver, ou mieux encore de se poser avec amour, comme l\u2019aigle sur ses poussins dans la belle comparaison de Deut 32 : 11. L\u2019esprit de Dieu se posait donc sur le monde primitif, le couvrait, l\u2019enveloppait pour le f\u00e9conder et l\u2019organiser. \u00bb O. Cocorda. Ainsi \u00ab la cr\u00e9ation, telle qu\u2019elle est pr\u00e9sent\u00e9 dans la Gen\u00e8se, et telle qu\u2019elle s\u2019offre \u00e0 nos regards, est la manifestation de l\u2019Esprit dans la mati\u00e8re. \u00bb R Saillens.<\/p>\n<p style=\"text-align: left;\">Avec cette notion de couver, on ressent la tendresse du Saint Esprit en faveur de la race humaine. Ainsi \u00e0 l\u2019origine le P\u00e8re, le Fils et le Saint Esprit voulaient \u00eatre proche de l\u2019homme.<\/p>\n","protected":false},"excerpt":{"rendered":"<p>DIEU, LE SAINT ESPRIT Dieu, l\u2019Esprit \u00e9ternel, a pris avec le P\u00e8re et le Fils une part active \u00e0 la cr\u00e9ation, \u00e0 l\u2019incarnation et \u00e0 la r\u00e9demption. Il a inspir\u00e9 les \u00e9crivains de la Bible. Il a rempli de puissance la vie du Christ. Il attire et persuade les \u00eatres humains; ceux qui r\u00e9pondent favorablement, [&hellip;]<\/p>\n","protected":false},"author":4,"featured_media":0,"comment_status":"open","ping_status":"open","sticky":false,"template":"","format":"standard","meta":{"_exactmetrics_skip_tracking":false,"_exactmetrics_sitenote_active":false,"_exactmetrics_sitenote_note":"","_exactmetrics_sitenote_category":0,"footnotes":""},"categories":[15],"tags":[],"_links":{"self":[{"href":"http:\/\/reveiletreforme.adventiste.re\/index.php?rest_route=\/wp\/v2\/posts\/3740"}],"collection":[{"href":"http:\/\/reveiletreforme.adventiste.re\/index.php?rest_route=\/wp\/v2\/posts"}],"about":[{"href":"http:\/\/reveiletreforme.adventiste.re\/index.php?rest_route=\/wp\/v2\/types\/post"}],"author":[{"embeddable":true,"href":"http:\/\/reveiletreforme.adventiste.re\/index.php?rest_route=\/wp\/v2\/users\/4"}],"replies":[{"embeddable":true,"href":"http:\/\/reveiletreforme.adventiste.re\/index.php?rest_route=%2Fwp%2Fv2%2Fcomments&post=3740"}],"version-history":[{"count":5,"href":"http:\/\/reveiletreforme.adventiste.re\/index.php?rest_route=\/wp\/v2\/posts\/3740\/revisions"}],"predecessor-version":[{"id":3742,"href":"http:\/\/reveiletreforme.adventiste.re\/index.php?rest_route=\/wp\/v2\/posts\/3740\/revisions\/3742"}],"wp:attachment":[{"href":"http:\/\/reveiletreforme.adventiste.re\/index.php?rest_route=%2Fwp%2Fv2%2Fmedia&parent=3740"}],"wp:term":[{"taxonomy":"category","embeddable":true,"href":"http:\/\/reveiletreforme.adventiste.re\/index.php?rest_route=%2Fwp%2Fv2%2Fcategories&post=3740"},{"taxonomy":"post_tag","embeddable":true,"href":"http:\/\/reveiletreforme.adventiste.re\/index.php?rest_route=%2Fwp%2Fv2%2Ftags&post=3740"}],"curies":[{"name":"wp","href":"https:\/\/api.w.org\/{rel}","templated":true}]}}