{"id":3750,"date":"2016-01-31T01:00:31","date_gmt":"2016-01-30T21:00:31","guid":{"rendered":"http:\/\/reveiletreforme.adventiste.re\/?p=3750"},"modified":"2016-01-18T17:04:29","modified_gmt":"2016-01-18T13:04:29","slug":"vigile-matinale-du-31-janvier","status":"publish","type":"post","link":"http:\/\/reveiletreforme.adventiste.re\/?p=3750","title":{"rendered":"Vigile matinale du 31 Janvier"},"content":{"rendered":"<p><strong>\u00ab Mais vous recevrez une puissance, le Saint <\/strong><strong>Esprit survenant sur vous, et vous serez mes t\u00e9moins <\/strong><strong>\u00e0 J\u00e9rusalem, dans toute la Jud\u00e9e, dans la Samarie, et <\/strong><strong>jusqu\u2019aux extr\u00e9mit\u00e9s de la terre. \u00bb <\/strong><strong><em>Actes 1.8<\/em> <\/strong><\/p>\n<p>Sans aucun doute, il est important de savoir qui est le Saint-Esprit. Mais cette connaissance ne sert \u00e0 rien si elle ne nous am\u00e8ne pas \u00e0 ouvrir compl\u00e8tement notre vie pour qu\u2019il la remplisse. J\u00e9sus a dit clairement que si nous n\u2019invitons pas la pr\u00e9sence de l\u2019invit\u00e9 c\u00e9leste \u00e0 demeurer avec nous chaque jour, il y a un autre genre d\u2019esprit qui ne demande qu\u2019\u00e0 entrer dans cette vie vide pour y produire un d\u00e9sastre spirituel (Mt 12.43-45).<\/p>\n<p>J\u00e9sus lui-m\u00eame \u00e9tait \u00ab rempli d\u2019Esprit-Saint \u00bb (Luc 4.1, Colombe). \u00ab Chaque jour, il recevait un nouveau bapt\u00eame du Saint-Esprit \u00bb. &#8211; Ellen G. White, Les paraboles de J\u00e9sus, p.113.<br \/>\nLors du dernier repas avec ses disciples, J\u00e9sus a promis \u00e0 ses disciples qu\u2019il leur enverrait le Saint-Esprit.<br \/>\nIl a mis l\u2019accent sur le minist\u00e8re de r\u00e9confort et d\u2019enseignement de l\u2019Esprit, qui devait combler leurs besoins \u00e0 ce moment-l\u00e0. Apr\u00e8s la r\u00e9surrection du Christ, cependant, le contexte \u00e9tait diff\u00e9rent, et les disciples faisaient face \u00e0 de nouveaux d\u00e9fis.<\/p>\n<p>Actes 1.5 est le seul texte biblique o\u00f9 J\u00e9sus \u00e9voque le fait d\u2019\u00eatre <em>\u00ab baptis\u00e9 d\u2019Esprit-Saint \u00bb<\/em> (Colombe). Jean-Baptiste avait annonc\u00e9 ce bapt\u00eame particulier (Mt 3.11, Jean 1.33), mais cela devait attendre l\u2019ascension du Christ. Que signifie le bapt\u00eame du Saint-Esprit?<\/p>\n<p>Dans Actes 1.8, J\u00e9sus lui-m\u00eame l\u2019explique en utilisant une expression similaire. Vous \u00eates<em> \u00ab baptis\u00e9s d\u2019Esprit-Saint \u00bb<\/em>(Ac 1.5, Colombe) quand vous recevez la puissance, celle du Saint-Esprit survenant sur vous (Ac 1.8, Colombe). \u00catre baptis\u00e9, c\u2019est \u00eatre totalement immerg\u00e9 dans quelque chose, en g\u00e9n\u00e9ral de l\u2019eau. Toute la personne est impliqu\u00e9e. Le bapt\u00eame du Saint-Esprit signifie \u00eatre totalement sous l\u2019influence de l\u2019Esprit, totalement<em> \u00ab rempli par l\u2019Esprit \u00bb<\/em>(Ep 5.18). Il ne s\u2019agit pas d\u2019une exp\u00e9rience du type \u00ab une fois pour toutes, \u00bb c\u2019est plut\u00f4t quelque chose qui doit \u00eatre constamment renouvel\u00e9. Extrait du questionnaire EDS sur le Saint-Esprit<\/p>\n","protected":false},"excerpt":{"rendered":"<p>\u00ab Mais vous recevrez une puissance, le Saint Esprit survenant sur vous, et vous serez mes t\u00e9moins \u00e0 J\u00e9rusalem, dans toute la Jud\u00e9e, dans la Samarie, et jusqu\u2019aux extr\u00e9mit\u00e9s de la terre. \u00bb Actes 1.8 Sans aucun doute, il est important de savoir qui est le Saint-Esprit. Mais cette connaissance ne sert \u00e0 rien si [&hellip;]<\/p>\n","protected":false},"author":4,"featured_media":0,"comment_status":"open","ping_status":"open","sticky":false,"template":"","format":"standard","meta":{"_exactmetrics_skip_tracking":false,"_exactmetrics_sitenote_active":false,"_exactmetrics_sitenote_note":"","_exactmetrics_sitenote_category":0,"footnotes":""},"categories":[15],"tags":[],"_links":{"self":[{"href":"http:\/\/reveiletreforme.adventiste.re\/index.php?rest_route=\/wp\/v2\/posts\/3750"}],"collection":[{"href":"http:\/\/reveiletreforme.adventiste.re\/index.php?rest_route=\/wp\/v2\/posts"}],"about":[{"href":"http:\/\/reveiletreforme.adventiste.re\/index.php?rest_route=\/wp\/v2\/types\/post"}],"author":[{"embeddable":true,"href":"http:\/\/reveiletreforme.adventiste.re\/index.php?rest_route=\/wp\/v2\/users\/4"}],"replies":[{"embeddable":true,"href":"http:\/\/reveiletreforme.adventiste.re\/index.php?rest_route=%2Fwp%2Fv2%2Fcomments&post=3750"}],"version-history":[{"count":3,"href":"http:\/\/reveiletreforme.adventiste.re\/index.php?rest_route=\/wp\/v2\/posts\/3750\/revisions"}],"predecessor-version":[{"id":3755,"href":"http:\/\/reveiletreforme.adventiste.re\/index.php?rest_route=\/wp\/v2\/posts\/3750\/revisions\/3755"}],"wp:attachment":[{"href":"http:\/\/reveiletreforme.adventiste.re\/index.php?rest_route=%2Fwp%2Fv2%2Fmedia&parent=3750"}],"wp:term":[{"taxonomy":"category","embeddable":true,"href":"http:\/\/reveiletreforme.adventiste.re\/index.php?rest_route=%2Fwp%2Fv2%2Fcategories&post=3750"},{"taxonomy":"post_tag","embeddable":true,"href":"http:\/\/reveiletreforme.adventiste.re\/index.php?rest_route=%2Fwp%2Fv2%2Ftags&post=3750"}],"curies":[{"name":"wp","href":"https:\/\/api.w.org\/{rel}","templated":true}]}}