{"id":3776,"date":"2016-02-02T01:00:35","date_gmt":"2016-02-01T21:00:35","guid":{"rendered":"http:\/\/reveiletreforme.adventiste.re\/?p=3776"},"modified":"2016-01-26T20:31:46","modified_gmt":"2016-01-26T16:31:46","slug":"vigile-matinale-02-fevrier","status":"publish","type":"post","link":"http:\/\/reveiletreforme.adventiste.re\/?p=3776","title":{"rendered":"Vigile matinale 02 f\u00e9vrier"},"content":{"rendered":"<p><strong>\u00ab Nous tous qui, le visage d\u00e9couvert, <\/strong><strong>contemplons comme dans un miroir la gloire <\/strong><strong>du Seigneur, nous sommes transform\u00e9s en la m\u00eame <\/strong><strong>image, de gloire en gloire, comme par le Seigneur, <\/strong><strong>l\u2019Esprit. \u00bb <\/strong><strong><em>2 Corinthiens 3.18<\/em><\/strong><\/p>\n<p>\u00ab En tout temps et en tous lieux, dans toutes nos douleurs et dans toutes nos afflictions, quand les perspectives paraissent sombres et l\u2019avenir angoissant, quand nous nous sentons d\u00e9nu\u00e9s de tout et d\u00e9laiss\u00e9s, le Consolateur nous est envoy\u00e9 en r\u00e9ponse \u00e0 la pri\u00e8re faite avec foi. Les circonstances peuvent nous \u00e9loigner de tous nos amis terrestres mais aucun \u00e9v\u00e9nement, aucune distance, ne peut nous s\u00e9parer du Consolateur c\u00e9leste. O\u00f9 que nous soyons, o\u00f9 que nous allions, il est toujours \u00e0 notre droite pour nous soutenir et nous encourager. \u00bb &#8211; Ellen C. White, J\u00e9sus-Christ, p.673.<\/p>\n<p>\u00ab Le Saint-Esprit \u00e9tait le plus excellent de tous les dons qu\u2019il [J\u00e9sus] put solliciter de son P\u00e8re, pour le bien de son peuple. Il devait \u00eatre donn\u00e9 comme un moyen de r\u00e9g\u00e9n\u00e9ration sans lequel le sacrifice du Christ resterait inefficace. Le pouvoir du mal \u00e9tait all\u00e9 grandissant, pendant des si\u00e8cles, et les hommes se soumettaient \u00e0 cette captivit\u00e9 diabolique avec une docilit\u00e9 \u00e9tonnante. La r\u00e9sistance au p\u00e9ch\u00e9 et la victoire ne seraient rendues possibles qu\u2019au moyen de la troisi\u00e8me Personne de la Divinit\u00e9, qui viendrait, non pas avec un pouvoir amoindri, mais la pl\u00e9nitude de la puissance divine. C\u2019est l\u2019Esprit qui nous permet de b\u00e9n\u00e9ficier de l\u2019\u0153uvre accomplie par le R\u00e9dempteur du monde. Ellen C.White, J\u00e9sus-Christ,\u00bb p. 675.<\/p>\n","protected":false},"excerpt":{"rendered":"<p>\u00ab Nous tous qui, le visage d\u00e9couvert, contemplons comme dans un miroir la gloire du Seigneur, nous sommes transform\u00e9s en la m\u00eame image, de gloire en gloire, comme par le Seigneur, l\u2019Esprit. \u00bb 2 Corinthiens 3.18 \u00ab En tout temps et en tous lieux, dans toutes nos douleurs et dans toutes nos afflictions, quand les [&hellip;]<\/p>\n","protected":false},"author":4,"featured_media":0,"comment_status":"open","ping_status":"open","sticky":false,"template":"","format":"standard","meta":{"_exactmetrics_skip_tracking":false,"_exactmetrics_sitenote_active":false,"_exactmetrics_sitenote_note":"","_exactmetrics_sitenote_category":0,"footnotes":""},"categories":[15],"tags":[],"_links":{"self":[{"href":"http:\/\/reveiletreforme.adventiste.re\/index.php?rest_route=\/wp\/v2\/posts\/3776"}],"collection":[{"href":"http:\/\/reveiletreforme.adventiste.re\/index.php?rest_route=\/wp\/v2\/posts"}],"about":[{"href":"http:\/\/reveiletreforme.adventiste.re\/index.php?rest_route=\/wp\/v2\/types\/post"}],"author":[{"embeddable":true,"href":"http:\/\/reveiletreforme.adventiste.re\/index.php?rest_route=\/wp\/v2\/users\/4"}],"replies":[{"embeddable":true,"href":"http:\/\/reveiletreforme.adventiste.re\/index.php?rest_route=%2Fwp%2Fv2%2Fcomments&post=3776"}],"version-history":[{"count":6,"href":"http:\/\/reveiletreforme.adventiste.re\/index.php?rest_route=\/wp\/v2\/posts\/3776\/revisions"}],"predecessor-version":[{"id":3783,"href":"http:\/\/reveiletreforme.adventiste.re\/index.php?rest_route=\/wp\/v2\/posts\/3776\/revisions\/3783"}],"wp:attachment":[{"href":"http:\/\/reveiletreforme.adventiste.re\/index.php?rest_route=%2Fwp%2Fv2%2Fmedia&parent=3776"}],"wp:term":[{"taxonomy":"category","embeddable":true,"href":"http:\/\/reveiletreforme.adventiste.re\/index.php?rest_route=%2Fwp%2Fv2%2Fcategories&post=3776"},{"taxonomy":"post_tag","embeddable":true,"href":"http:\/\/reveiletreforme.adventiste.re\/index.php?rest_route=%2Fwp%2Fv2%2Ftags&post=3776"}],"curies":[{"name":"wp","href":"https:\/\/api.w.org\/{rel}","templated":true}]}}