{"id":3803,"date":"2016-02-05T01:00:53","date_gmt":"2016-02-04T21:00:53","guid":{"rendered":"http:\/\/reveiletreforme.adventiste.re\/?p=3803"},"modified":"2016-02-03T16:05:13","modified_gmt":"2016-02-03T12:05:13","slug":"vigile-matinale-05-fevrier","status":"publish","type":"post","link":"http:\/\/reveiletreforme.adventiste.re\/?p=3803","title":{"rendered":"Vigile matinale 05 f\u00e9vrier"},"content":{"rendered":"<p style=\"text-align: center;\"><strong>LA CR\u00c9ATION<\/strong><br \/>\nDieu a cr\u00e9\u00e9 toute chose et nous a laiss\u00e9 dans les \u00c9critures le r\u00e9cit authentique de son activit\u00e9 cr\u00e9atrice. En six jours, le Seigneur a fait les cieux et la terre et tout ce qui vit sur la terre, et il s\u2019est repos\u00e9 le septi\u00e8me jour de cette premi\u00e8re semaine. Il a par l\u00e0 m\u00eame instituer le sabbat comme m\u00e9morial perp\u00e9tuel d\u2019une \u0153uvre cr\u00e9atrice achev\u00e9e. Le premier couple, homme et femme, fut cr\u00e9\u00e9 \u00e0 l\u2019image de Dieu comme le couronnement de la cr\u00e9ation; il re\u00e7ut le pouvoir de dominer le monde et fut charg\u00e9 d\u2019en prendre soin. D\u00e8s son ach\u00e8vement, le monde \u00e9tait tr\u00e8s bon et proclamait la gloire de Dieu.<\/p>\n<p style=\"text-align: left;\"><strong>\u00ab Dieu vit tout ce qu\u2019il avait fait et voici, cela \u00e9tait tr\u00e8s bon. \u00bb <em>Gen\u00e8se 1.31<\/em><\/strong><\/p>\n<p style=\"text-align: left;\"><em>\u00ab L\u2019une des doctrines les plus caract\u00e9ristiques de la religion r\u00e9v\u00e9l\u00e9e, c\u2019est celle de la cr\u00e9ation. Cette doctrine met en lumi\u00e8re la grandeur et la puissance de Dieu, la petitesse et l\u2019\u00e9tat de d\u00e9pendance de l\u2019homme, et elle jette les fondements de la doctrine de la r\u00e9demption. \u00bb<\/em> A.Vaucher<\/p>\n<p style=\"text-align: left;\">Quand Dieu a entrepris le projet sur la Cr\u00e9ation de la Terre, IL amena ce projet jusqu\u2019au bout. Moise dit que \u00ab cela \u00e9tait tr\u00e8s bon \u00bb, c\u2019est le r\u00e9sultat final de cette entreprise divine. D\u2019ailleurs c\u2019est le constat que Dieu lui-m\u00eame dressa sur toute son \u0153uvre. Ce n\u2019\u00e9tait pas uniquement la cr\u00e9ation de femme que Dieu trouva bon mais tout son ouvre. Cette phrase efface tout le doute sur la perfection de la cr\u00e9ation m\u00eame si apr\u00e8s on voit que le p\u00e9ch\u00e9 va tout d\u00e9ranger. Dans le plan initial, tout \u00e9tait parfait. Elle illustre aussi la nature de Dieu qui est Parfait. Nous n\u2019avons pas ici un dieu qui agit \u00e0 moiti\u00e9 comme les dieux pa\u00efens. Ainsi ce texte me rassure, car je sers un Dieu Parfait et vise l\u2019excellence dans ses \u0153uvres.<\/p>\n<p style=\"text-align: left;\">Le r\u00e9cit biblique de la cr\u00e9ation commence par Dieu et envisage ensuite les \u00eatres humains. Cela implique qu\u2019en cr\u00e9ant les cieux et la terre Dieu pr\u00e9parait un environnement parfait pour la race humaine. L\u2019homme, m\u00e2le et femelle, \u00e9tait son glorieux chef-d\u2019\u0153uvre. Il pr\u00e9sente Dieu comme un architecte soigneux manifestant un r\u00e9el int\u00e9r\u00eat pour sa cr\u00e9ation. Il planta un jardin exceptionnel et le leur offrit comme foyer, leur donnant la responsabilit\u00e9 de le cultiver. Il cr\u00e9a les \u00eatres humains pour qu\u2019ils puissent entretenir une relation avec lui. Il les cr\u00e9a libres de tout choix et leur accorda la possibilit\u00e9 de l\u2019aimer et de le servir.<\/p>\n","protected":false},"excerpt":{"rendered":"<p>LA CR\u00c9ATION Dieu a cr\u00e9\u00e9 toute chose et nous a laiss\u00e9 dans les \u00c9critures le r\u00e9cit authentique de son activit\u00e9 cr\u00e9atrice. En six jours, le Seigneur a fait les cieux et la terre et tout ce qui vit sur la terre, et il s\u2019est repos\u00e9 le septi\u00e8me jour de cette premi\u00e8re semaine. Il a par [&hellip;]<\/p>\n","protected":false},"author":4,"featured_media":0,"comment_status":"open","ping_status":"open","sticky":false,"template":"","format":"standard","meta":{"_exactmetrics_skip_tracking":false,"_exactmetrics_sitenote_active":false,"_exactmetrics_sitenote_note":"","_exactmetrics_sitenote_category":0,"footnotes":""},"categories":[15],"tags":[],"_links":{"self":[{"href":"http:\/\/reveiletreforme.adventiste.re\/index.php?rest_route=\/wp\/v2\/posts\/3803"}],"collection":[{"href":"http:\/\/reveiletreforme.adventiste.re\/index.php?rest_route=\/wp\/v2\/posts"}],"about":[{"href":"http:\/\/reveiletreforme.adventiste.re\/index.php?rest_route=\/wp\/v2\/types\/post"}],"author":[{"embeddable":true,"href":"http:\/\/reveiletreforme.adventiste.re\/index.php?rest_route=\/wp\/v2\/users\/4"}],"replies":[{"embeddable":true,"href":"http:\/\/reveiletreforme.adventiste.re\/index.php?rest_route=%2Fwp%2Fv2%2Fcomments&post=3803"}],"version-history":[{"count":3,"href":"http:\/\/reveiletreforme.adventiste.re\/index.php?rest_route=\/wp\/v2\/posts\/3803\/revisions"}],"predecessor-version":[{"id":3807,"href":"http:\/\/reveiletreforme.adventiste.re\/index.php?rest_route=\/wp\/v2\/posts\/3803\/revisions\/3807"}],"wp:attachment":[{"href":"http:\/\/reveiletreforme.adventiste.re\/index.php?rest_route=%2Fwp%2Fv2%2Fmedia&parent=3803"}],"wp:term":[{"taxonomy":"category","embeddable":true,"href":"http:\/\/reveiletreforme.adventiste.re\/index.php?rest_route=%2Fwp%2Fv2%2Fcategories&post=3803"},{"taxonomy":"post_tag","embeddable":true,"href":"http:\/\/reveiletreforme.adventiste.re\/index.php?rest_route=%2Fwp%2Fv2%2Ftags&post=3803"}],"curies":[{"name":"wp","href":"https:\/\/api.w.org\/{rel}","templated":true}]}}