{"id":3836,"date":"2016-02-06T01:04:36","date_gmt":"2016-02-05T21:04:36","guid":{"rendered":"http:\/\/reveiletreforme.adventiste.re\/?p=3836"},"modified":"2016-01-31T21:11:28","modified_gmt":"2016-01-31T17:11:28","slug":"vigile-matinale-06-fevrier","status":"publish","type":"post","link":"http:\/\/reveiletreforme.adventiste.re\/?p=3836","title":{"rendered":"Vigile matinale 06 f\u00e9vrier"},"content":{"rendered":"<p><strong>\u00ab Souviens-toi du jour du repos, pour <\/strong><strong>le sanctifier. Tu travailleras six jours, et tu feras tout<\/strong> <strong>ton ouvrage. Mais le septi\u00e8me jour est le jour du repos<\/strong> <strong>de l\u2019\u00c9ternel, ton Dieu: tu ne feras aucun ouvrage, ni <\/strong><strong>toi, ni ton fils, ni ta fille, ni ton serviteur, ni ta servante,<\/strong> <strong>ni ton b\u00e9tail, ni l\u2019\u00e9tranger qui est dans tes portes. Car <\/strong><strong>en six jours l\u2019\u00c9ternel a fait les cieux, la terre et la mer,<\/strong> <strong>et tout ce qui y est contenu, et il s\u2019est repos\u00e9 le septi\u00e8me<\/strong> <strong>jour: c\u2019est pourquoi l\u2019\u00c9ternel a b\u00e9ni le jour du<\/strong> <strong>repos et l\u2019a sanctifi\u00e9. \u00bb <\/strong><em><strong>Exode 20.8-11<\/strong><\/em><\/p>\n<p>Ce texte qui a \u00e9t\u00e9 \u00e9crit par la main de Dieu dans la pierre, nous rappelle que Dieu est cr\u00e9ateur. Il nous fait aussi comprendre la dur\u00e9e de cette cr\u00e9ation. Six jours Il a cr\u00e9\u00e9 et le septi\u00e8me jour, il se reposa. Certes le texte s\u2019ins\u00e8re dans le contexte de la promulgation dans la loi au Sina\u00ef. Tablettes que Dieu a \u00e9crites de sa main. Mais ce texte, nous rappelle aussi que la notion de 7 jours pour une semaine. Je peux vous dire que c\u2019est une gr\u00e2ce de Dieu qui nous avons encore la semaine de 7 jours dans la r\u00e9publique fran\u00e7aise.<\/p>\n<p>Je pense que vous \u00eates au courant concernant le Calendrier r\u00e9publicain. Or en 1792 jusqu\u2019au 31 d\u00e9cembre 1805, l\u2019\u00e9tat faisait utilis\u00e9 le calendrier r\u00e9publicain. L\u2019invention de ce calendrier se fit progressivement. D\u00e8s le lendemain de la prise de la Bastille (14 juillet 1789), l\u2019usage \u00e9tait apparu d\u2019appeler 1789 \u00ab l\u2019an I de (l\u2019\u00e8re de) la Libert\u00e9 \u00bb. Il comportait 12 mois de 30 jours. Chacun partag\u00e9 en trois d\u00e9cades de 10 jours. Le 1er Janvier 1806, le calendrier gr\u00e9gorien est r\u00e9tabli. Ce brin d\u2019histoire de la r\u00e9publique fran\u00e7aise nous d\u00e9montre que l\u2019homme a voulu changer ce que Dieu a \u00e9tabli, c\u2019est-\u00e0-dire une semaine de 7jours. Mais ils ont abandonn\u00e9 leur projet.<\/p>\n<p>Quand Dieu a introduit la semaine de 7 jours litt\u00e9rale de 24 heures, ils savaient parfaitement ce qu\u2019Il faisait. Lou\u00e9 Dieu de pour ce qu\u2019il fait pour nous.<\/p>\n","protected":false},"excerpt":{"rendered":"<p>\u00ab Souviens-toi du jour du repos, pour le sanctifier. Tu travailleras six jours, et tu feras tout ton ouvrage. Mais le septi\u00e8me jour est le jour du repos de l\u2019\u00c9ternel, ton Dieu: tu ne feras aucun ouvrage, ni toi, ni ton fils, ni ta fille, ni ton serviteur, ni ta servante, ni ton b\u00e9tail, ni [&hellip;]<\/p>\n","protected":false},"author":4,"featured_media":0,"comment_status":"open","ping_status":"open","sticky":false,"template":"","format":"standard","meta":{"_exactmetrics_skip_tracking":false,"_exactmetrics_sitenote_active":false,"_exactmetrics_sitenote_note":"","_exactmetrics_sitenote_category":0,"footnotes":""},"categories":[15],"tags":[],"_links":{"self":[{"href":"http:\/\/reveiletreforme.adventiste.re\/index.php?rest_route=\/wp\/v2\/posts\/3836"}],"collection":[{"href":"http:\/\/reveiletreforme.adventiste.re\/index.php?rest_route=\/wp\/v2\/posts"}],"about":[{"href":"http:\/\/reveiletreforme.adventiste.re\/index.php?rest_route=\/wp\/v2\/types\/post"}],"author":[{"embeddable":true,"href":"http:\/\/reveiletreforme.adventiste.re\/index.php?rest_route=\/wp\/v2\/users\/4"}],"replies":[{"embeddable":true,"href":"http:\/\/reveiletreforme.adventiste.re\/index.php?rest_route=%2Fwp%2Fv2%2Fcomments&post=3836"}],"version-history":[{"count":4,"href":"http:\/\/reveiletreforme.adventiste.re\/index.php?rest_route=\/wp\/v2\/posts\/3836\/revisions"}],"predecessor-version":[{"id":3841,"href":"http:\/\/reveiletreforme.adventiste.re\/index.php?rest_route=\/wp\/v2\/posts\/3836\/revisions\/3841"}],"wp:attachment":[{"href":"http:\/\/reveiletreforme.adventiste.re\/index.php?rest_route=%2Fwp%2Fv2%2Fmedia&parent=3836"}],"wp:term":[{"taxonomy":"category","embeddable":true,"href":"http:\/\/reveiletreforme.adventiste.re\/index.php?rest_route=%2Fwp%2Fv2%2Fcategories&post=3836"},{"taxonomy":"post_tag","embeddable":true,"href":"http:\/\/reveiletreforme.adventiste.re\/index.php?rest_route=%2Fwp%2Fv2%2Ftags&post=3836"}],"curies":[{"name":"wp","href":"https:\/\/api.w.org\/{rel}","templated":true}]}}