{"id":3845,"date":"2016-02-08T01:22:08","date_gmt":"2016-02-07T21:22:08","guid":{"rendered":"http:\/\/reveiletreforme.adventiste.re\/?p=3845"},"modified":"2016-01-31T21:34:34","modified_gmt":"2016-01-31T17:34:34","slug":"vigile-matinale-08-fevrier","status":"publish","type":"post","link":"http:\/\/reveiletreforme.adventiste.re\/?p=3845","title":{"rendered":"Vigile matinale 08 f\u00e9vrier"},"content":{"rendered":"<p><strong>\u00a0\u00ab Les cieux ont \u00e9t\u00e9 faits par la parole <\/strong><strong>de l\u2019\u00c9ternel, Et toute leur arm\u00e9e par le souffle de sa <\/strong><strong>bouche. \u00bb <\/strong><em><strong>Psaume 33.6<\/strong><\/em><\/p>\n<p>La Parole cr\u00e9atrice de Dieu c\u2019est quelque chose qui nous d\u00e9passe tr\u00e8s largement. Car l\u2019homme poss\u00e8de la parole d\u00e9clarative. Or si demain, une envie de manger des letchis dans la p\u00e9riode hors saison, je dis letchi, je vais rester sur ma faim. Par contre Dieu dit la chose elle arrive, Il l\u2019ordonne et elle existe. C\u2019est le pouvoir que d\u00e9tient notre Dieu. Il aurait pu dire Terre et tout ce que la terre contient aurait pu apparaitre d\u2019un seul coup.<\/p>\n<p>S\u2019il ne l\u2019a pas fait, ce n\u2019est pas du fait qu\u2019il est limit\u00e9. Mais il voulait mettre l\u2019homme dans l\u2019espace-temps. Ainsi, le r\u00e9cit de la Gen\u00e8se, nous donnons jour apr\u00e8s jour comment Dieu a utilis\u00e9 la Parole Cr\u00e9atrice. Ce m\u00eame livre nous relate \u00e0 neuf reprises,<em> \u00ab IL dit \u00bb<\/em> et apr\u00e8s la chose arrive. Cette Parole cr\u00e9atrice d\u00e9range ceux qui ne croient pas dans le Dieu cr\u00e9ateur. Pour ceux qui crois par la foi, c\u2019est une consolation car nous ne sommes pas le produit du hasard. Tout a \u00e9t\u00e9 parfaitement planifi\u00e9 par notre Dieu.<\/p>\n<p>Cette m\u00eame \u00e9nergie cr\u00e9atrice \u00e0 l\u2019origine du monde est toujours active, soutenant l\u2019univers et continuant d\u2019animer les m\u00e9canismes naturels. La main divine guide les plan\u00e8tes dans leur course bien r\u00e9gl\u00e9e \u00e0 travers les cieux. Ce n\u2019est pas port\u00e9 par sa puissance propre que la terre, ann\u00e9e apr\u00e8s ann\u00e9e, poursuit sa course autour du soleil et produit ses richesses. Dieu par sa Parole contr\u00f4le les \u00e9l\u00e9ments. Il couvre le ciel de nuages et pr\u00e9pare la pluie pour arroser la terre. Il rend les vall\u00e9es fertiles et <em>\u00ab fait germer l\u2019herbe sur les montagnes \u00bb.<\/em> Psaumes 147:8. C\u2019est par sa puissance que la v\u00e9g\u00e9tation s\u2019\u00e9panouit, que les feuilles apparaissent et que les fleurs s\u2019ouvrent. {CEPE 149.4}<\/p>\n","protected":false},"excerpt":{"rendered":"<p>\u00a0\u00ab Les cieux ont \u00e9t\u00e9 faits par la parole de l\u2019\u00c9ternel, Et toute leur arm\u00e9e par le souffle de sa bouche. \u00bb Psaume 33.6 La Parole cr\u00e9atrice de Dieu c\u2019est quelque chose qui nous d\u00e9passe tr\u00e8s largement. Car l\u2019homme poss\u00e8de la parole d\u00e9clarative. Or si demain, une envie de manger des letchis dans la p\u00e9riode [&hellip;]<\/p>\n","protected":false},"author":4,"featured_media":0,"comment_status":"open","ping_status":"open","sticky":false,"template":"","format":"standard","meta":{"_exactmetrics_skip_tracking":false,"_exactmetrics_sitenote_active":false,"_exactmetrics_sitenote_note":"","_exactmetrics_sitenote_category":0,"footnotes":""},"categories":[15],"tags":[],"_links":{"self":[{"href":"http:\/\/reveiletreforme.adventiste.re\/index.php?rest_route=\/wp\/v2\/posts\/3845"}],"collection":[{"href":"http:\/\/reveiletreforme.adventiste.re\/index.php?rest_route=\/wp\/v2\/posts"}],"about":[{"href":"http:\/\/reveiletreforme.adventiste.re\/index.php?rest_route=\/wp\/v2\/types\/post"}],"author":[{"embeddable":true,"href":"http:\/\/reveiletreforme.adventiste.re\/index.php?rest_route=\/wp\/v2\/users\/4"}],"replies":[{"embeddable":true,"href":"http:\/\/reveiletreforme.adventiste.re\/index.php?rest_route=%2Fwp%2Fv2%2Fcomments&post=3845"}],"version-history":[{"count":2,"href":"http:\/\/reveiletreforme.adventiste.re\/index.php?rest_route=\/wp\/v2\/posts\/3845\/revisions"}],"predecessor-version":[{"id":3848,"href":"http:\/\/reveiletreforme.adventiste.re\/index.php?rest_route=\/wp\/v2\/posts\/3845\/revisions\/3848"}],"wp:attachment":[{"href":"http:\/\/reveiletreforme.adventiste.re\/index.php?rest_route=%2Fwp%2Fv2%2Fmedia&parent=3845"}],"wp:term":[{"taxonomy":"category","embeddable":true,"href":"http:\/\/reveiletreforme.adventiste.re\/index.php?rest_route=%2Fwp%2Fv2%2Fcategories&post=3845"},{"taxonomy":"post_tag","embeddable":true,"href":"http:\/\/reveiletreforme.adventiste.re\/index.php?rest_route=%2Fwp%2Fv2%2Ftags&post=3845"}],"curies":[{"name":"wp","href":"https:\/\/api.w.org\/{rel}","templated":true}]}}