{"id":3849,"date":"2016-02-09T01:36:19","date_gmt":"2016-02-08T21:36:19","guid":{"rendered":"http:\/\/reveiletreforme.adventiste.re\/?p=3849"},"modified":"2016-01-31T21:42:22","modified_gmt":"2016-01-31T17:42:22","slug":"vigile-matinale-09-fevrier","status":"publish","type":"post","link":"http:\/\/reveiletreforme.adventiste.re\/?p=3849","title":{"rendered":"Vigile matinale 09 f\u00e9vrier"},"content":{"rendered":"<p><strong>\u00ab Que toute la terre craigne l\u2019\u00c9ternel! <\/strong><strong>Que tous les habitants du monde tremblent devant lui! <\/strong><strong>Car il dit, et la chose arrive; Il ordonne, et elle existe. \u00bb <\/strong><strong><em>Psaume 33.8-9<\/em> <\/strong><\/p>\n<p>Les saints anges se sont indign\u00e9s de la mani\u00e8re irr\u00e9v\u00e9rencieuse avec laquelle beaucoup ont employ\u00e9 le nom de Dieu, le grand J\u00e9hovah. Les \u00eatres c\u00e9lestes prononcent ce nom sacr\u00e9 avec la plus grande crainte, et en se voilant la face; pour eux, le nom du Christ est aussi sacr\u00e9.<\/p>\n<p>La v\u00e9ritable r\u00e9v\u00e9rence envers Dieu est inspir\u00e9e par le sentiment de son infinie grandeur et la conscience de sa pr\u00e9sence. Notre c\u0153ur devrait en \u00eatre profond\u00e9ment p\u00e9n\u00e9tr\u00e9. L\u2019heure et le lieu de la pri\u00e8re sont sacr\u00e9s, parce que nous sommes en pr\u00e9sence de Dieu.<\/p>\n<p>En manifestant de la r\u00e9v\u00e9rence dans notre attitude et notre maintien, le sentiment qui inspire cette r\u00e9v\u00e9rence gagne en profondeur.<em> \u00ab Son nom est saint et<\/em> <em>redoutable \u00bb<\/em>, d\u00e9clare le Psalmiste. Lorsque les anges prononcent ce nom, ils se voilent la face. Avec quelle r\u00e9v\u00e9rence ne devrions-nous donc pas, nous p\u00e9cheurs, articuler ce nom!<\/p>\n<p>Il serait bon que jeunes et vieux \u00e9tudient, m\u00e9ditent et r\u00e9p\u00e8tent souvent les paroles des saintes \u00c9critures qui montrent que le lieu o\u00f9 Dieu r\u00e9v\u00e8le plus particuli\u00e8rement sa pr\u00e9sence doit \u00eatre respect\u00e9. Lorsque Mo\u00efse se trouvait pr\u00e8s du buisson ardent, Dieu lui dit: <em>\u00ab \u00d4te tes <\/em><em>souliers de tes pieds, car le lieu sur lequel tu te tiens<\/em> <em>est une terre sainte. \u00bb<\/em> Exode 3:5. Jacob, apr\u00e8s sa vision \u00e0 B\u00e9thel, s\u2019\u00e9cria: <em>\u00ab Certainement, l\u2019\u00c9ternel est en<\/em> <em>ce lieu, et moi, je ne le savais pas! &#8230; C\u2019est ici la maison <\/em><em>de Dieu, c\u2019est ici la porte des cieux! \u00bb<\/em> Gen\u00e8se 28:16, 17. <em>\u00ab L\u2019\u00c9ternel est dans son saint temple. Que toute<\/em> <em>la terre fasse silence devant lui! \u00bb<\/em> Habakuk 2:20. {PG94.2-4}<\/p>\n","protected":false},"excerpt":{"rendered":"<p>\u00ab Que toute la terre craigne l\u2019\u00c9ternel! Que tous les habitants du monde tremblent devant lui! Car il dit, et la chose arrive; Il ordonne, et elle existe. \u00bb Psaume 33.8-9 Les saints anges se sont indign\u00e9s de la mani\u00e8re irr\u00e9v\u00e9rencieuse avec laquelle beaucoup ont employ\u00e9 le nom de Dieu, le grand J\u00e9hovah. Les \u00eatres [&hellip;]<\/p>\n","protected":false},"author":4,"featured_media":0,"comment_status":"open","ping_status":"open","sticky":false,"template":"","format":"standard","meta":{"_exactmetrics_skip_tracking":false,"_exactmetrics_sitenote_active":false,"_exactmetrics_sitenote_note":"","_exactmetrics_sitenote_category":0,"footnotes":""},"categories":[15],"tags":[],"_links":{"self":[{"href":"http:\/\/reveiletreforme.adventiste.re\/index.php?rest_route=\/wp\/v2\/posts\/3849"}],"collection":[{"href":"http:\/\/reveiletreforme.adventiste.re\/index.php?rest_route=\/wp\/v2\/posts"}],"about":[{"href":"http:\/\/reveiletreforme.adventiste.re\/index.php?rest_route=\/wp\/v2\/types\/post"}],"author":[{"embeddable":true,"href":"http:\/\/reveiletreforme.adventiste.re\/index.php?rest_route=\/wp\/v2\/users\/4"}],"replies":[{"embeddable":true,"href":"http:\/\/reveiletreforme.adventiste.re\/index.php?rest_route=%2Fwp%2Fv2%2Fcomments&post=3849"}],"version-history":[{"count":3,"href":"http:\/\/reveiletreforme.adventiste.re\/index.php?rest_route=\/wp\/v2\/posts\/3849\/revisions"}],"predecessor-version":[{"id":3853,"href":"http:\/\/reveiletreforme.adventiste.re\/index.php?rest_route=\/wp\/v2\/posts\/3849\/revisions\/3853"}],"wp:attachment":[{"href":"http:\/\/reveiletreforme.adventiste.re\/index.php?rest_route=%2Fwp%2Fv2%2Fmedia&parent=3849"}],"wp:term":[{"taxonomy":"category","embeddable":true,"href":"http:\/\/reveiletreforme.adventiste.re\/index.php?rest_route=%2Fwp%2Fv2%2Fcategories&post=3849"},{"taxonomy":"post_tag","embeddable":true,"href":"http:\/\/reveiletreforme.adventiste.re\/index.php?rest_route=%2Fwp%2Fv2%2Ftags&post=3849"}],"curies":[{"name":"wp","href":"https:\/\/api.w.org\/{rel}","templated":true}]}}