{"id":3854,"date":"2016-02-10T01:00:51","date_gmt":"2016-02-09T21:00:51","guid":{"rendered":"http:\/\/reveiletreforme.adventiste.re\/?p=3854"},"modified":"2016-01-31T21:53:11","modified_gmt":"2016-01-31T17:53:11","slug":"vigile-matinale-10-fevrier","status":"publish","type":"post","link":"http:\/\/reveiletreforme.adventiste.re\/?p=3854","title":{"rendered":"Vigile matinale 10 f\u00e9vrier"},"content":{"rendered":"<p><strong>\u00a0\u00ab Mon \u00e2me, b\u00e9nis l\u2019\u00c9ternel! \u00c9ternel, mon Dieu, tu es infiniment grand! Tu es rev\u00eatu d\u2019\u00e9clat et de magnificence! Il s\u2019enveloppe de lumi\u00e8re comme d\u2019un manteau; Il \u00e9tend les cieux comme un pavillon. Il <\/strong><strong>forme avec les eaux le fa\u00eete de sa demeure; Il prend les <\/strong><strong>nu\u00e9es pour son char, Il s\u2019avance sur les ailes du vent. <\/strong><em><strong>Psaume 104.1-3<\/strong><\/em><\/p>\n<p>Ce psaume qui est long (35 versets) chante la cr\u00e9ation du monde par Dieu. Splendeurs du ciel, de la terre, de l\u2019eau, des astres, de la mer, de la vie et de la mort &#8230; \u00ab Quelle profusion dans tes \u0153uvres, Seigneur ! \u00bb Et ce panorama de louange est encadr\u00e9 par la b\u00e9n\u00e9diction : \u00ab B\u00e9nis le Seigneur, \u00f4 mon \u00e2me ! \u00bb<\/p>\n<p>Le Psaume 104 est connu depuis longtemps comme le \u00ab Psaume de la cr\u00e9ation. \u00bb Ce psaume pr\u00e9sente un po\u00e8me sur la cr\u00e9ation du monde, et il contient plusieurs passages cl\u00e9s qui contiennent des indices sur des sujets cl\u00e9s li\u00e9s \u00e0 la cr\u00e9ation, comme les inondations, mort avant la chute de l\u2019homme et l\u2019\u00e2ge de la terre.<\/p>\n<p>Premi\u00e8re strophe : le ciel (v. 1b-4)<br \/>\nC\u2019est d\u2019abord la grandeur divine que mentionne le psalmiste. Dieu s\u2019habille d\u2019un immense manteau de lumi\u00e8re, puis \u00e9rige sa demeure princi\u00e8re et gigantesque au-dessus de la coupole du firmament. Ainsi, la salle du tr\u00f4ne de Dieu est-elle install\u00e9e au-del\u00e0 des r\u00e9gions les plus \u00e9lev\u00e9es. Mais, contrairement aux dieux qui se tenaient immobiles dans leurs temples, lui vole sur les ailes du vent d\u2019un bout \u00e0 l\u2019autre du cosmos dont il a la charge, sur un char dans les nuages (cf. \u00c9z 1; Ps 68,5.34).<\/p>\n<p>Ainsi <em>\u00ab le po\u00e8te rejette les concepts de l\u2019ath\u00e9isme et du panth\u00e9isme. Par sa parole, Dieu a cr\u00e9\u00e9 le monde et le soutient. Le parall\u00e8le entre ce psaume et l\u2019histoire de la cr\u00e9ation de Gen\u00e8se 1 est remarquable. Au moment de la r\u00e9daction de ce psaume, l\u2019histoire de la cr\u00e9ation \u00e9tait connue et accept\u00e9e. Dieu est lou\u00e9, lui qui renouvelle la face de la terre (v. 30) et accomplit des miracles de fertilit\u00e9 et de croissance\u2026 Le psaume 104 est donc une forte d\u00e9fense contre les m\u00e9langes de religions et un engagement clair pour le Cr\u00e9ateur (v. 3). <\/em><em>Croire au Cr\u00e9ateur est devenu un message renouvel\u00e9 pour Isra\u00ebl et les nations voisines. Toute r\u00e9alit\u00e9 cr\u00e9\u00e9e porte le sceau de son Cr\u00e9ateur, et montre, au-del\u00e0 d\u2019elle-m\u00eame, la main divine. \u00bb<\/em> Christoph Berger<\/p>\n","protected":false},"excerpt":{"rendered":"<p>\u00a0\u00ab Mon \u00e2me, b\u00e9nis l\u2019\u00c9ternel! \u00c9ternel, mon Dieu, tu es infiniment grand! Tu es rev\u00eatu d\u2019\u00e9clat et de magnificence! Il s\u2019enveloppe de lumi\u00e8re comme d\u2019un manteau; Il \u00e9tend les cieux comme un pavillon. Il forme avec les eaux le fa\u00eete de sa demeure; Il prend les nu\u00e9es pour son char, Il s\u2019avance sur les ailes [&hellip;]<\/p>\n","protected":false},"author":4,"featured_media":0,"comment_status":"open","ping_status":"open","sticky":false,"template":"","format":"standard","meta":{"_exactmetrics_skip_tracking":false,"_exactmetrics_sitenote_active":false,"_exactmetrics_sitenote_note":"","_exactmetrics_sitenote_category":0,"footnotes":""},"categories":[15],"tags":[],"_links":{"self":[{"href":"http:\/\/reveiletreforme.adventiste.re\/index.php?rest_route=\/wp\/v2\/posts\/3854"}],"collection":[{"href":"http:\/\/reveiletreforme.adventiste.re\/index.php?rest_route=\/wp\/v2\/posts"}],"about":[{"href":"http:\/\/reveiletreforme.adventiste.re\/index.php?rest_route=\/wp\/v2\/types\/post"}],"author":[{"embeddable":true,"href":"http:\/\/reveiletreforme.adventiste.re\/index.php?rest_route=\/wp\/v2\/users\/4"}],"replies":[{"embeddable":true,"href":"http:\/\/reveiletreforme.adventiste.re\/index.php?rest_route=%2Fwp%2Fv2%2Fcomments&post=3854"}],"version-history":[{"count":4,"href":"http:\/\/reveiletreforme.adventiste.re\/index.php?rest_route=\/wp\/v2\/posts\/3854\/revisions"}],"predecessor-version":[{"id":3859,"href":"http:\/\/reveiletreforme.adventiste.re\/index.php?rest_route=\/wp\/v2\/posts\/3854\/revisions\/3859"}],"wp:attachment":[{"href":"http:\/\/reveiletreforme.adventiste.re\/index.php?rest_route=%2Fwp%2Fv2%2Fmedia&parent=3854"}],"wp:term":[{"taxonomy":"category","embeddable":true,"href":"http:\/\/reveiletreforme.adventiste.re\/index.php?rest_route=%2Fwp%2Fv2%2Fcategories&post=3854"},{"taxonomy":"post_tag","embeddable":true,"href":"http:\/\/reveiletreforme.adventiste.re\/index.php?rest_route=%2Fwp%2Fv2%2Ftags&post=3854"}],"curies":[{"name":"wp","href":"https:\/\/api.w.org\/{rel}","templated":true}]}}