{"id":3860,"date":"2016-02-11T00:53:39","date_gmt":"2016-02-10T20:53:39","guid":{"rendered":"http:\/\/reveiletreforme.adventiste.re\/?p=3860"},"modified":"2016-01-31T22:01:52","modified_gmt":"2016-01-31T18:01:52","slug":"vigile-matinale-11-fevrier","status":"publish","type":"post","link":"http:\/\/reveiletreforme.adventiste.re\/?p=3860","title":{"rendered":"Vigile matinale 11 f\u00e9vrier"},"content":{"rendered":"<p><strong>\u00ab C\u2019est par la foi que nous reconnaissons <\/strong><strong>que le monde a \u00e9t\u00e9 form\u00e9 par la parole de Dieu, <\/strong><strong>en sorte que ce qu\u2019on voit n\u2019a pas \u00e9t\u00e9 fait de choses<\/strong> <strong>visibles. \u00bb <\/strong><em><strong>H\u00e9breux 11.3 <\/strong><\/em><\/p>\n<p>Par la foi, nous reconnaissons que l\u2019univers a \u00e9t\u00e9 fait par la parole de Dieu, afin que ce qui se voit n\u2019e\u00fbt pas \u00e9t\u00e9 fait de choses qui paraissent. M\u00eame dans sa manifestation premi\u00e8re et la plus g\u00e9n\u00e9rale, la foi, en tant que telle, nous persuade que le monde cr\u00e9\u00e9 par la parole de Dieu, est une vue de l\u2019invisible. En observant le monde sensible, l\u2019homme ne discerne qu\u2019une cha\u00eene non interrompue de causes et d\u2019effets, et rien ne lui prouve que cette cha\u00eene n\u2019ait jamais eu un commencement.<\/p>\n<p>Par la foi, se fondant sur une r\u00e9v\u00e9lation positive de Dieu, il consid\u00e8re, comprend, reconna\u00eet que toutes les choses visibles ont eu, en leur temps, une cause invisible, que l\u2019univers (grec les si\u00e8cles, les p\u00e9riodes que l\u2019univers doit parcourir et tout ce qui les remplit) a \u00e9t\u00e9 fait, form\u00e9, construit par une ou par la parole cr\u00e9atrice de Dieu.<\/p>\n<p>L\u2019auteur fait allusion \u00e0 Gen\u00e8se 1.1-4. (Psaumes 33.6. Comparer Jean 1.1-3)<br \/>\nEt il ne faut pas \u00e0 la foi un petit effort pour admettre ce miracle des miracles, cet acte de la toute-puissance par lequel l\u2019univers fut tir\u00e9 du n\u00e9ant, construit par la parole de Dieu, afin que, comme l\u2019auteur ajoute, marquant l\u2019intention divine, ce qui se voit n\u2019e\u00fbt point \u00e9t\u00e9 fait de choses qui parussent, c\u2019est-\u00e0-dire e\u00fbt une cause invisible, immat\u00e9rielle, le Dieu \u00e9ternel lui-m\u00eame, et f\u00fbt appel\u00e9 \u00e0 l\u2019existence par sa seule parole cr\u00e9atrice.<\/p>\n","protected":false},"excerpt":{"rendered":"<p>\u00ab C\u2019est par la foi que nous reconnaissons que le monde a \u00e9t\u00e9 form\u00e9 par la parole de Dieu, en sorte que ce qu\u2019on voit n\u2019a pas \u00e9t\u00e9 fait de choses visibles. \u00bb H\u00e9breux 11.3 Par la foi, nous reconnaissons que l\u2019univers a \u00e9t\u00e9 fait par la parole de Dieu, afin que ce qui se [&hellip;]<\/p>\n","protected":false},"author":4,"featured_media":0,"comment_status":"open","ping_status":"open","sticky":false,"template":"","format":"standard","meta":{"_exactmetrics_skip_tracking":false,"_exactmetrics_sitenote_active":false,"_exactmetrics_sitenote_note":"","_exactmetrics_sitenote_category":0,"footnotes":""},"categories":[15],"tags":[],"_links":{"self":[{"href":"http:\/\/reveiletreforme.adventiste.re\/index.php?rest_route=\/wp\/v2\/posts\/3860"}],"collection":[{"href":"http:\/\/reveiletreforme.adventiste.re\/index.php?rest_route=\/wp\/v2\/posts"}],"about":[{"href":"http:\/\/reveiletreforme.adventiste.re\/index.php?rest_route=\/wp\/v2\/types\/post"}],"author":[{"embeddable":true,"href":"http:\/\/reveiletreforme.adventiste.re\/index.php?rest_route=\/wp\/v2\/users\/4"}],"replies":[{"embeddable":true,"href":"http:\/\/reveiletreforme.adventiste.re\/index.php?rest_route=%2Fwp%2Fv2%2Fcomments&post=3860"}],"version-history":[{"count":4,"href":"http:\/\/reveiletreforme.adventiste.re\/index.php?rest_route=\/wp\/v2\/posts\/3860\/revisions"}],"predecessor-version":[{"id":3865,"href":"http:\/\/reveiletreforme.adventiste.re\/index.php?rest_route=\/wp\/v2\/posts\/3860\/revisions\/3865"}],"wp:attachment":[{"href":"http:\/\/reveiletreforme.adventiste.re\/index.php?rest_route=%2Fwp%2Fv2%2Fmedia&parent=3860"}],"wp:term":[{"taxonomy":"category","embeddable":true,"href":"http:\/\/reveiletreforme.adventiste.re\/index.php?rest_route=%2Fwp%2Fv2%2Fcategories&post=3860"},{"taxonomy":"post_tag","embeddable":true,"href":"http:\/\/reveiletreforme.adventiste.re\/index.php?rest_route=%2Fwp%2Fv2%2Ftags&post=3860"}],"curies":[{"name":"wp","href":"https:\/\/api.w.org\/{rel}","templated":true}]}}