{"id":3876,"date":"2016-02-12T01:35:12","date_gmt":"2016-02-11T21:35:12","guid":{"rendered":"http:\/\/reveiletreforme.adventiste.re\/?p=3876"},"modified":"2016-02-09T19:47:39","modified_gmt":"2016-02-09T15:47:39","slug":"vigile-matinale-du-12-fevrier","status":"publish","type":"post","link":"http:\/\/reveiletreforme.adventiste.re\/?p=3876","title":{"rendered":"Vigile matinale 12 f\u00e9vrier"},"content":{"rendered":"<p style=\"text-align: center;\"><strong>LA NATURE DE L\u2019HOMME<\/strong><br \/>\n<em>L\u2019homme et la femme furent cr\u00e9\u00e9s \u00e0 l\u2019image de Dieu et dot\u00e9s d\u2019une individualit\u00e9, du pouvoir <\/em><em>et de la libert\u00e9 de penser et d\u2019agir. Bien que cr\u00e9\u00e9 libre, chacun d\u2019eux, constitu\u00e9 d\u2019une <\/em><em>unit\u00e9 indivisible, corps, \u00e2me et esprit, \u00e9tait d\u00e9pendant de Dieu pour la vie, dans tous les <\/em><em>aspects de l\u2019existence. Quand nos premiers parents d\u00e9sob\u00e9irent \u00e0 Dieu, ils refus\u00e8rent de <\/em><em>d\u00e9pendre de Dieu et furent d\u00e9chus de la position \u00e9lev\u00e9e qu\u2019ils occupaient aupr\u00e8s de Dieu. <\/em><em>L\u2019image divine fut alt\u00e9r\u00e9e en eux et ils devinrent mortels. Leurs descendants participent<\/em> <em>de cette nature d\u00e9chue et en supportent les cons\u00e9quences. Ils naissent avec des faiblesses <\/em><em>et des tendances au mal. Mais Dieu &#8211; en Christ &#8211; a r\u00e9concili\u00e9 le monde avec lui-m\u00eame, <\/em><em>et, par son Esprit, il r\u00e9tablit chez les mortels repentants l\u2019image de Celui qui les a faits. <\/em><em>Cr\u00e9\u00e9s pour la gloire de Dieu, ils sont appel\u00e9s \u00e0 l\u2019aimer, \u00e0 s\u2019aimer les uns les autres et \u00e0 <\/em><em>prendre soin de leur environnement<\/em>.<\/p>\n<p style=\"text-align: left;\"><strong>\u00ab Puis Dieu dit: Faisons l\u2019homme \u00e0 <\/strong><strong>notre image, selon notre ressemblance, et qu\u2019il domine<\/strong> <strong>sur les poissons de la mer, sur les oiseaux du ciel,<\/strong> <strong>sur le b\u00e9tail, sur toute la terre, et sur tous les reptiles<\/strong> <strong>qui rampent sur la terre. Dieu cr\u00e9a l\u2019homme \u00e0 son <\/strong><strong>image, il le cr\u00e9a \u00e0 l\u2019image de Dieu, il cr\u00e9a l\u2019homme et la <\/strong><strong>femme. Dieu les b\u00e9nit, et Dieu leur dit: Soyez f\u00e9conds,<\/strong> <strong>multipliez, remplissez la terre, et l\u2019assujettissez; et dominez<\/strong> <strong>sur les poissons de la mer, sur les oiseaux du<\/strong> <strong>ciel, et sur tout animal qui se meut sur la terre. \u00bb <\/strong><strong><em>Gen\u00e8se 1.26-28<\/em> <\/strong><\/p>\n<p style=\"text-align: left;\">Aucun sculpteur humain n\u2019e\u00fbt \u00e9t\u00e9 capable de ciseler un \u00eatre aussi noble. Peut-\u00eatre un Michel-Ange e\u00fbt-il pu modeler une forme exceptionnelle, mais e\u00fbt-il \u00e9t\u00e9 capable de reproduire une anatomie et une physiologie aussi harmonieuses et fonctionnelles ? La r\u00e9ponse est NON. La sculpture parfaite \u00e9tait l\u00e0, allong\u00e9e sur le sol, pourvue de cheveux, de cils et d\u2019ongles ; l\u2019\u0153uvre de Dieu n\u2019\u00e9tait cependant pas termin\u00e9e. Cet homme n\u2019avait pas \u00e9t\u00e9 cr\u00e9\u00e9 pour \u00eatre couvert de poussi\u00e8re mais pour vivre, pour penser, pour cr\u00e9er et pour cro\u00eetre dans la gloire. Se penchant sur cette forme magnifique, le Cr\u00e9ateur <em>\u00ab souffla dans ses narines un souffle de vie et l\u2019homme devint une \u00e2me vivante \u00bb<\/em> (Gen\u00e8se 2:7 ; cf. 1:26). Prenant conscience du besoin de compagnie ressenti par l\u2019homme, Dieu lui fit <em>\u00ab une aide semblable \u00e0 lui \u00bb<\/em>.<\/p>\n<p style=\"text-align: left;\">Aujourd\u2019hui, beaucoup de gens croient que l\u2019homme tire son origine des formes simples de la vie animale et qu\u2019il est le r\u00e9sultat d\u2019un processus naturel qui se d\u00e9roula au cours de milliards d\u2019ann\u00e9es. Une telle vision des choses est totalement \u00e9trang\u00e8re au r\u00e9cit biblique. Il affirme au contraire que les \u00eatres\u00a0 humains ont \u00e9t\u00e9 soumis \u00e0 un processus de d\u00e9g\u00e9n\u00e9rescence.<\/p>\n<p style=\"text-align: left;\">Cette vision des choses est essentielle quand on consid\u00e8re l\u2019approche biblique de la nature de l\u2019homme. L\u2019homme sort de la main du Cr\u00e9ateur qui lui insuffla le souffle de vie.<\/p>\n","protected":false},"excerpt":{"rendered":"<p>LA NATURE DE L\u2019HOMME L\u2019homme et la femme furent cr\u00e9\u00e9s \u00e0 l\u2019image de Dieu et dot\u00e9s d\u2019une individualit\u00e9, du pouvoir et de la libert\u00e9 de penser et d\u2019agir. Bien que cr\u00e9\u00e9 libre, chacun d\u2019eux, constitu\u00e9 d\u2019une unit\u00e9 indivisible, corps, \u00e2me et esprit, \u00e9tait d\u00e9pendant de Dieu pour la vie, dans tous les aspects de l\u2019existence. [&hellip;]<\/p>\n","protected":false},"author":4,"featured_media":0,"comment_status":"open","ping_status":"open","sticky":false,"template":"","format":"standard","meta":{"_exactmetrics_skip_tracking":false,"_exactmetrics_sitenote_active":false,"_exactmetrics_sitenote_note":"","_exactmetrics_sitenote_category":0,"footnotes":""},"categories":[15],"tags":[],"_links":{"self":[{"href":"http:\/\/reveiletreforme.adventiste.re\/index.php?rest_route=\/wp\/v2\/posts\/3876"}],"collection":[{"href":"http:\/\/reveiletreforme.adventiste.re\/index.php?rest_route=\/wp\/v2\/posts"}],"about":[{"href":"http:\/\/reveiletreforme.adventiste.re\/index.php?rest_route=\/wp\/v2\/types\/post"}],"author":[{"embeddable":true,"href":"http:\/\/reveiletreforme.adventiste.re\/index.php?rest_route=\/wp\/v2\/users\/4"}],"replies":[{"embeddable":true,"href":"http:\/\/reveiletreforme.adventiste.re\/index.php?rest_route=%2Fwp%2Fv2%2Fcomments&post=3876"}],"version-history":[{"count":5,"href":"http:\/\/reveiletreforme.adventiste.re\/index.php?rest_route=\/wp\/v2\/posts\/3876\/revisions"}],"predecessor-version":[{"id":3881,"href":"http:\/\/reveiletreforme.adventiste.re\/index.php?rest_route=\/wp\/v2\/posts\/3876\/revisions\/3881"}],"wp:attachment":[{"href":"http:\/\/reveiletreforme.adventiste.re\/index.php?rest_route=%2Fwp%2Fv2%2Fmedia&parent=3876"}],"wp:term":[{"taxonomy":"category","embeddable":true,"href":"http:\/\/reveiletreforme.adventiste.re\/index.php?rest_route=%2Fwp%2Fv2%2Fcategories&post=3876"},{"taxonomy":"post_tag","embeddable":true,"href":"http:\/\/reveiletreforme.adventiste.re\/index.php?rest_route=%2Fwp%2Fv2%2Ftags&post=3876"}],"curies":[{"name":"wp","href":"https:\/\/api.w.org\/{rel}","templated":true}]}}