{"id":3901,"date":"2016-02-17T01:34:04","date_gmt":"2016-02-16T21:34:04","guid":{"rendered":"http:\/\/reveiletreforme.adventiste.re\/?p=3901"},"modified":"2016-02-10T20:41:35","modified_gmt":"2016-02-10T16:41:35","slug":"vigile-matinale-17-fevrier","status":"publish","type":"post","link":"http:\/\/reveiletreforme.adventiste.re\/?p=3901","title":{"rendered":"Vigile matinale 17 f\u00e9vrier"},"content":{"rendered":"<p><strong>\u00ab Car Dieu \u00e9tait en Christ, <\/strong><strong>r\u00e9conciliant le monde avec lui-m\u00eame, en n\u2019imputant <\/strong><strong>point aux hommes leurs offenses, et il a mis en nous<\/strong> <strong>la parole de la r\u00e9conciliation. Nous faisons donc les<\/strong> <strong>fonctions d\u2019ambassadeurs pour Christ, comme si Dieu<\/strong> <strong>exhortait par nous; nous vous en supplions au nom de<\/strong> <strong>Christ: Soyez r\u00e9concili\u00e9s avec Dieu! \u00bb <\/strong><strong><em>2 Corinthiens 5.19-20<\/em> <\/strong><\/p>\n<p>Le p\u00e9ch\u00e9 a fait de nous les enfants des t\u00e9n\u00e8bres, loin de l\u2019id\u00e9al que le Cr\u00e9ateur avait pr\u00e9vu pour la race humaine. Or pour pouvoir rencontrer Dieu, il aurait fallu que l\u2019homme passe par une transformation radicale. Le p\u00e9ch\u00e9 avait annul\u00e9 toutes tentatives de l\u2019homme \u00e0 retourner vers Dieu par lui. M\u00eame si l\u2019homme faisait p\u00e9nitence ou bien s\u2019il se mortifiait le corps ou m\u00eame qu\u2019il fasse de long p\u00e8lerinage, rien ne pouvait l\u2019aider.<\/p>\n<p>C\u2019est ainsi que Dieu dans son amour envoya son fils pour nous sauver de la mal\u00e9diction du p\u00e9ch\u00e9. Ainsi ce texte de Paul aux Corinthiens, nous rappelle que, quand nous acceptons le sacrifice de J\u00e9sus, nous sommes r\u00e9concili\u00e9s avec J\u00e9sus. Dans cette r\u00e9conciliation est comprise le pardon et l\u2019effacement de nos p\u00e9ch\u00e9s. Notre nature p\u00e9cheresse est transform\u00e9e lorsque nous acceptons J\u00e9sus dans nos vies.<\/p>\n<p>Alors ne restons avec J\u00e9sus et laissons LUI le champ libre pour nous faire grandir spirituellement. Et s\u2019il arrive que nous chutons, \u00e7a peut arriver \u00e0 tous, revenons \u00e0 lui comme le fils prodigue.<\/p>\n","protected":false},"excerpt":{"rendered":"<p>\u00ab Car Dieu \u00e9tait en Christ, r\u00e9conciliant le monde avec lui-m\u00eame, en n\u2019imputant point aux hommes leurs offenses, et il a mis en nous la parole de la r\u00e9conciliation. Nous faisons donc les fonctions d\u2019ambassadeurs pour Christ, comme si Dieu exhortait par nous; nous vous en supplions au nom de Christ: Soyez r\u00e9concili\u00e9s avec Dieu! [&hellip;]<\/p>\n","protected":false},"author":4,"featured_media":0,"comment_status":"open","ping_status":"open","sticky":false,"template":"","format":"standard","meta":{"_exactmetrics_skip_tracking":false,"_exactmetrics_sitenote_active":false,"_exactmetrics_sitenote_note":"","_exactmetrics_sitenote_category":0,"footnotes":""},"categories":[15],"tags":[],"_links":{"self":[{"href":"http:\/\/reveiletreforme.adventiste.re\/index.php?rest_route=\/wp\/v2\/posts\/3901"}],"collection":[{"href":"http:\/\/reveiletreforme.adventiste.re\/index.php?rest_route=\/wp\/v2\/posts"}],"about":[{"href":"http:\/\/reveiletreforme.adventiste.re\/index.php?rest_route=\/wp\/v2\/types\/post"}],"author":[{"embeddable":true,"href":"http:\/\/reveiletreforme.adventiste.re\/index.php?rest_route=\/wp\/v2\/users\/4"}],"replies":[{"embeddable":true,"href":"http:\/\/reveiletreforme.adventiste.re\/index.php?rest_route=%2Fwp%2Fv2%2Fcomments&post=3901"}],"version-history":[{"count":2,"href":"http:\/\/reveiletreforme.adventiste.re\/index.php?rest_route=\/wp\/v2\/posts\/3901\/revisions"}],"predecessor-version":[{"id":3903,"href":"http:\/\/reveiletreforme.adventiste.re\/index.php?rest_route=\/wp\/v2\/posts\/3901\/revisions\/3903"}],"wp:attachment":[{"href":"http:\/\/reveiletreforme.adventiste.re\/index.php?rest_route=%2Fwp%2Fv2%2Fmedia&parent=3901"}],"wp:term":[{"taxonomy":"category","embeddable":true,"href":"http:\/\/reveiletreforme.adventiste.re\/index.php?rest_route=%2Fwp%2Fv2%2Fcategories&post=3901"},{"taxonomy":"post_tag","embeddable":true,"href":"http:\/\/reveiletreforme.adventiste.re\/index.php?rest_route=%2Fwp%2Fv2%2Ftags&post=3901"}],"curies":[{"name":"wp","href":"https:\/\/api.w.org\/{rel}","templated":true}]}}