{"id":3971,"date":"2016-02-27T01:05:18","date_gmt":"2016-02-26T21:05:18","guid":{"rendered":"http:\/\/reveiletreforme.adventiste.re\/?p=3971"},"modified":"2016-02-17T17:11:53","modified_gmt":"2016-02-17T13:11:53","slug":"vigile-matinale-27-fevrier","status":"publish","type":"post","link":"http:\/\/reveiletreforme.adventiste.re\/?p=3971","title":{"rendered":"Vigile matinale 27 f\u00e9vrier"},"content":{"rendered":"<p><strong>\u00ab Et c\u2019est \u00e0 cela que vous avez \u00e9t\u00e9 appel\u00e9s, <\/strong><strong>parce que Christ aussi a souffert pour vous, vous <\/strong><strong>laissant un exemple, afin que vous suiviez ses traces, <\/strong><strong>Lui qui n\u2019a point commis de p\u00e9ch\u00e9, Et dans la bouche <\/strong><strong>duquel il ne s\u2019est point trouv\u00e9 de fraude; \u00bb <\/strong><strong><em>1 Pierre 2.21-22<\/em> <\/strong><\/p>\n<p>Lorsque nous m\u00e9ditons sur la vie du Seigneur J\u00e9sus, nous ne pouvons qu\u2019\u00eatre frapp\u00e9s par les souffrances qu\u2019Il a endur\u00e9s. Le proph\u00e8te Esa\u00efe a ainsi parl\u00e9 de Lui: <em>\u00ab M\u00e9pris\u00e9, d\u00e9laiss\u00e9 des hommes, homme de douleurs <\/em><em>et connaissant la souffrance [\u2026]. \u00bb<\/em> Bien s\u00fbr, nous pouvons nous demander, pourquoi? Quel mal a-t- Il fait? Voici, le Seigneur ne faisait que du bien partout o\u00f9 Il allait? N\u00e9anmoins, c\u2019est un fait, Il fut crucifi\u00e9 au bois du Calvaire. Certes, le Fils de Dieu a \u00e9t\u00e9 ha\u00ef sans cause.<\/p>\n<p>Pour nous, par la gr\u00e2ce de Dieu, nous croyons que J\u00e9sus est le Christ. Nous croyons qu\u2019Il est le Sauveur du monde. Par cons\u00e9quent, si nous sommes chr\u00e9tiens, si nous nous identifions \u00e0 Lui, est-ce surprenant que le monde nous ha\u00efsse? Doit-on y voir quelque chose d\u2019\u00e9trange? Non, bien entendu! Le serviteur serait-il plus grand que son Ma\u00eetre? Ne nous attendons pas aux honneurs en ce monde, autrement nous risquerions d\u2019\u00eatre grandement d\u00e9\u00e7us! Si nous voulons vivre pieusement en J\u00e9sus-Christ, nous serons pers\u00e9cut\u00e9s. Si la pens\u00e9e de Christ est nous, si nous rendons t\u00e9moignage au Seigneur, nous rencontrerons \u00e9videmment de l\u2019opposition. Toutefois, n\u2019en soyons pas afflig\u00e9s, ceci est tout \u00e0 fait normal.<\/p>\n<p>Que ferons-nous alors? Pers\u00e9v\u00e9rons! Souvenons-nous, une esp\u00e9rance glorieuse se rattache \u00e0 notre Appel. Nul ne le nie, le sentier que nous empruntons est abrupt, mais il m\u00e8ne \u00e0 la vie! Oui, la perspective de la vie \u00e9ternelle est devant nous! Quelle extraordinaire promesse! Pour l\u2019heure, prenons activement part au bon combat de la foi. Le Seigneur J\u00e9sus a vaincu le monde et Il nous exhorte \u00e0 prendre courage! Croyons-le, si nous prenons appui sur Lui, nous vaincrons aussi. V\u00e9ritablement, nous pourrons tout supporter et surmonter.<\/p>\n<p>Concr\u00e8tement, en comptant sur la gr\u00e2ce de Dieu, suivons fid\u00e8lement les traces du Berger. M\u00eame si ceci est difficile, b\u00e9nissons et prions pour ceux qui nous pers\u00e9cutent. Le monde a besoin de conna\u00eetre l\u2019Amour de Dieu. S\u2019il ne peut apercevoir l\u2019Amour du Christ \u00e0 travers nous, o\u00f9 le verra-t-il? Rappelons-nous des paroles que le Seigneur a prononc\u00e9es alors qu\u2019Il agonisait sur la croix. Accus\u00e9 sans cause et condamn\u00e9 \u00e0 une mort inf\u00e2me, Il pria ainsi en faveur de Ses bourreaux: <em>\u00ab Pardonne-leur P\u00e8re car ils ne savent pas ce qu\u2019ils font. \u00bb<\/em> Indiscutablement, voici notre exemple, et ce \u00e0 quoi nous sommes appel\u00e9s!<\/p>\n","protected":false},"excerpt":{"rendered":"<p>\u00ab Et c\u2019est \u00e0 cela que vous avez \u00e9t\u00e9 appel\u00e9s, parce que Christ aussi a souffert pour vous, vous laissant un exemple, afin que vous suiviez ses traces, Lui qui n\u2019a point commis de p\u00e9ch\u00e9, Et dans la bouche duquel il ne s\u2019est point trouv\u00e9 de fraude; \u00bb 1 Pierre 2.21-22 Lorsque nous m\u00e9ditons sur [&hellip;]<\/p>\n","protected":false},"author":4,"featured_media":0,"comment_status":"open","ping_status":"open","sticky":false,"template":"","format":"standard","meta":{"_exactmetrics_skip_tracking":false,"_exactmetrics_sitenote_active":false,"_exactmetrics_sitenote_note":"","_exactmetrics_sitenote_category":0,"footnotes":""},"categories":[15],"tags":[],"_links":{"self":[{"href":"http:\/\/reveiletreforme.adventiste.re\/index.php?rest_route=\/wp\/v2\/posts\/3971"}],"collection":[{"href":"http:\/\/reveiletreforme.adventiste.re\/index.php?rest_route=\/wp\/v2\/posts"}],"about":[{"href":"http:\/\/reveiletreforme.adventiste.re\/index.php?rest_route=\/wp\/v2\/types\/post"}],"author":[{"embeddable":true,"href":"http:\/\/reveiletreforme.adventiste.re\/index.php?rest_route=\/wp\/v2\/users\/4"}],"replies":[{"embeddable":true,"href":"http:\/\/reveiletreforme.adventiste.re\/index.php?rest_route=%2Fwp%2Fv2%2Fcomments&post=3971"}],"version-history":[{"count":4,"href":"http:\/\/reveiletreforme.adventiste.re\/index.php?rest_route=\/wp\/v2\/posts\/3971\/revisions"}],"predecessor-version":[{"id":3976,"href":"http:\/\/reveiletreforme.adventiste.re\/index.php?rest_route=\/wp\/v2\/posts\/3971\/revisions\/3976"}],"wp:attachment":[{"href":"http:\/\/reveiletreforme.adventiste.re\/index.php?rest_route=%2Fwp%2Fv2%2Fmedia&parent=3971"}],"wp:term":[{"taxonomy":"category","embeddable":true,"href":"http:\/\/reveiletreforme.adventiste.re\/index.php?rest_route=%2Fwp%2Fv2%2Fcategories&post=3971"},{"taxonomy":"post_tag","embeddable":true,"href":"http:\/\/reveiletreforme.adventiste.re\/index.php?rest_route=%2Fwp%2Fv2%2Ftags&post=3971"}],"curies":[{"name":"wp","href":"https:\/\/api.w.org\/{rel}","templated":true}]}}