{"id":3977,"date":"2016-02-28T01:12:52","date_gmt":"2016-02-27T21:12:52","guid":{"rendered":"http:\/\/reveiletreforme.adventiste.re\/?p=3977"},"modified":"2016-02-17T17:15:58","modified_gmt":"2016-02-17T13:15:58","slug":"vigile-matinale-27-fevrier-2","status":"publish","type":"post","link":"http:\/\/reveiletreforme.adventiste.re\/?p=3977","title":{"rendered":"Vigile matinale 28 f\u00e9vrier"},"content":{"rendered":"<p><strong>\u00ab Je vous ai enseign\u00e9 avant tout, <\/strong><strong>comme je l\u2019avais aussi re\u00e7u, que Christ est mort pour <\/strong><strong>nos p\u00e9ch\u00e9s, selon les \u00c9critures; qu\u2019il a \u00e9t\u00e9 enseveli, et <\/strong><strong>qu\u2019il est ressuscit\u00e9 le troisi\u00e8me jour, selon les \u00c9critures; <\/strong><strong>\u00bb<\/strong><strong><em>1 Corinthiens 15.3-4<\/em><\/strong><\/p>\n<p>Or, il est ind\u00e9niable que l\u2019esp\u00e9rance de l\u2019entr\u00e9e dans la f\u00e9licit\u00e9 au moment de la mort a fait tomber dans un oubli presque complet la doctrine de la r\u00e9surrection. Adam Clarke constatait comme suit cette tendance: <em>\u00ab Les chr\u00e9tiens primitifs attachaient beaucoup <\/em><em>plus d\u2019importance \u00e0 la r\u00e9surrection des morts que les <\/em><em>modernes! Pourquoi cela? Les ap\u00f4tres l\u2019avan\u00e7aient <\/em><em>constamment, et c\u2019est par elle qu\u2019ils excitaient les disciples <\/em><em>du Christ \u00e0 la diligence, \u00e0 l\u2019ob\u00e9issance et \u00e0 la<\/em> <em>joie. De nos jours, leurs successeurs la mentionnent <\/em><em>rarement! &#8230; Il n\u2019y a pas dans l\u2019\u00c9vangile de doctrine <\/em><em>qui soit mieux mise en relief, mais il n\u2019y en a point <\/em><em>qui soit plus tenue \u00e0 l\u2019\u00e9cart dans la pr\u00e9dication actuelle! <\/em><em>\u00bb<\/em>3 {TS 595.3}<\/p>\n<p>On a pers\u00e9v\u00e9r\u00e9 dans cette voie au point qu\u2019aujourd\u2019hui la glorieuse v\u00e9rit\u00e9 de la r\u00e9surrection est presque enti\u00e8rement n\u00e9glig\u00e9e par le monde chr\u00e9tien. C\u2019est ainsi qu\u2019un auteur religieux tr\u00e8s en vue \u00e9crit (sur 1 Thessaloniciens 4:13-18): <em>\u00ab Pour les fins pratiques de la <\/em><em>consolation, la doctrine de l\u2019heureuse immortalit\u00e9 <\/em><em>des justes tient lieu pour nous de la doctrine douteuse <\/em><em>du retour du Seigneur. Pour nous, c\u2019est \u00e0 la mort que <\/em><em>J\u00e9sus revient. C\u2019est elle que nous devons attendre, et <\/em><em>c\u2019est sur elle que nous devons veiller. Les morts sont <\/em><em>d\u00e9j\u00e0 entr\u00e9s dans la gloire. Ils n\u2019attendent pas la trompette <\/em><em>du jugement pour entrer dans la f\u00e9licit\u00e9. \u00bb<\/em> {TS 595.4}<\/p>\n","protected":false},"excerpt":{"rendered":"<p>\u00ab Je vous ai enseign\u00e9 avant tout, comme je l\u2019avais aussi re\u00e7u, que Christ est mort pour nos p\u00e9ch\u00e9s, selon les \u00c9critures; qu\u2019il a \u00e9t\u00e9 enseveli, et qu\u2019il est ressuscit\u00e9 le troisi\u00e8me jour, selon les \u00c9critures; \u00bb1 Corinthiens 15.3-4 Or, il est ind\u00e9niable que l\u2019esp\u00e9rance de l\u2019entr\u00e9e dans la f\u00e9licit\u00e9 au moment de la mort [&hellip;]<\/p>\n","protected":false},"author":4,"featured_media":0,"comment_status":"open","ping_status":"open","sticky":false,"template":"","format":"standard","meta":{"_exactmetrics_skip_tracking":false,"_exactmetrics_sitenote_active":false,"_exactmetrics_sitenote_note":"","_exactmetrics_sitenote_category":0,"footnotes":""},"categories":[15],"tags":[],"_links":{"self":[{"href":"http:\/\/reveiletreforme.adventiste.re\/index.php?rest_route=\/wp\/v2\/posts\/3977"}],"collection":[{"href":"http:\/\/reveiletreforme.adventiste.re\/index.php?rest_route=\/wp\/v2\/posts"}],"about":[{"href":"http:\/\/reveiletreforme.adventiste.re\/index.php?rest_route=\/wp\/v2\/types\/post"}],"author":[{"embeddable":true,"href":"http:\/\/reveiletreforme.adventiste.re\/index.php?rest_route=\/wp\/v2\/users\/4"}],"replies":[{"embeddable":true,"href":"http:\/\/reveiletreforme.adventiste.re\/index.php?rest_route=%2Fwp%2Fv2%2Fcomments&post=3977"}],"version-history":[{"count":3,"href":"http:\/\/reveiletreforme.adventiste.re\/index.php?rest_route=\/wp\/v2\/posts\/3977\/revisions"}],"predecessor-version":[{"id":3981,"href":"http:\/\/reveiletreforme.adventiste.re\/index.php?rest_route=\/wp\/v2\/posts\/3977\/revisions\/3981"}],"wp:attachment":[{"href":"http:\/\/reveiletreforme.adventiste.re\/index.php?rest_route=%2Fwp%2Fv2%2Fmedia&parent=3977"}],"wp:term":[{"taxonomy":"category","embeddable":true,"href":"http:\/\/reveiletreforme.adventiste.re\/index.php?rest_route=%2Fwp%2Fv2%2Fcategories&post=3977"},{"taxonomy":"post_tag","embeddable":true,"href":"http:\/\/reveiletreforme.adventiste.re\/index.php?rest_route=%2Fwp%2Fv2%2Ftags&post=3977"}],"curies":[{"name":"wp","href":"https:\/\/api.w.org\/{rel}","templated":true}]}}