{"id":4059,"date":"2016-03-12T01:06:21","date_gmt":"2016-03-11T21:06:21","guid":{"rendered":"http:\/\/reveiletreforme.adventiste.re\/?p=4059"},"modified":"2016-03-11T09:10:41","modified_gmt":"2016-03-11T05:10:41","slug":"vigile-matinale-12-mars","status":"publish","type":"post","link":"http:\/\/reveiletreforme.adventiste.re\/?p=4059","title":{"rendered":"Vigile matinale 12 mars"},"content":{"rendered":"<p><strong>\u00ab C\u2019est lui qui, lors de l\u2019assembl\u00e9e au d\u00e9sert, <\/strong><strong>\u00e9tant avec l\u2019ange qui lui parlait sur la montagne <\/strong><strong>de Sina\u00ef et avec nos p\u00e8res, re\u00e7ut des oracles vivants, <\/strong><strong>pour nous les donner. \u00bb <\/strong><em><strong>A<\/strong><\/em><strong><em>ctes 7.38<\/em> <\/strong><\/p>\n<p>Depuis le p\u00e9ch\u00e9 de nos premiers parents, il n\u2019y a plus eu de communication directe entre Dieu et l\u2019homme. C\u2019est entre les mains de son Fils que le P\u00e8re a remis le monde pour le racheter par son \u0153uvre m\u00e9diatrice, tout en revendiquant la saintet\u00e9 et l\u2019autorit\u00e9 de sa loi. Toutes les relations qui ont \u00e9t\u00e9 \u00e9tablies entre le ciel et notre humanit\u00e9 d\u00e9chue ont eu le Fils de Dieu pour interm\u00e9diaire. C\u2019est le Fils de Dieu qui fit la promesse de la r\u00e9demption \u00e0 nos premiers parents, et c\u2019est lui qui se r\u00e9v\u00e9la aux patriarches. Adam, No\u00e9, Abraham, Isaac, Jacob et Mo\u00efse connaissaient l\u2019\u00c9vangile. Ils attendaient leur salut d\u2019un substitut qui se porterait garant de l\u2019humanit\u00e9. Ils s\u2019entretenaient avec celui qui devait s\u2019incarner ici-bas, et quelques-uns d\u2019entre eux ont m\u00eame parl\u00e9 face \u00e0\u00a0\u00a0 face avec lui et avec ses anges.<\/p>\n<p>Non seulement J\u00e9sus-Christ a \u00e9t\u00e9 le conducteur des H\u00e9breux \u00e0 travers le d\u00e9sert, l\u2019Ange en qui \u00e9tait le nom de J\u00e9hovah, et qui, voil\u00e9 par la colonne de nu\u00e9e, marchait au d\u00e9sert devant les caravanes d\u2019Isra\u00ebl, mais c\u2019est lui qui donna la loi \u00e0 ce peuple. C\u2019est J\u00e9sus-Christ qui, du Sina\u00ef enflamm\u00e9, pronon\u00e7a les dix pr\u00e9ceptes de la loi de son P\u00e8re, et c\u2019est lui encore qui remit \u00e0 Mo\u00efse cette loi grav\u00e9e sur les tables de pierre.{PFC 188.3-4}<\/p>\n","protected":false},"excerpt":{"rendered":"<p>\u00ab C\u2019est lui qui, lors de l\u2019assembl\u00e9e au d\u00e9sert, \u00e9tant avec l\u2019ange qui lui parlait sur la montagne de Sina\u00ef et avec nos p\u00e8res, re\u00e7ut des oracles vivants, pour nous les donner. \u00bb Actes 7.38 Depuis le p\u00e9ch\u00e9 de nos premiers parents, il n\u2019y a plus eu de communication directe entre Dieu et l\u2019homme. C\u2019est [&hellip;]<\/p>\n","protected":false},"author":4,"featured_media":0,"comment_status":"open","ping_status":"open","sticky":false,"template":"","format":"standard","meta":{"_exactmetrics_skip_tracking":false,"_exactmetrics_sitenote_active":false,"_exactmetrics_sitenote_note":"","_exactmetrics_sitenote_category":0,"footnotes":""},"categories":[15],"tags":[],"_links":{"self":[{"href":"http:\/\/reveiletreforme.adventiste.re\/index.php?rest_route=\/wp\/v2\/posts\/4059"}],"collection":[{"href":"http:\/\/reveiletreforme.adventiste.re\/index.php?rest_route=\/wp\/v2\/posts"}],"about":[{"href":"http:\/\/reveiletreforme.adventiste.re\/index.php?rest_route=\/wp\/v2\/types\/post"}],"author":[{"embeddable":true,"href":"http:\/\/reveiletreforme.adventiste.re\/index.php?rest_route=\/wp\/v2\/users\/4"}],"replies":[{"embeddable":true,"href":"http:\/\/reveiletreforme.adventiste.re\/index.php?rest_route=%2Fwp%2Fv2%2Fcomments&post=4059"}],"version-history":[{"count":2,"href":"http:\/\/reveiletreforme.adventiste.re\/index.php?rest_route=\/wp\/v2\/posts\/4059\/revisions"}],"predecessor-version":[{"id":4062,"href":"http:\/\/reveiletreforme.adventiste.re\/index.php?rest_route=\/wp\/v2\/posts\/4059\/revisions\/4062"}],"wp:attachment":[{"href":"http:\/\/reveiletreforme.adventiste.re\/index.php?rest_route=%2Fwp%2Fv2%2Fmedia&parent=4059"}],"wp:term":[{"taxonomy":"category","embeddable":true,"href":"http:\/\/reveiletreforme.adventiste.re\/index.php?rest_route=%2Fwp%2Fv2%2Fcategories&post=4059"},{"taxonomy":"post_tag","embeddable":true,"href":"http:\/\/reveiletreforme.adventiste.re\/index.php?rest_route=%2Fwp%2Fv2%2Ftags&post=4059"}],"curies":[{"name":"wp","href":"https:\/\/api.w.org\/{rel}","templated":true}]}}