{"id":4063,"date":"2016-03-13T01:09:29","date_gmt":"2016-03-12T21:09:29","guid":{"rendered":"http:\/\/reveiletreforme.adventiste.re\/?p=4063"},"modified":"2016-03-11T09:13:18","modified_gmt":"2016-03-11T05:13:18","slug":"vigile-matinale-113-mars","status":"publish","type":"post","link":"http:\/\/reveiletreforme.adventiste.re\/?p=4063","title":{"rendered":"Vigile matinale 13 mars"},"content":{"rendered":"<p><strong>\u00ab Et il a donn\u00e9 les uns comme <\/strong><strong>ap\u00f4tres, les autres comme proph\u00e8tes, les autres <\/strong><strong>comme \u00e9vang\u00e9listes, les autres comme pasteurs et <\/strong><strong>docteurs, pour le perfectionnement des saints en vue <\/strong><strong>de l\u2019\u0153uvre du minist\u00e8re et de l\u2019\u00e9dification du corps de <\/strong><strong>Christ, jusqu\u2019\u00e0 ce que nous soyons tous parvenus \u00e0 <\/strong><strong>l\u2019unit\u00e9 de la foi et de la connaissance du Fils de Dieu, \u00e0 <\/strong><strong>l\u2019\u00e9tat d\u2019homme fait, \u00e0 la mesure de la stature parfaite <\/strong><strong>de Christ, afin que nous ne soyons plus des enfants, <\/strong><strong>flottants et emport\u00e9s \u00e0 tout vent de doctrine, par la <\/strong><strong>tromperie des hommes, par leur ruse dans les moyens <\/strong><strong>de s\u00e9duction, mais que, professant la v\u00e9rit\u00e9 dans la <\/strong><strong>charit\u00e9, nous croissions \u00e0 tous \u00e9gards en celui qui est <\/strong><strong>le chef, Christ. \u00bb <\/strong><strong><em>Eph\u00e9siens 4.11-15<\/em> <\/strong><\/p>\n<p>Quand nous avons accept\u00e9 le Christ comme notre R\u00e9dempteur, nous avons par l\u00e0 m\u00eame accepter les conditions \u00e0 remplir pour devenir des ouvriers avec Dieu. Nous avons conclu avec le Seigneur une alliance aux termes de laquelle nous nous engagions \u00e0 lui appartenir enti\u00e8rement; comme de fid\u00e8les dispensateurs de la gr\u00e2ce du Christ, pour travailler \u00e0 l\u2019\u00e9dification de son royaume dans le monde. Chaque disciple a le devoir de consacrer toutes ses facult\u00e9s \u2014 celles de l\u2019esprit, de l\u2019\u00e2me et du corps \u2014 \u00e0 celui qui a pay\u00e9 de sa personne la ran\u00e7on de nos vies. Nous nous sommes engag\u00e9s comme soldats, pour entrer dans le service actif, pour subir des \u00e9preuves, des humiliations et des bl\u00e2mes, pour combattre le bon combat de la foi, en suivant les traces du Chef de notre salut. {\u00c9v 553.1}<\/p>\n<p>Dans l\u2019\u00c9glise, les responsables sont nomm\u00e9s en tant qu\u2019ouvriers avec Dieu pour l\u2019\u00e9dification du corps du Christ. Les p\u00e8res et les m\u00e8res qui mettent en pratique la Parole de Dieu sont membres du corps du Christ. Ils \u00e9l\u00e8vent et exhortent leurs enfants selon la Parole de Dieu, entra\u00eenant une petite arm\u00e9e \u00e0 se tenir debout sous la banni\u00e8re du Christ. Ils sont t\u00e9moins de Dieu, montrant au monde qu\u2019ils se laissent diriger par le Saint-Esprit. Le Christ est leur mod\u00e8le et ils \u00e9l\u00e8vent leurs enfants dans la connaissance de Dieu. {LVH 25.2}<\/p>\n","protected":false},"excerpt":{"rendered":"<p>\u00ab Et il a donn\u00e9 les uns comme ap\u00f4tres, les autres comme proph\u00e8tes, les autres comme \u00e9vang\u00e9listes, les autres comme pasteurs et docteurs, pour le perfectionnement des saints en vue de l\u2019\u0153uvre du minist\u00e8re et de l\u2019\u00e9dification du corps de Christ, jusqu\u2019\u00e0 ce que nous soyons tous parvenus \u00e0 l\u2019unit\u00e9 de la foi et de [&hellip;]<\/p>\n","protected":false},"author":4,"featured_media":0,"comment_status":"open","ping_status":"open","sticky":false,"template":"","format":"standard","meta":{"_exactmetrics_skip_tracking":false,"_exactmetrics_sitenote_active":false,"_exactmetrics_sitenote_note":"","_exactmetrics_sitenote_category":0,"footnotes":""},"categories":[15],"tags":[],"_links":{"self":[{"href":"http:\/\/reveiletreforme.adventiste.re\/index.php?rest_route=\/wp\/v2\/posts\/4063"}],"collection":[{"href":"http:\/\/reveiletreforme.adventiste.re\/index.php?rest_route=\/wp\/v2\/posts"}],"about":[{"href":"http:\/\/reveiletreforme.adventiste.re\/index.php?rest_route=\/wp\/v2\/types\/post"}],"author":[{"embeddable":true,"href":"http:\/\/reveiletreforme.adventiste.re\/index.php?rest_route=\/wp\/v2\/users\/4"}],"replies":[{"embeddable":true,"href":"http:\/\/reveiletreforme.adventiste.re\/index.php?rest_route=%2Fwp%2Fv2%2Fcomments&post=4063"}],"version-history":[{"count":4,"href":"http:\/\/reveiletreforme.adventiste.re\/index.php?rest_route=\/wp\/v2\/posts\/4063\/revisions"}],"predecessor-version":[{"id":4068,"href":"http:\/\/reveiletreforme.adventiste.re\/index.php?rest_route=\/wp\/v2\/posts\/4063\/revisions\/4068"}],"wp:attachment":[{"href":"http:\/\/reveiletreforme.adventiste.re\/index.php?rest_route=%2Fwp%2Fv2%2Fmedia&parent=4063"}],"wp:term":[{"taxonomy":"category","embeddable":true,"href":"http:\/\/reveiletreforme.adventiste.re\/index.php?rest_route=%2Fwp%2Fv2%2Fcategories&post=4063"},{"taxonomy":"post_tag","embeddable":true,"href":"http:\/\/reveiletreforme.adventiste.re\/index.php?rest_route=%2Fwp%2Fv2%2Ftags&post=4063"}],"curies":[{"name":"wp","href":"https:\/\/api.w.org\/{rel}","templated":true}]}}