{"id":515,"date":"2013-01-13T01:00:46","date_gmt":"2013-01-12T21:00:46","guid":{"rendered":"http:\/\/reveiletreforme.adventiste.re\/?p=515"},"modified":"2017-02-16T14:41:50","modified_gmt":"2017-02-16T10:41:50","slug":"jour-5-connaitre-dieu-completement","status":"publish","type":"post","link":"http:\/\/reveiletreforme.adventiste.re\/?p=515","title":{"rendered":"Jour 5 &#8211; Conna\u00eetre Dieu Compl\u00e8tement"},"content":{"rendered":"<p style=\"text-align: justify\">Connaissance : Conna\u00eetre J\u00e9sus\u00a0personnellement et la Bible \u00e0 fond.<\/p>\n<div>\n<p style=\"text-align: justify\">\u00ab &#8230; \u00e0 la vertu la connaissance. \u00bb (<a href=\"http:\/\/www.bibleserver.com\/text\/S21\/2Pierre1%3A5\" class=\"bibleserver extern\" target=\"_blank\">2 Pierre 1 : 5<\/a>)<\/p>\n<p style=\"text-align: justify\">\u00ab C\u2019est pourquoi nous rendons continuellement gr\u00e2ces \u00e0 Dieu de ce qu\u2019en recevant la parole de Dieu, que nous vous avons fait entendre, vous l\u2019avez re\u00e7ue, non comme la parole des hommes, mais, ainsi qu\u2019elle l\u2019est v\u00e9ritablement, comme la parole de Dieu, qui agit en vous qui croyez. \u00bb (<a href=\"http:\/\/www.bibleserver.com\/text\/S21\/1Thesaloniciens2%3A13\" class=\"bibleserver extern\" target=\"_blank\">1 Thessaloniciens 2 : 13<\/a>)<\/p>\n<p style=\"text-align: justify\"><!--more-->\u00ab&#8230;afin qu\u2019il vous donne, selon la richesse de sa gloire, d\u2019\u00eatre puissamment fortifi\u00e9s par son Esprit dans l\u2019homme int\u00e9rieur, en sorte que Christ habite dans vos coeurs par la foi ; afin qu\u2019\u00e9tant enracin\u00e9s et fond\u00e9s dans l\u2019amour, vous puissiez comprendre avec tous les saints quelle est la largeur, la longueur, la profondeur et la hauteur, et conna\u00eetre l\u2019amour de Christ, qui surpasse toute connaissance, en sorte que vous soyez remplis jusqu\u2019\u00e0 toute la pl\u00e9nitude de Dieu. \u00bb (<a href=\"http:\/\/www.bibleserver.com\/text\/S21\/%C3%89ph%C3%A9siens3%3A16-19\" class=\"bibleserver extern\" target=\"_blank\">Eph\u00e9siens 3 : 16-19<\/a>)<\/p>\n<div>\n<p style=\"text-align: justify\">\u00ab C\u2019est pourquoi, rejetant toute souillure et tout exc\u00e8s de malice, recevez avec\u00a0douceur la parole qui a \u00e9t\u00e9 plant\u00e9e en vous, et qui peut sauver vos \u00e2mes. \u00bb (Jacques 1 : 21)<\/p>\n<div>\n<div style=\"text-align: justify\">\n<p>\u00ab Car la parole de Dieu est vivante et efficace, plus tranchante qu\u2019une \u00e9p\u00e9e quelconque \u00e0 deux tranchants, p\u00e9n\u00e9trante jusqu\u2019\u00e0 partager \u00e2me et esprit, jointures et moelles; elle juge les sentiments et les pens\u00e9es du coeur. \u00bb (<a href=\"http:\/\/www.bibleserver.com\/text\/S21\/H%C3%A9breux4%3A12\" class=\"bibleserver extern\" target=\"_blank\">H\u00e9breux 4 : 12<\/a>)<\/p>\n<p>\u00ab &#8230; afin qu\u2019ils aient le coeur rempli de consolation, qu\u2019ils soient unis dans la charit\u00e9, et enrichis d\u2019une pleine intelligence pour conna\u00eetre le myst\u00e8re de Dieu, savoir Christ, myst\u00e8re dans lequel sont cach\u00e9s tous les tr\u00e9sors de la sagesse et de la science. \u00bb (<a href=\"http:\/\/www.bibleserver.com\/text\/S21\/Colossiens2%3A2\" class=\"bibleserver extern\" target=\"_blank\">Colossiens 2 : 2<\/a>, 3)<\/p>\n<\/div>\n<div>\n<p style=\"text-align: justify\">\u00ab Oh, nous pouvons avoir une connaissance de Dieu et de Sa v\u00e9rit\u00e9, une connaissance qui est au- del\u00e0 de toute expression! Dites-moi, quel langage pourrions-nous trouver pour exprimer la connaissance qui nous est accord\u00e9e lorsque le Christ nous r\u00e9v\u00e8le sa pr\u00e9sence, et que nos c\u0153urs sont adoucis et soumis par Sa puissance? Une telle connaissance est au-del\u00e0 de toute expression. Nous ne pouvons pas\u00a0l\u2019expliquer, mais nous savons n\u00e9anmoins que nous la poss\u00e9dons. \u00bb (Peter\u2019s Counsel to Parents, p. 25)<\/p>\n<div>\n<div>\n<p style=\"text-align: center\"><strong>Sujet d\u2019Intercession : Les membres d\u2019\u00e9glise<\/strong><\/p>\n<p><em>Tandis que nous cherchons \u00e0 conna\u00eetre Dieu compl\u00e8tement, priez pour que chaque membre d\u2019\u00e9glise :<\/em><\/p>\n<\/div>\n<\/div>\n<div>\n<div>\n<ul>\n<li>Aime J\u00e9sus et Sa Parole, et passe du temps chaque jour dans la pri\u00e8re et l\u2019\u00e9tude de la Bible.<\/li>\n<li>Vive une vie en harmonie avec la Parole de Dieu, en prenant conscience du prochain retour de J\u00e9sus.<\/li>\n<li>S\u2019implique r\u00e9guli\u00e8rement et avec passion dans les activit\u00e9s d\u2019\u00e9vang\u00e9lisation et de service aupr\u00e8s des autres.<\/li>\n<li>Sois rempli du Saint-Esprit, exp\u00e9rimente l\u2019amour de Dieu et demeure en Christ.<\/li>\n<\/ul>\n<\/div>\n<\/div>\n<div>\n<div>\n<p><em>De m\u00eame, priez surtout pour les enfants, les jeunes et les jeunes adultes afin qu\u2019ils surmontent les influences mondaines par l\u2019\u00e9tude de la Bible et le service aupr\u00e8s des autres.\u00a0<\/em><\/p>\n<p style=\"text-align: center\"><strong>Journal intime &#8211; Jour 5<br \/>\n<em>Les membres d\u2019\u00e9glise<\/em><br \/>\n<\/strong><\/p>\n<p>Pendant que je travaille sur le plan de l\u2019addition&#8230; Dieu travaille sur le plan de la multiplication !<\/p>\n<p>Cher Seigneur, au cours des prochaines 24 heures, je sens que Tu m\u2019appelles \u00e0 ajouter cette gr\u00e2ce dans ma vie :<\/p>\n<p>&#8230;&#8230;&#8230;&#8230;&#8230;&#8230;&#8230;&#8230;&#8230;&#8230;&#8230;&#8230;&#8230;&#8230;&#8230;&#8230;&#8230;&#8230;&#8230;&#8230;&#8230;&#8230;&#8230;&#8230;&#8230;&#8230;&#8230;&#8230;&#8230;&#8230;&#8230;&#8230;&#8230;&#8230;&#8230;&#8230;&#8230;&#8230;&#8230;&#8230;&#8230;&#8230;&#8230;&#8230;&#8230;&#8230;<\/p>\n<p>&#8230;&#8230;&#8230;&#8230;&#8230;&#8230;&#8230;&#8230;&#8230;&#8230;&#8230;&#8230;&#8230;&#8230;&#8230;&#8230;&#8230;&#8230;&#8230;&#8230;&#8230;&#8230;&#8230;&#8230;&#8230;&#8230;&#8230;&#8230;&#8230;&#8230;&#8230;&#8230;&#8230;&#8230;&#8230;&#8230;&#8230;&#8230;&#8230;&#8230;&#8230;&#8230;&#8230;&#8230;&#8230;&#8230;<\/p>\n<p>&#8230;&#8230;&#8230;&#8230;&#8230;&#8230;&#8230;&#8230;&#8230;&#8230;&#8230;&#8230;&#8230;&#8230;&#8230;&#8230;&#8230;&#8230;&#8230;&#8230;&#8230;&#8230;&#8230;&#8230;&#8230;&#8230;&#8230;&#8230;&#8230;&#8230;&#8230;&#8230;&#8230;&#8230;&#8230;&#8230;&#8230;&#8230;&#8230;&#8230;&#8230;&#8230;&#8230;&#8230;&#8230;&#8230; Avec Ta force et par Ta puissance, je choisis de :<\/p>\n<p>&#8230;&#8230;&#8230;&#8230;&#8230;&#8230;&#8230;&#8230;&#8230;&#8230;&#8230;&#8230;&#8230;&#8230;&#8230;&#8230;&#8230;&#8230;&#8230;&#8230;&#8230;&#8230;&#8230;&#8230;&#8230;&#8230;&#8230;&#8230;&#8230;&#8230;&#8230;&#8230;&#8230;&#8230;&#8230;&#8230;&#8230;&#8230;&#8230;&#8230;&#8230;&#8230;&#8230;&#8230;&#8230;&#8230;<\/p>\n<p>&#8230;&#8230;&#8230;&#8230;&#8230;&#8230;&#8230;&#8230;&#8230;&#8230;&#8230;&#8230;&#8230;&#8230;&#8230;&#8230;&#8230;&#8230;&#8230;&#8230;&#8230;&#8230;&#8230;&#8230;&#8230;&#8230;&#8230;&#8230;&#8230;&#8230;&#8230;&#8230;&#8230;&#8230;&#8230;&#8230;&#8230;&#8230;&#8230;&#8230;&#8230;&#8230;&#8230;&#8230;&#8230;&#8230;<\/p>\n<p>&#8230;&#8230;&#8230;&#8230;&#8230;&#8230;&#8230;&#8230;&#8230;&#8230;&#8230;&#8230;&#8230;&#8230;&#8230;&#8230;&#8230;&#8230;&#8230;&#8230;&#8230;&#8230;&#8230;&#8230;&#8230;&#8230;&#8230;&#8230;&#8230;&#8230;&#8230;&#8230;&#8230;&#8230;&#8230;&#8230;&#8230;&#8230;&#8230;&#8230;&#8230;&#8230;&#8230;&#8230;&#8230;&#8230;<\/p>\n<p>Voici les fa\u00e7ons dont j\u2019ai vu Dieu multiplier Sa gr\u00e2ce pour moi aujourd\u2019hui :<\/p>\n<p>&#8230;&#8230;&#8230;&#8230;&#8230;&#8230;&#8230;&#8230;&#8230;&#8230;&#8230;&#8230;&#8230;&#8230;&#8230;&#8230;&#8230;&#8230;&#8230;&#8230;&#8230;&#8230;&#8230;&#8230;&#8230;&#8230;&#8230;&#8230;&#8230;&#8230;&#8230;&#8230;&#8230;&#8230;&#8230;&#8230;&#8230;&#8230;&#8230;&#8230;&#8230;&#8230;&#8230;&#8230;&#8230;&#8230;<\/p>\n<p>&#8230;&#8230;&#8230;&#8230;&#8230;&#8230;&#8230;&#8230;&#8230;&#8230;&#8230;&#8230;&#8230;&#8230;&#8230;&#8230;&#8230;&#8230;&#8230;&#8230;&#8230;&#8230;&#8230;&#8230;&#8230;&#8230;&#8230;&#8230;&#8230;&#8230;&#8230;&#8230;&#8230;&#8230;&#8230;&#8230;&#8230;&#8230;&#8230;&#8230;&#8230;&#8230;&#8230;&#8230;&#8230;&#8230;<\/p>\n<p>&#8230;&#8230;&#8230;&#8230;&#8230;&#8230;&#8230;&#8230;&#8230;&#8230;&#8230;&#8230;&#8230;&#8230;&#8230;&#8230;&#8230;&#8230;&#8230;&#8230;&#8230;&#8230;&#8230;&#8230;&#8230;&#8230;&#8230;&#8230;&#8230;&#8230;&#8230;&#8230;&#8230;&#8230;&#8230;&#8230;&#8230;&#8230;&#8230;&#8230;&#8230;&#8230;&#8230;&#8230;&#8230;&#8230;<\/p>\n<\/div>\n<\/div>\n<\/div>\n<\/div>\n<\/div>\n<\/div>\n","protected":false},"excerpt":{"rendered":"<p>Connaissance : Conna\u00eetre J\u00e9sus\u00a0personnellement et la Bible \u00e0 fond. \u00ab &#8230; \u00e0 la vertu la connaissance. \u00bb (2 Pierre 1 : 5) \u00ab C\u2019est pourquoi nous rendons continuellement gr\u00e2ces \u00e0 Dieu de ce qu\u2019en recevant la parole de Dieu, que nous vous avons fait entendre, vous l\u2019avez re\u00e7ue, non comme la parole des hommes, mais, [&hellip;]<\/p>\n","protected":false},"author":1,"featured_media":0,"comment_status":"open","ping_status":"open","sticky":false,"template":"","format":"standard","meta":{"_exactmetrics_skip_tracking":false,"_exactmetrics_sitenote_active":false,"_exactmetrics_sitenote_note":"","_exactmetrics_sitenote_category":0,"footnotes":""},"categories":[7],"tags":[],"_links":{"self":[{"href":"http:\/\/reveiletreforme.adventiste.re\/index.php?rest_route=\/wp\/v2\/posts\/515"}],"collection":[{"href":"http:\/\/reveiletreforme.adventiste.re\/index.php?rest_route=\/wp\/v2\/posts"}],"about":[{"href":"http:\/\/reveiletreforme.adventiste.re\/index.php?rest_route=\/wp\/v2\/types\/post"}],"author":[{"embeddable":true,"href":"http:\/\/reveiletreforme.adventiste.re\/index.php?rest_route=\/wp\/v2\/users\/1"}],"replies":[{"embeddable":true,"href":"http:\/\/reveiletreforme.adventiste.re\/index.php?rest_route=%2Fwp%2Fv2%2Fcomments&post=515"}],"version-history":[{"count":1,"href":"http:\/\/reveiletreforme.adventiste.re\/index.php?rest_route=\/wp\/v2\/posts\/515\/revisions"}],"predecessor-version":[{"id":3606,"href":"http:\/\/reveiletreforme.adventiste.re\/index.php?rest_route=\/wp\/v2\/posts\/515\/revisions\/3606"}],"wp:attachment":[{"href":"http:\/\/reveiletreforme.adventiste.re\/index.php?rest_route=%2Fwp%2Fv2%2Fmedia&parent=515"}],"wp:term":[{"taxonomy":"category","embeddable":true,"href":"http:\/\/reveiletreforme.adventiste.re\/index.php?rest_route=%2Fwp%2Fv2%2Fcategories&post=515"},{"taxonomy":"post_tag","embeddable":true,"href":"http:\/\/reveiletreforme.adventiste.re\/index.php?rest_route=%2Fwp%2Fv2%2Ftags&post=515"}],"curies":[{"name":"wp","href":"https:\/\/api.w.org\/{rel}","templated":true}]}}