{"id":5738,"date":"2017-01-31T00:33:43","date_gmt":"2017-01-30T20:33:43","guid":{"rendered":"http:\/\/reveiletreforme.adventiste.re\/?p=5738"},"modified":"2017-01-24T22:37:27","modified_gmt":"2017-01-24T18:37:27","slug":"vigile-matinale-31-janvier","status":"publish","type":"post","link":"http:\/\/reveiletreforme.adventiste.re\/?p=5738","title":{"rendered":"Vigile matinale 31 janvier"},"content":{"rendered":"<p style=\"text-align: center;\"><strong>Une \u00e9trange requ\u00eate<\/strong><\/p>\n<p style=\"text-align: center;\"><strong>\u00ab Les ap\u00f4tres dirent au Seigneur : Donne-nous plus de foi. \u00bb <em>Luc 17.5<\/em><\/strong><\/p>\n<p>Combien de fois, \u00e0 l\u2019instar des disciples, n\u2019avons-nous pas soupir\u00e9 avec d\u00e9couragement devant notre manque \u00e9vident : <em>\u00ab Seigneur, donne-nous plus de foi ! \u00bb<\/em><br \/>\n<!--more-->Face \u00e0 l\u2019incr\u00e9dulit\u00e9 qui nous environne, face \u00e0 nos lassitudes et nos engagements n\u00e9cessaires, face \u00e0 nos doutes qui pi\u00e8gent et enferment notre foi dans les habitudes\u2026 Seigneur, donne-nous plus de foi !<br \/>\nJe ne doute pas que cette requ\u00eate soit l\u2019expression d\u2019un d\u00e9sir sinc\u00e8re et profond. N\u2019est-ce pas \u00e0 ce d\u00e9sir que J\u00e9sus faisait allusion lorsqu\u2019il proclamait aux Galil\u00e9ens : <em>\u00ab Bienheureux vous les affam\u00e9s et les assoiff\u00e9s de l\u2019Esprit ! \u00bb<\/em> ?<br \/>\nC\u2019est pr\u00e9cis\u00e9ment la prise de conscience de nos manques qui nous fait marcher vers Dieu. On dit bien que ce sont nos soifs qui \u00e9veillent la source\u2026<br \/>\nJ\u2019aime cette parole de J\u00e9sus, au moment o\u00f9 il attire l\u2019attention de ses disciples sur cette femme pauvre et veuve qui a gliss\u00e9 discr\u00e8tement quelques modestes pi\u00e9cettes dans le tronc aux offrandes : <em>\u00ab Tous ont mis de leur superflu\u2026 Elle a mis son manque ! \u00bb<\/em> (Marc 12.41-44)<br \/>\nApprendre \u00e0 venir vers Dieu non avec notre plein et notre surplus d\u2019orgueil et<br \/>\nd\u2019autosuffisance, mais avec notre manque de courage, de moyens, de foi\u2026<br \/>\nSeules les mains vides ouvrent la possibilit\u00e9 de la rencontre, car elles ne sont pas encombr\u00e9es.<br \/>\nJ\u2019aime donc ce d\u00e9sir sinc\u00e8re des ap\u00f4tres : <em>\u00ab Donne-nous plus de foi ! \u00bb<\/em><br \/>\nFoi en Dieu, en la Vie, en Dieu qui est cach\u00e9 en moi, en Dieu qui est cach\u00e9e en l\u2019autre\u2026<br \/>\nMais cette requ\u00eate des disciples peut aussi faire sourire\u2026 ou m\u00eame agacer ! Car en fait, la foi n\u2019est-elle pas un chemin personnel, une qu\u00eate solitaire, le prix d\u2019un combat singulier ?<br \/>\nSi, par contre, on pense que la foi est un don, faut-il d\u00e8s lors s\u2019\u00e9tonner d\u2019entendre de telles d\u00e9clarations :<em> \u00ab Je l\u2019ai re\u00e7ue comme \u00e7a ! \u00bb \u00abToi, t\u2019as de la chance\u2026 Moi je ne l\u2019ai pas re\u00e7ue!\u00bb<\/em><br \/>\n<em>\u00ab T\u2019as qu\u2019\u00e0 demander ! \u00bb<\/em> ? La foi nous est-elle donn\u00e9e comme cela, comme le Cr\u00e9ateur nous a donn\u00e9 la peau noire ou blanche ? La foi peut-elle aussi se perdre comme on perd un trousseau de cl\u00e9s ou ses paires de lunettes ? Il suffirait alors de la chercher aux objets trouv\u00e9s !<br \/>\nLa foi est-elle tout simplement \u00e0 r\u00e9clamer comme un cadeau du P\u00e8re No\u00ebl des Cieux ?<br \/>\nPaul nous rappelle alors que la foi vient de ce que l\u2019on entend et que ce que l\u2019on entend vient de la Parole de Dieu (Romains 10.17). Et cette parole ne nous tombe pas dessus, mais se cherche et se creuse. Comme une terre qui contient un tr\u00e9sor!<br \/>\nLa foi t\u00e9moigne donc d\u2019une d\u00e9marche volontaire et personnelle qui nous engage. Il est trop facile d\u2019ouvrir tout grand le bec, comme l\u2019oisillon dans le nid, et de crier <em>\u00ab Donne plus\u2026 donne plus\u2026 donne-moi plus de foi ! \u00bb<\/em><br \/>\nTout cela nous m\u00e8ne \u00e0 une autre question : Pourquoi ? Pourquoi r\u00e9clamer plus de foi ? Ou : POUR QUOI ? Pour en faire quoi ?! Quel est donc le but profond ou cach\u00e9 de notre demande ?-<br \/>\nThierry LENOIR<\/p>\n","protected":false},"excerpt":{"rendered":"<p>Une \u00e9trange requ\u00eate \u00ab Les ap\u00f4tres dirent au Seigneur : Donne-nous plus de foi. \u00bb Luc 17.5 Combien de fois, \u00e0 l\u2019instar des disciples, n\u2019avons-nous pas soupir\u00e9 avec d\u00e9couragement devant notre manque \u00e9vident : \u00ab Seigneur, donne-nous plus de foi ! \u00bb<\/p>\n","protected":false},"author":4,"featured_media":0,"comment_status":"open","ping_status":"open","sticky":false,"template":"","format":"standard","meta":{"_exactmetrics_skip_tracking":false,"_exactmetrics_sitenote_active":false,"_exactmetrics_sitenote_note":"","_exactmetrics_sitenote_category":0,"footnotes":""},"categories":[15],"tags":[],"_links":{"self":[{"href":"http:\/\/reveiletreforme.adventiste.re\/index.php?rest_route=\/wp\/v2\/posts\/5738"}],"collection":[{"href":"http:\/\/reveiletreforme.adventiste.re\/index.php?rest_route=\/wp\/v2\/posts"}],"about":[{"href":"http:\/\/reveiletreforme.adventiste.re\/index.php?rest_route=\/wp\/v2\/types\/post"}],"author":[{"embeddable":true,"href":"http:\/\/reveiletreforme.adventiste.re\/index.php?rest_route=\/wp\/v2\/users\/4"}],"replies":[{"embeddable":true,"href":"http:\/\/reveiletreforme.adventiste.re\/index.php?rest_route=%2Fwp%2Fv2%2Fcomments&post=5738"}],"version-history":[{"count":2,"href":"http:\/\/reveiletreforme.adventiste.re\/index.php?rest_route=\/wp\/v2\/posts\/5738\/revisions"}],"predecessor-version":[{"id":5741,"href":"http:\/\/reveiletreforme.adventiste.re\/index.php?rest_route=\/wp\/v2\/posts\/5738\/revisions\/5741"}],"wp:attachment":[{"href":"http:\/\/reveiletreforme.adventiste.re\/index.php?rest_route=%2Fwp%2Fv2%2Fmedia&parent=5738"}],"wp:term":[{"taxonomy":"category","embeddable":true,"href":"http:\/\/reveiletreforme.adventiste.re\/index.php?rest_route=%2Fwp%2Fv2%2Fcategories&post=5738"},{"taxonomy":"post_tag","embeddable":true,"href":"http:\/\/reveiletreforme.adventiste.re\/index.php?rest_route=%2Fwp%2Fv2%2Ftags&post=5738"}],"curies":[{"name":"wp","href":"https:\/\/api.w.org\/{rel}","templated":true}]}}