{"id":5742,"date":"2017-02-01T00:01:42","date_gmt":"2017-01-31T20:01:42","guid":{"rendered":"http:\/\/reveiletreforme.adventiste.re\/?p=5742"},"modified":"2017-01-24T22:41:00","modified_gmt":"2017-01-24T18:41:00","slug":"vigile-matinale-1er-fevrier","status":"publish","type":"post","link":"http:\/\/reveiletreforme.adventiste.re\/?p=5742","title":{"rendered":"Vigile matinale 1er f\u00e9vrier"},"content":{"rendered":"<p style=\"text-align: center;\"><strong>Oser une lecture \u00e0 plusieurs voix<\/strong><\/p>\n<p style=\"text-align: center;\"><strong>\u00ab Le Seigneur r\u00e9pondit\u2026 \u00bb <em>Luc 17.6a<\/em><\/strong><\/p>\n<p>Il nous faut donc aborder la suite du passage. La r\u00e9ponse de J\u00e9sus est d\u00e9concertante.<br \/>\nElle nous place face \u00e0 nos propres ambigu\u00eft\u00e9s. Ambigu\u00eft\u00e9s face \u00e0 nos attentes pour recevoir d\u2019avantage de foi, mais aussi ambigu\u00eft\u00e9 pour interpr\u00e9ter la r\u00e9ponse de J\u00e9sus ! Car sa r\u00e9partie, contrairement \u00e0 ce qu\u2019il y para\u00eet, n\u2019est pas si simple \u00e0 interpr\u00e9ter.<br \/>\n<!--more-->J\u00e9sus propose une surprenante all\u00e9gorie : une \u00e9trange histoire d\u2019arbre qui se d\u00e9racine pour aller se planter\u2026 dans la mer !<br \/>\nLongtemps j\u2019ai compris cette all\u00e9gorie d\u2019une certaine mani\u00e8re qui me semblait \u00e9vidente.<br \/>\nUn jour, une deuxi\u00e8me interpr\u00e9tation totalement contradictoire s\u2019est impos\u00e9e \u00e0 mon esprit.<br \/>\nQue faire donc avec ces deux lectures d\u2019une m\u00eame all\u00e9gorie ?<br \/>\nPuis, un jour, j\u2019ai cru entendre Dieu me souffler \u00e0 l\u2019oreille une troisi\u00e8me interpr\u00e9tation possible. Encore contradictoire !<br \/>\nLaquelle est la bonne ? Le pire, c\u2019est que je n\u2019en sais rien ! Peut-\u00eatre est-ce les trois ? Peut-\u00eatre m\u00eame est-ce une quatri\u00e8me qui viendra \u00e0 votre esprit !<br \/>\nCe que je puis t\u00e9moigner, c\u2019est que chacune a \u00e9t\u00e9 bonne et utile pour moi \u00e0 un moment de ma r\u00e9flexion. Peut-\u00eatre m\u00eame que la juste interpr\u00e9tation se trouve dans l\u2019accueil de l\u2019ensemble des trois lectures pourtant contradictoires.<br \/>\nPour me rassurer, j\u2019aime rappeler ici cette pens\u00e9e du philosophe Alain : <em>\u00ab Rien n&rsquo;est plus dangereux qu&rsquo;une id\u00e9e, quand on n&rsquo;a qu&rsquo;une id\u00e9e ! \u00bb<\/em><br \/>\nCar elle est vivante la parole de Dieu : elle est en marche et met en marche. Elle est une source d\u2019eau vive et non une mare qui stagne. Cessons donc le terrorisme de la pens\u00e9e unique.<br \/>\nLe peuple juif avait cette sagesse de ne point figer le souffle de Dieu. Il \u00e9tait m\u00eame pr\u00eat \u00e0 accueillir une parole \u00e0 plusieurs voix. Par exemple, les fameuses dix paroles grav\u00e9es par le doigt de Dieu dans le granit du mont Sina\u00ef sont pr\u00e9sent\u00e9es dans le livre de l\u2019Exode (chapitre 20) et dans le livre du Deut\u00e9ronome (chapitre 5). Fait \u00e9tonnant, le quatri\u00e8me commandement n\u2019est pas le m\u00eame ! Les raisons du sabbat changent d\u2019un texte \u00e0 l\u2019autre. Ce qui est encore plus \u00e9tonnant, c\u2019est que le peuple d\u2019Isra\u00ebl n\u2019a pas cherch\u00e9 \u00e0 harmoniser les deux versions. Preuve de leur ouverture dans l\u2019accueil m\u00eame d\u2019une parole \u00e0 deux voix.<br \/>\nDieu veut que sa parole soit accueillie comme une source toujours vivante et en mouvement.<br \/>\nC\u2019est pourquoi J\u00e9sus disait :<em> \u00ab Il vous a \u00e9t\u00e9 dit\u2026 mais moi je vous dis\u2026 \u00bb<\/em><br \/>\nJ\u2019aime ce d\u00e9licieux reproche que Dieu fait aux fid\u00e8les dans le livre de J\u00e9r\u00e9mie (2.13) : <em>\u00ab D\u00e9claration du Seigneur (\u2026) Mon peuple a doublement mal agi : ils m\u2019ont abandonn\u00e9, moi, la source d\u2019eau vive (pens\u00e9e qui circule), pour se creuser des citernes (pens\u00e9e qui stagne), des citernes crevass\u00e9es, qui ne retiennent pas l\u2019eau. \u00bb<\/em><br \/>\nCessons donc d\u2019\u00eatre inquiets en d\u00e9couvrant une parole riche en interpr\u00e9tations diverses, voire contradictoires. C\u2019est un signe de vie !<br \/>\nLisons donc dans les lignes qui suivent cette r\u00e9ponse myst\u00e9rieuse de J\u00e9sus aux disciples qui souhaitent recevoir plus de foi.<br \/>\nThierry LENOIR<\/p>\n","protected":false},"excerpt":{"rendered":"<p>Oser une lecture \u00e0 plusieurs voix \u00ab Le Seigneur r\u00e9pondit\u2026 \u00bb Luc 17.6a Il nous faut donc aborder la suite du passage. La r\u00e9ponse de J\u00e9sus est d\u00e9concertante. Elle nous place face \u00e0 nos propres ambigu\u00eft\u00e9s. Ambigu\u00eft\u00e9s face \u00e0 nos attentes pour recevoir d\u2019avantage de foi, mais aussi ambigu\u00eft\u00e9 pour interpr\u00e9ter la r\u00e9ponse de J\u00e9sus [&hellip;]<\/p>\n","protected":false},"author":4,"featured_media":0,"comment_status":"open","ping_status":"open","sticky":false,"template":"","format":"standard","meta":{"_exactmetrics_skip_tracking":false,"_exactmetrics_sitenote_active":false,"_exactmetrics_sitenote_note":"","_exactmetrics_sitenote_category":0,"footnotes":""},"categories":[15],"tags":[],"_links":{"self":[{"href":"http:\/\/reveiletreforme.adventiste.re\/index.php?rest_route=\/wp\/v2\/posts\/5742"}],"collection":[{"href":"http:\/\/reveiletreforme.adventiste.re\/index.php?rest_route=\/wp\/v2\/posts"}],"about":[{"href":"http:\/\/reveiletreforme.adventiste.re\/index.php?rest_route=\/wp\/v2\/types\/post"}],"author":[{"embeddable":true,"href":"http:\/\/reveiletreforme.adventiste.re\/index.php?rest_route=\/wp\/v2\/users\/4"}],"replies":[{"embeddable":true,"href":"http:\/\/reveiletreforme.adventiste.re\/index.php?rest_route=%2Fwp%2Fv2%2Fcomments&post=5742"}],"version-history":[{"count":3,"href":"http:\/\/reveiletreforme.adventiste.re\/index.php?rest_route=\/wp\/v2\/posts\/5742\/revisions"}],"predecessor-version":[{"id":5745,"href":"http:\/\/reveiletreforme.adventiste.re\/index.php?rest_route=\/wp\/v2\/posts\/5742\/revisions\/5745"}],"wp:attachment":[{"href":"http:\/\/reveiletreforme.adventiste.re\/index.php?rest_route=%2Fwp%2Fv2%2Fmedia&parent=5742"}],"wp:term":[{"taxonomy":"category","embeddable":true,"href":"http:\/\/reveiletreforme.adventiste.re\/index.php?rest_route=%2Fwp%2Fv2%2Fcategories&post=5742"},{"taxonomy":"post_tag","embeddable":true,"href":"http:\/\/reveiletreforme.adventiste.re\/index.php?rest_route=%2Fwp%2Fv2%2Ftags&post=5742"}],"curies":[{"name":"wp","href":"https:\/\/api.w.org\/{rel}","templated":true}]}}