{"id":5748,"date":"2017-02-02T00:53:32","date_gmt":"2017-02-01T20:53:32","guid":{"rendered":"http:\/\/reveiletreforme.adventiste.re\/?p=5748"},"modified":"2017-02-01T18:32:07","modified_gmt":"2017-02-01T14:32:07","slug":"vigile-matinale-02-fevrier-2","status":"publish","type":"post","link":"http:\/\/reveiletreforme.adventiste.re\/?p=5748","title":{"rendered":"Vigile matinale 02 f\u00e9vrier"},"content":{"rendered":"<p style=\"text-align: center;\"><strong>La foi \u00ab grain de moutarde \u00bb<br \/>\n<\/strong><br \/>\n<strong>\u00ab \u2026 si vous aviez la foi comme une graine de moutarde\u2026 \u00bb <em>Luc 17.6b<\/em><\/strong><\/p>\n<p>Quelle dr\u00f4le d\u2019id\u00e9e que de comparer la foi \u00e0 une graine de moutarde ! Avez-vous remarqu\u00e9 que J\u00e9sus semble particuli\u00e8rement aimer cette petite graine ? Ce n\u2019est pas la premi\u00e8re fois qu\u2019il fait appel \u00e0 cette analogie. Il a m\u00eame compar\u00e9 le royaume des cieux \u00e0 cette graine poivr\u00e9e (Matthieu 13.31). Pourquoi ? Peut-\u00eatre parce qu\u2019elle rel\u00e8ve le go\u00fbt et donne du piquant aux aliments qu\u2019elle c\u00f4toie !<br \/>\n<!--more-->Il est vrai que le message de J\u00e9sus a souvent \u00e9t\u00e9 \u00e9dulcor\u00e9 et rendu dramatiquement dou\u00e7\u00e2tre, voire m\u00eame fade ! On aime poser d\u00e9licatement un petit J\u00e9sus sucr\u00e9 et somnolant sur les b\u00fbches de No\u00ebl\u2026 Mais cela ne correspond pas du tout au J\u00e9sus des \u00e9vangiles. M\u00eame s\u2019il disait qu\u2019il \u00e9tait doux et humble de c\u0153ur, son message \u00e9tait incisif comme une lame \u00e0 double tranchant. Il savait d\u00e9ranger et bousculer son auditoire.<br \/>\nJ\u00e9sus poivr\u00e9 \u2013 ou piquant \u2013 n\u2019h\u00e9sitait pas \u00e0 annoncer qu\u2019il n\u2019\u00e9tait pas venu apporter la paix sur la terre\u2026 mais l\u2019\u00e9p\u00e9e ! Une \u00e9p\u00e9e qui tranche au sein m\u00eame des relations familiales (Matthieu 10.34). Il parlait m\u00eame de la \u00ab haine \u00bb n\u00e9cessaire.<br \/>\nSa parole \u00e9tait souvent piquante et poivr\u00e9e. Une parole qui d\u00e9non\u00e7ait et reprenait avec force, n\u2019h\u00e9sitant pas \u00e0 comparer les religieux \u00e0 des s\u00e9pulcres blanchis et \u00e0 des plats propres \u00e0 l\u2019ext\u00e9rieur mais remplis d\u2019impuret\u00e9s \u00e0 l\u2019int\u00e9rieur. Il osait m\u00eame leur lancer au visage ce camouflet muscl\u00e9 : \u00ab Race de vip\u00e8res ! \u00bb J\u00e9sus poivr\u00e9\u2026 Il comparait aussi le royaume des cieux \u2013 et le royaume int\u00e9rieur \u2013 \u00e0 cette graine de moutarde qui \u00e9tait appel\u00e9e \u00e0 devenir un arbre.<br \/>\nC\u2019est dire combien J\u00e9sus aimait voir se manifester chez ses disciples une foi pareillement piment\u00e9e et poivr\u00e9e.<br \/>\nJ\u2019appr\u00e9cie aussi l\u2019insistance de J\u00e9sus sur le \u00ab peu \u00bb de foi. Une graine de moutarde n\u2019est, en fait, pas grand-chose. Dans un autre passage de l\u2019\u00e9vangile, J\u00e9sus pr\u00e9cise m\u00eame que c\u2019est l\u2019une des plus petites graines (Matthieu 13.32).<br \/>\nPar contre, les disciples veulent beaucoup de foi. Une foi solide. Et voici que J\u00e9sus parle d\u2019un tout petit peu. Parce qu\u2019il est r\u00e9aliste le Ma\u00eetre ! Il ne nous demande pas l\u2019impossible. J\u2019aime ce Tr\u00e8s-Haut capable de nous rejoindre en \u00e9tant le Tr\u00e8s-Bas. Mais, en m\u00eame temps, il met en \u00e9vidence ce petit peu capable d\u2019accomplir des miracles.<br \/>\nC\u2019est comme s\u2019il me disait : \u00ab Tu veux d\u2019une foi exceptionnelle ? Si l\u2019on commen\u00e7ait d\u00e9j\u00e0 par quelque chose d\u2019accessible, qui est \u00e0 ta port\u00e9e ? De quelque chose qui est juste \u00e0 ta dimension ? \u00bb<br \/>\nSouvenez-vous de la parabole des talents. J\u00e9sus pr\u00e9cise que l\u2019un des serviteurs re\u00e7oit cinq talents de son ma\u00eetre, l\u2019autre deux et le dernier un. Pourquoi cette disparit\u00e9 et cette apparente injustice ? Le texte pr\u00e9cise : \u00ab A chacun selon sa force ! \u00bb Dieu ne nous confie donc rien au-del\u00e0 de nos moyens. Pourquoi vouloir jouer au h\u00e9ros ? Nous voulons d\u2019une super foi qui fait de nous des h\u00e9ros de saintet\u00e9 ? Une \u00ab petite foi \u00bb lui suffit\u2026<br \/>\nThierry LENOIR<\/p>\n","protected":false},"excerpt":{"rendered":"<p>La foi \u00ab grain de moutarde \u00bb \u00ab \u2026 si vous aviez la foi comme une graine de moutarde\u2026 \u00bb Luc 17.6b Quelle dr\u00f4le d\u2019id\u00e9e que de comparer la foi \u00e0 une graine de moutarde ! Avez-vous remarqu\u00e9 que J\u00e9sus semble particuli\u00e8rement aimer cette petite graine ? Ce n\u2019est pas la premi\u00e8re fois qu\u2019il fait [&hellip;]<\/p>\n","protected":false},"author":4,"featured_media":0,"comment_status":"open","ping_status":"open","sticky":false,"template":"","format":"standard","meta":{"_exactmetrics_skip_tracking":false,"_exactmetrics_sitenote_active":false,"_exactmetrics_sitenote_note":"","_exactmetrics_sitenote_category":0,"footnotes":""},"categories":[15],"tags":[],"_links":{"self":[{"href":"http:\/\/reveiletreforme.adventiste.re\/index.php?rest_route=\/wp\/v2\/posts\/5748"}],"collection":[{"href":"http:\/\/reveiletreforme.adventiste.re\/index.php?rest_route=\/wp\/v2\/posts"}],"about":[{"href":"http:\/\/reveiletreforme.adventiste.re\/index.php?rest_route=\/wp\/v2\/types\/post"}],"author":[{"embeddable":true,"href":"http:\/\/reveiletreforme.adventiste.re\/index.php?rest_route=\/wp\/v2\/users\/4"}],"replies":[{"embeddable":true,"href":"http:\/\/reveiletreforme.adventiste.re\/index.php?rest_route=%2Fwp%2Fv2%2Fcomments&post=5748"}],"version-history":[{"count":3,"href":"http:\/\/reveiletreforme.adventiste.re\/index.php?rest_route=\/wp\/v2\/posts\/5748\/revisions"}],"predecessor-version":[{"id":5764,"href":"http:\/\/reveiletreforme.adventiste.re\/index.php?rest_route=\/wp\/v2\/posts\/5748\/revisions\/5764"}],"wp:attachment":[{"href":"http:\/\/reveiletreforme.adventiste.re\/index.php?rest_route=%2Fwp%2Fv2%2Fmedia&parent=5748"}],"wp:term":[{"taxonomy":"category","embeddable":true,"href":"http:\/\/reveiletreforme.adventiste.re\/index.php?rest_route=%2Fwp%2Fv2%2Fcategories&post=5748"},{"taxonomy":"post_tag","embeddable":true,"href":"http:\/\/reveiletreforme.adventiste.re\/index.php?rest_route=%2Fwp%2Fv2%2Ftags&post=5748"}],"curies":[{"name":"wp","href":"https:\/\/api.w.org\/{rel}","templated":true}]}}