{"id":5752,"date":"2017-02-03T00:58:57","date_gmt":"2017-02-02T20:58:57","guid":{"rendered":"http:\/\/reveiletreforme.adventiste.re\/?p=5752"},"modified":"2017-02-01T18:32:30","modified_gmt":"2017-02-01T14:32:30","slug":"vigile-matinale-03-fevrier-2","status":"publish","type":"post","link":"http:\/\/reveiletreforme.adventiste.re\/?p=5752","title":{"rendered":"Vigile matinale 03 f\u00e9vrier"},"content":{"rendered":"<p style=\"text-align: center;\"><strong>Du grand avec du petit !<\/strong><br \/>\n<strong>\u00ab \u2026 vous diriez \u00e0 cet arbre : D\u00e9racine-toi et plante-toi dans la mer ! \u00bb <em>Luc 17.6c<\/em><\/strong><\/p>\n<p>Revenons \u00e0 ce petit <em>\u00ab rien qu\u2019un peu \u00bb<\/em> \u2013 comme une graine de moutarde \u2013 qui est pourtant capable, gr\u00e2ce \u00e0 Dieu, de d\u00e9placer des montagnes \u2013 c\u2019est une autre variante de l\u2019all\u00e9gorie propos\u00e9e ailleurs par J\u00e9sus lui-m\u00eame (Matthieu 17.20).<br \/>\nComme nous l\u2019avons dit pr\u00e9c\u00e9demment, il est d\u00e9j\u00e0 bon d\u2019accueillir cette mise en \u00e9vidence de ce <em>\u00ab petit peu \u00bb<\/em> qui, lorsqu\u2019il est mis \u00e0 la disposition de Dieu, ouvre des possibilit\u00e9s extraordinaires. Les disciples parlent de <em>\u00ab plus \u00bb<\/em> de foi, exprimant leur d\u00e9sir d\u2019une foi immense. J\u00e9sus parle d\u2019une petite foi. Une foi \u00e0 ma dimension humaine&#8230;<br \/>\n<!--more-->Souvenez-vous : c\u2019\u00e9tait sur les rives du lac de Galil\u00e9e. Une foule immense buvait les paroles de J\u00e9sus, tout au long de la journ\u00e9e. Le soir \u00e9tant venu, tout ce monde avait faim. Il a suffi qu\u2019un gamin innocent apporte \u00e0 J\u00e9sus son minuscule pique-nique de cinq pains d\u2019orge et deux poissons secs pour que le ma\u00eetre puisse nourrir des milliers de personnes (Jean 6.5-13).<br \/>\nLe miracle a pu avoir lieu gr\u00e2ce \u00e0 ce \u00ab petit rien du tout \u00bb mis \u00e0 la disposition du ma\u00eetre.<br \/>\nL\u2019enfant, dans sa spontan\u00e9it\u00e9, n\u2019a pas eu honte du ridicule. C\u2019est sans doute pourquoi J\u00e9sus aimait tout particuli\u00e8rement les enfants et qu\u2019il les pr\u00e9sentait comme exemples aux disciples.<br \/>\nCar le royaume des cieux, selon J\u00e9sus, sera peupl\u00e9 d\u2019enfants\u2026 ou de ceux qui leur ressemblent.<br \/>\nVoil\u00e0 le Dieu que r\u00e9v\u00e8le J\u00e9sus : celui qui est capable d\u2019accomplir de grands miracles avec nos manques de foi !<br \/>\nDieu ne peut faire de grandes choses qu\u2019avec des \u00eatres conscients de leur fragilit\u00e9 et de leur petitesse. Mo\u00efse a du devenir \u00ab incapable \u00bb pour qu\u2019enfin Dieu puisse lib\u00e9rer le peuple par lui.<br \/>\nG\u00e9d\u00e9on \u00e9tait complex\u00e9 et se sentait le plus petit de sa famille et pourtant Dieu lui dira <em>\u00ab Va avec cette force que tu as ! \u00bb<\/em> David \u00e9tait un jeune bien fragile devant le g\u00e9ant Goliath, et il l\u2019a combattu avec une simple fronde, laissant m\u00eame de c\u00f4t\u00e9 son armure. G\u00e9d\u00e9on a d\u00fb se s\u00e9parer des 99% de son arm\u00e9e \u2013 de 33&rsquo;000 hommes il est pass\u00e9 \u00e0 300 ! \u2013, pour combattre les dangereux Madianites. <em>\u00ab Car, dit Dieu, Isra\u00ebl pourrait s\u2019en vanter \u00e0 mes d\u00e9pens et dire : \u00ab C\u2019est ma propre force qui m\u2019a sauv\u00e9 ! \u00bb<\/em> (Juges 7.2) Pierre a d\u00fb couler et renier J\u00e9sus \u00e0 trois reprises pour qu\u2019il r\u00e9alise qu\u2019il n\u2019\u00e9tait pas un rocher solide mais qu\u2019un tout petit caillou qui roule\u2026 et qui parfois coule ! C\u2019est alors que J\u00e9sus pourra lui dire : <em>\u00ab J\u2019ai pri\u00e9 pour toi afin que ta foi ne d\u00e9faille pas tout \u00e0 fait. Avec cette foi (toute fragile), tu affermiras tes fr\u00e8res ! \u00bb<\/em><br \/>\nOn retrouve, comme une constante, cette foi <em>\u00ab grain de moutarde minuscule \u00bb<\/em> capable de grandir comme un arbre puissant.<br \/>\nPaul a si bien compris le message, qu\u2019il s\u2019est \u00e9cri\u00e9 : <em>\u00ab C\u2019est quand je sais que je suis faible que je suis fort pour Dieu ! \u00bb<\/em><br \/>\nCette premi\u00e8re lecture de l\u2019all\u00e9gorie de l\u2019arbre qui se plante dans la mer met donc en \u00e9vidence les choses extraordinaires que Dieu peut accomplir \u00e0 travers nous, <em>\u00ab malgr\u00e9 \u00bb<\/em> ou plut\u00f4t <em>\u00ab gr\u00e2ce \u00bb<\/em> \u00e0 notre foi, pourtant toute minuscule.<br \/>\nDieu n\u2019a que faire de notre pr\u00e9tendue force qui ne fait que compliquer ses plans, l\u2019encombrer et occulter sa propre force.<br \/>\nCe qu\u2019il recherche, c\u2019est juste une petite foi qui ose prendre des risques\u2026<br \/>\nThierry LENOIR<\/p>\n","protected":false},"excerpt":{"rendered":"<p>Du grand avec du petit ! \u00ab \u2026 vous diriez \u00e0 cet arbre : D\u00e9racine-toi et plante-toi dans la mer ! \u00bb Luc 17.6c Revenons \u00e0 ce petit \u00ab rien qu\u2019un peu \u00bb \u2013 comme une graine de moutarde \u2013 qui est pourtant capable, gr\u00e2ce \u00e0 Dieu, de d\u00e9placer des montagnes \u2013 c\u2019est une autre [&hellip;]<\/p>\n","protected":false},"author":4,"featured_media":0,"comment_status":"open","ping_status":"open","sticky":false,"template":"","format":"standard","meta":{"_exactmetrics_skip_tracking":false,"_exactmetrics_sitenote_active":false,"_exactmetrics_sitenote_note":"","_exactmetrics_sitenote_category":0,"footnotes":""},"categories":[15],"tags":[],"_links":{"self":[{"href":"http:\/\/reveiletreforme.adventiste.re\/index.php?rest_route=\/wp\/v2\/posts\/5752"}],"collection":[{"href":"http:\/\/reveiletreforme.adventiste.re\/index.php?rest_route=\/wp\/v2\/posts"}],"about":[{"href":"http:\/\/reveiletreforme.adventiste.re\/index.php?rest_route=\/wp\/v2\/types\/post"}],"author":[{"embeddable":true,"href":"http:\/\/reveiletreforme.adventiste.re\/index.php?rest_route=\/wp\/v2\/users\/4"}],"replies":[{"embeddable":true,"href":"http:\/\/reveiletreforme.adventiste.re\/index.php?rest_route=%2Fwp%2Fv2%2Fcomments&post=5752"}],"version-history":[{"count":3,"href":"http:\/\/reveiletreforme.adventiste.re\/index.php?rest_route=\/wp\/v2\/posts\/5752\/revisions"}],"predecessor-version":[{"id":5765,"href":"http:\/\/reveiletreforme.adventiste.re\/index.php?rest_route=\/wp\/v2\/posts\/5752\/revisions\/5765"}],"wp:attachment":[{"href":"http:\/\/reveiletreforme.adventiste.re\/index.php?rest_route=%2Fwp%2Fv2%2Fmedia&parent=5752"}],"wp:term":[{"taxonomy":"category","embeddable":true,"href":"http:\/\/reveiletreforme.adventiste.re\/index.php?rest_route=%2Fwp%2Fv2%2Fcategories&post=5752"},{"taxonomy":"post_tag","embeddable":true,"href":"http:\/\/reveiletreforme.adventiste.re\/index.php?rest_route=%2Fwp%2Fv2%2Ftags&post=5752"}],"curies":[{"name":"wp","href":"https:\/\/api.w.org\/{rel}","templated":true}]}}