{"id":622,"date":"2013-02-02T16:23:13","date_gmt":"2013-02-02T12:23:13","guid":{"rendered":"http:\/\/reveiletreforme.adventiste.re\/?p=622"},"modified":"2013-02-02T16:23:13","modified_gmt":"2013-02-02T12:23:13","slug":"introduction-2","status":"publish","type":"post","link":"http:\/\/reveiletreforme.adventiste.re\/?p=622","title":{"rendered":"Introduction"},"content":{"rendered":"<p style=\"text-align: justify;\"><a href=\"http:\/\/reveiletreforme.adventiste.re\/wp-content\/uploads\/2013\/02\/banner1.png\"><img loading=\"lazy\" decoding=\"async\" class=\"alignnone size-full wp-image-656\" alt=\"banner\" src=\"http:\/\/reveiletreforme.adventiste.re\/wp-content\/uploads\/2013\/02\/banner1.png\" width=\"620\" height=\"250\" \/><\/a><\/p>\n<p style=\"text-align: justify;\">Les Adventistes du Septi\u00e8me Jour croient en l\u2019importance de la famille. Nous consid\u00e9rons la famille comme la cellule de base de la soci\u00e9t\u00e9, l\u00e0 o\u00f9 le comportement social et les valeurs spirituelles se construisent, s\u2019interpr\u00e8tent et se transmettent d\u2019une g\u00e9n\u00e9ration \u00e0 l\u2019autre. Les liens affectifs qui unissent les familles cr\u00e9ent un attachement extr\u00eamement important qui nous influence, souvent pour le reste de notre vie.<\/p>\n<p style=\"text-align: justify;\">Les chercheurs en science sociale consid\u00e8rent le mariage comme la pierre angulaire de la famille. Ils pensent qu\u2019il est difficile de d\u00e9velopper un environnement familial heureux et s\u00e9curis\u00e9 quand la relation conjugale n\u2019est pas stable et dynamique. Si un couple ne s\u2019engage pas dans leur mariage, alors ce manque brisera in\u00e9vitablement leur famille et contribuera aux probl\u00e8mes au sein de celle-ci.<\/p>\n<p style=\"text-align: justify;\">Quand Dieu cr\u00e9a et c\u00e9l\u00e9bra le premier mariage (<a href=\"http:\/\/www.bibleserver.com\/text\/S21\/Gen%C3%A8se1\" class=\"bibleserver extern\" target=\"_blank\">Gn. 1<\/a>, 2), Son intention \u00e9tait de nous rendre capable de donner et de recevoir l\u2019amour afin de nous inspirer et de nous permettre de construire des relations interpersonnelles de grande qualit\u00e9 avec l\u2019autre. Tous les \u00eatres humains aspirent \u00e0 l\u2019amour et \u00e0 l\u2019intimit\u00e9. C\u2019est en donnant et en recevant l\u2019amour que nous grandissons dans notre compr\u00e9hension de l\u2019autre et dans une plus grande exp\u00e9rience de proximit\u00e9 et de confiance.<\/p>\n","protected":false},"excerpt":{"rendered":"<p>Les Adventistes du Septi\u00e8me Jour croient en l\u2019importance de la famille. Nous consid\u00e9rons la famille comme la cellule de base de la soci\u00e9t\u00e9, l\u00e0 o\u00f9 le comportement social et les valeurs spirituelles se construisent, s\u2019interpr\u00e8tent et se transmettent d\u2019une g\u00e9n\u00e9ration \u00e0 l\u2019autre. Les liens affectifs qui unissent les familles cr\u00e9ent un attachement extr\u00eamement important qui [&hellip;]<\/p>\n","protected":false},"author":1,"featured_media":0,"comment_status":"open","ping_status":"open","sticky":false,"template":"","format":"standard","meta":{"_exactmetrics_skip_tracking":false,"_exactmetrics_sitenote_active":false,"_exactmetrics_sitenote_note":"","_exactmetrics_sitenote_category":0,"footnotes":""},"categories":[6],"tags":[],"_links":{"self":[{"href":"http:\/\/reveiletreforme.adventiste.re\/index.php?rest_route=\/wp\/v2\/posts\/622"}],"collection":[{"href":"http:\/\/reveiletreforme.adventiste.re\/index.php?rest_route=\/wp\/v2\/posts"}],"about":[{"href":"http:\/\/reveiletreforme.adventiste.re\/index.php?rest_route=\/wp\/v2\/types\/post"}],"author":[{"embeddable":true,"href":"http:\/\/reveiletreforme.adventiste.re\/index.php?rest_route=\/wp\/v2\/users\/1"}],"replies":[{"embeddable":true,"href":"http:\/\/reveiletreforme.adventiste.re\/index.php?rest_route=%2Fwp%2Fv2%2Fcomments&post=622"}],"version-history":[{"count":0,"href":"http:\/\/reveiletreforme.adventiste.re\/index.php?rest_route=\/wp\/v2\/posts\/622\/revisions"}],"wp:attachment":[{"href":"http:\/\/reveiletreforme.adventiste.re\/index.php?rest_route=%2Fwp%2Fv2%2Fmedia&parent=622"}],"wp:term":[{"taxonomy":"category","embeddable":true,"href":"http:\/\/reveiletreforme.adventiste.re\/index.php?rest_route=%2Fwp%2Fv2%2Fcategories&post=622"},{"taxonomy":"post_tag","embeddable":true,"href":"http:\/\/reveiletreforme.adventiste.re\/index.php?rest_route=%2Fwp%2Fv2%2Ftags&post=622"}],"curies":[{"name":"wp","href":"https:\/\/api.w.org\/{rel}","templated":true}]}}