{"id":7106,"date":"2017-10-25T00:23:04","date_gmt":"2017-10-24T20:23:04","guid":{"rendered":"http:\/\/reveiletreforme.adventiste.re\/?p=7106"},"modified":"2017-10-22T20:26:37","modified_gmt":"2017-10-22T16:26:37","slug":"vigile-matinale-25-octobre-2","status":"publish","type":"post","link":"http:\/\/reveiletreforme.adventiste.re\/?p=7106","title":{"rendered":"Vigile matinale 25 Octobre"},"content":{"rendered":"<p style=\"text-align: center;\"><strong>Porter le nom du P\u00e8re<\/strong><\/p>\n<p style=\"text-align: center;\"><strong>A cause de cela, je fl\u00e9chis les genoux devant le P\u00e8re, duquel tire son nom toute <\/strong><strong>famille dans les cieux et sur la terre, afin qu\u2019il vous donne, selon la richesse de sa gloire, d\u2019\u00eatre puissamment fortifi\u00e9s par son Esprit dans l\u2019homme int\u00e9rieur, en sorte que Christ habite dans vos c\u0153urs par la foi; afin qu\u2019\u00e9tant enracin\u00e9s et fond\u00e9s dans l\u2019amour, vous puissiez comprendre avec tous les saints quelle est la largeur, la longueur, la profondeur et la hauteur, et conna\u00eetre l\u2019amour de Christ, qui surpasse toute connaissance, en sorte que vous soyez remplis jusqu\u2019\u00e0 toute la pl\u00e9nitude de Dieu. ! <em>\u00c9ph\u00e9siens 3:14-20<\/em><\/strong><\/p>\n<p>Nous avons un P\u00e8re, un cr\u00e9ateur qui a un nom, un caract\u00e8re, une personnalit\u00e9, une image (voir Esa\u00efe 43 : 7). Ici, Dieu met son nom et sa gloire en parall\u00e8le et en \u00e9quivalence. Son but, c&rsquo;est que toutes les familles dans les cieux et sur la terre portent son nom.<!--more--> Mais le p\u00e9ch\u00e9 est venu entacher, et m\u00eame d\u00e9truire tout cela. Ellen White \u00e9crit: <em>\u00ab\u00a0Je prie Dieu \u00e0 genoux pour que vous portiez \u00e0 nouveau le nom du P\u00e8re.\u00a0\u00bb<\/em> Saint-Paul dit qu&rsquo;il faut l&rsquo;action de l&rsquo;Esprit dans l&rsquo;homme int\u00e9rieur. Pas simplement des convictions doctrinales et eccl\u00e9siastiques, mais l&rsquo;Esprit agissant dans le coeur. C&rsquo;est \u00e0 dire un esprit qui influence et g\u00e9n\u00e8re des pens\u00e9es et des sentiments purs. Avec l&rsquo;Esprit, Christ vient habiter dans nos c\u0153urs. Quand Christ est dans nos c\u0153urs, on est alors enracin\u00e9 et fond\u00e9 dans l&rsquo;amour.<\/p>\n<p>Mais quelles sont les caract\u00e9ristiques et dimensions de cet amour ? Le texte dit : Large, long, profond et haut; d\u00e9passant toute connaissance humaine. C&rsquo;est l&rsquo;amour du Christ. Quelle est la finalit\u00e9 de cet amour en nous ? Nous remplir jusqu\u2019\u00e0 toute la pl\u00e9nitude de Dieu !<\/p>\n<p>O\u00f9 l&rsquo;amour de Dieu a-t-il \u00e9t\u00e9 pleinement et supr\u00eamement manifest\u00e9 ? D\u2019apr\u00e8s Jean 3:16, en Christ manifest\u00e9 en chair et offert pour porter les p\u00e9ch\u00e9s de plusieurs s\u2019est manifest\u00e9e la pl\u00e9nitude de la divinit\u00e9 : l&rsquo;Amour. Car en lui habite corporellement toute la pl\u00e9nitude de la divinit\u00e9. (Colossiens 2:9 LSG)<br \/>\n<em>\u00ab\u00a0On verra, \u00e0 la lumi\u00e8re du Calvaire, que la loi de l\u2019amour qui renonce \u00e0 soi-m\u00eame est la loi de la vie pour la terre et pour le ciel; que l\u2019amour qui \u201cne cherche pas son int\u00e9r\u00eat\u201d a sa source dans le c\u0153ur de Dieu; et qu\u2019en celui qui est doux et humble se manifeste le caract\u00e8re de celui qui habite une lumi\u00e8re dont aucun homme ne peut s\u2019approcher.\u00a0\u00bb<\/em> Ellen White, J\u00e9sus-Christ, p. 10.<\/p>\n<p>Si nous sommes chr\u00e9tiens, poss\u00e9dant l&rsquo;Esprit du Christ, voil\u00e0 l&rsquo;amour que l&rsquo;on devrait voir se manifester dans les familles, chez les individus et dans l&rsquo;\u00e9glise chr\u00e9tienne.<\/p>\n<p style=\"text-align: right;\">Fred NAVRER<\/p>\n","protected":false},"excerpt":{"rendered":"<p>Porter le nom du P\u00e8re A cause de cela, je fl\u00e9chis les genoux devant le P\u00e8re, duquel tire son nom toute famille dans les cieux et sur la terre, afin qu\u2019il vous donne, selon la richesse de sa gloire, d\u2019\u00eatre puissamment fortifi\u00e9s par son Esprit dans l\u2019homme int\u00e9rieur, en sorte que Christ habite dans vos [&hellip;]<\/p>\n","protected":false},"author":4,"featured_media":0,"comment_status":"open","ping_status":"open","sticky":false,"template":"","format":"standard","meta":{"_exactmetrics_skip_tracking":false,"_exactmetrics_sitenote_active":false,"_exactmetrics_sitenote_note":"","_exactmetrics_sitenote_category":0,"footnotes":""},"categories":[15],"tags":[],"_links":{"self":[{"href":"http:\/\/reveiletreforme.adventiste.re\/index.php?rest_route=\/wp\/v2\/posts\/7106"}],"collection":[{"href":"http:\/\/reveiletreforme.adventiste.re\/index.php?rest_route=\/wp\/v2\/posts"}],"about":[{"href":"http:\/\/reveiletreforme.adventiste.re\/index.php?rest_route=\/wp\/v2\/types\/post"}],"author":[{"embeddable":true,"href":"http:\/\/reveiletreforme.adventiste.re\/index.php?rest_route=\/wp\/v2\/users\/4"}],"replies":[{"embeddable":true,"href":"http:\/\/reveiletreforme.adventiste.re\/index.php?rest_route=%2Fwp%2Fv2%2Fcomments&post=7106"}],"version-history":[{"count":3,"href":"http:\/\/reveiletreforme.adventiste.re\/index.php?rest_route=\/wp\/v2\/posts\/7106\/revisions"}],"predecessor-version":[{"id":7109,"href":"http:\/\/reveiletreforme.adventiste.re\/index.php?rest_route=\/wp\/v2\/posts\/7106\/revisions\/7109"}],"wp:attachment":[{"href":"http:\/\/reveiletreforme.adventiste.re\/index.php?rest_route=%2Fwp%2Fv2%2Fmedia&parent=7106"}],"wp:term":[{"taxonomy":"category","embeddable":true,"href":"http:\/\/reveiletreforme.adventiste.re\/index.php?rest_route=%2Fwp%2Fv2%2Fcategories&post=7106"},{"taxonomy":"post_tag","embeddable":true,"href":"http:\/\/reveiletreforme.adventiste.re\/index.php?rest_route=%2Fwp%2Fv2%2Ftags&post=7106"}],"curies":[{"name":"wp","href":"https:\/\/api.w.org\/{rel}","templated":true}]}}