{"id":7601,"date":"2018-01-31T00:18:00","date_gmt":"2018-01-30T20:18:00","guid":{"rendered":"http:\/\/reveiletreforme.adventiste.re\/?p=7601"},"modified":"2018-01-28T11:56:41","modified_gmt":"2018-01-28T07:56:41","slug":"vigile-matinale-31-janvier-2","status":"publish","type":"post","link":"http:\/\/reveiletreforme.adventiste.re\/?p=7601","title":{"rendered":"Vigile matinale 31 janvier"},"content":{"rendered":"<p style=\"text-align: center;\"><strong>Des dons pour le service<\/strong><\/p>\n<p style=\"text-align: center;\"><strong>\u00ab Il y a diversit\u00e9 de dons de la gr\u00e2ce, mais c\u2019est le m\u00eame Esprit ; diversit\u00e9 de minist\u00e8res, mais c\u2019est le m\u00eame Seigneur ; diversit\u00e9 de modes d\u2019action, mais c\u2019est le m\u00eame Dieu qui, en tous, met tout en \u0153uvre. A chacun est donn\u00e9e la manifestation de l\u2019Esprit en vue du bien de tous. \u00bb<em> 1 Corinthiens 12. 4-7<\/em><\/strong><\/p>\n<p>Quand vous plantez un arbre, vous ne pr\u00e9voyez pas d\u2019\u00eatre le seul \u00e0 en manger les fruits. Il est rare que quelqu\u2019un pense \u00e0 agir de la sorte. Il y a plut\u00f4t l\u2019id\u00e9e de partage, en vue de faire b\u00e9n\u00e9ficier ceux qui sont autour de vous. D\u2019ailleurs, c\u2019est toujours une joie de faire appr\u00e9cier les fruits d\u2019un arbre qu\u2019on a soi-m\u00eame plant\u00e9, cultiv\u00e9 et soign\u00e9.<\/p>\n<p><!--more-->Dieu a institu\u00e9 l\u2019\u00c9glise et il veut que tous ceux qui en font partie deviennent des relais de la gr\u00e2ce. En d\u2018autres termes, il s\u2019attend \u00e0 voir chacun de ses disciples, chaque membre de son \u00c9glise se comporter en serviteur pour le bien de tous. Chacun est appel\u00e9 \u00e0 produire des fruits de la gr\u00e2ce, des fruits qui refl\u00e8tent l\u2019action transformatrice et r\u00e9demptrice de l\u2019Esprit dans nos vies.<\/p>\n<p>S\u2019il y a diversit\u00e9 de dons, c\u2019est qu\u2019il y a diversit\u00e9 d\u2019actions. Cela sous-entend qu\u2019il y a de la place pour la diversit\u00e9 et pour la diff\u00e9rence en termes de personnalit\u00e9s, de niveaux de formation, d\u2019\u00e9ducation. Mais toutes ces diff\u00e9rences, loin de s\u00e9parer les individus, sont prises en main par l\u2019Esprit qui les organise en vue du bien de tous.<\/p>\n<p>Connaissez-vous votre don, voire vos dons ? Si vous \u00eates au clair sur votre don principal, l\u2019exercez-vous de mani\u00e8re optimale ? Si c\u2019est le cas, je prie pour que le Seigneur continue de vous inspirer et vous permette de d\u00e9couvrir d\u2019autres joies que celles qu\u2019il vous a d\u00e9j\u00e0 accord\u00e9es dans le service. Si vous ne l\u2019utilisez pas pleinement, demandez \u00e0 l\u2019Esprit de vous aider \u00e0 d\u00e9velopper un esprit confiant et efficace. Plus vous servez le Seigneur au sein de votre communaut\u00e9 de foi, plus vous verrez les effets de sa gr\u00e2ce dans votre propre vie et ceux qui sont autour de vous en b\u00e9n\u00e9ficieront.<\/p>\n<p><em>Pri\u00e8re du jour :<\/em> \u00ab Seigneur ! J\u2019ai besoin de ton amour et de ta puissance pour \u00eatre utile \u00e0 ta cause. Tu demandes \u00e0 chacun de tes enfants de se laisser guider par l\u2019Esprit afin que notre minist\u00e8re porte des fruits pour le bien de tous. Que ta volont\u00e9 s\u2019accomplisse dans nos vies. Amen ! \u00bb<\/p>\n","protected":false},"excerpt":{"rendered":"<p>Des dons pour le service \u00ab Il y a diversit\u00e9 de dons de la gr\u00e2ce, mais c\u2019est le m\u00eame Esprit ; diversit\u00e9 de minist\u00e8res, mais c\u2019est le m\u00eame Seigneur ; diversit\u00e9 de modes d\u2019action, mais c\u2019est le m\u00eame Dieu qui, en tous, met tout en \u0153uvre. A chacun est donn\u00e9e la manifestation de l\u2019Esprit en [&hellip;]<\/p>\n","protected":false},"author":4,"featured_media":0,"comment_status":"open","ping_status":"open","sticky":false,"template":"","format":"standard","meta":{"_exactmetrics_skip_tracking":false,"_exactmetrics_sitenote_active":false,"_exactmetrics_sitenote_note":"","_exactmetrics_sitenote_category":0,"footnotes":""},"categories":[15],"tags":[],"_links":{"self":[{"href":"http:\/\/reveiletreforme.adventiste.re\/index.php?rest_route=\/wp\/v2\/posts\/7601"}],"collection":[{"href":"http:\/\/reveiletreforme.adventiste.re\/index.php?rest_route=\/wp\/v2\/posts"}],"about":[{"href":"http:\/\/reveiletreforme.adventiste.re\/index.php?rest_route=\/wp\/v2\/types\/post"}],"author":[{"embeddable":true,"href":"http:\/\/reveiletreforme.adventiste.re\/index.php?rest_route=\/wp\/v2\/users\/4"}],"replies":[{"embeddable":true,"href":"http:\/\/reveiletreforme.adventiste.re\/index.php?rest_route=%2Fwp%2Fv2%2Fcomments&post=7601"}],"version-history":[{"count":2,"href":"http:\/\/reveiletreforme.adventiste.re\/index.php?rest_route=\/wp\/v2\/posts\/7601\/revisions"}],"predecessor-version":[{"id":7604,"href":"http:\/\/reveiletreforme.adventiste.re\/index.php?rest_route=\/wp\/v2\/posts\/7601\/revisions\/7604"}],"wp:attachment":[{"href":"http:\/\/reveiletreforme.adventiste.re\/index.php?rest_route=%2Fwp%2Fv2%2Fmedia&parent=7601"}],"wp:term":[{"taxonomy":"category","embeddable":true,"href":"http:\/\/reveiletreforme.adventiste.re\/index.php?rest_route=%2Fwp%2Fv2%2Fcategories&post=7601"},{"taxonomy":"post_tag","embeddable":true,"href":"http:\/\/reveiletreforme.adventiste.re\/index.php?rest_route=%2Fwp%2Fv2%2Ftags&post=7601"}],"curies":[{"name":"wp","href":"https:\/\/api.w.org\/{rel}","templated":true}]}}