{"id":7613,"date":"2018-02-03T00:25:15","date_gmt":"2018-02-02T20:25:15","guid":{"rendered":"http:\/\/reveiletreforme.adventiste.re\/?p=7613"},"modified":"2018-01-28T12:28:25","modified_gmt":"2018-01-28T08:28:25","slug":"vigile-matinale-03-fevrier-3","status":"publish","type":"post","link":"http:\/\/reveiletreforme.adventiste.re\/?p=7613","title":{"rendered":"Vigile matinale 03 F\u00e9vrier"},"content":{"rendered":"<p style=\"text-align: center;\"><strong>Aimons-nous J\u00e9sus ?<\/strong><\/p>\n<p style=\"text-align: center;\"><strong>\u00ab Il lui demanda : Simon, fils de Jonas, m\u2019aimes-tu plus que ne m\u2019aiment ceux-ci ? \u00bb <em>Jean 21.16<\/em><\/strong><\/p>\n<p>Cette question, qui se trouve dans l\u2019entretien ultime de J\u00e9sus avec Pierre, son disciple \u00e0 forte personnalit\u00e9, est particuli\u00e8rement pertinente, puisqu\u2019elle nous concerne aussi.<\/p>\n<p><!--more-->Quand J\u00e9sus lui demande : <em>\u00ab Simon, fils de Jonas, m\u2019aimes-tu ? \u00bb<\/em>, J\u00e9sus utilise le verbe agapa\u00f4, mais Simon Pierre r\u00e9pond en employant le verbe phile\u00f4. Dans les deux premi\u00e8res questions, J\u00e9sus marque la diff\u00e9rence dans l\u2019emploi du verbe \u00ab aimer \u00bb, mais puisque Simon persiste (consciemment ou inconsciemment) dans l\u2019utilisation de phile\u00f4, J\u00e9sus finit par l\u2019employer \u00e0 son tour. Je pense qu\u2019il le fait parce que le disciple ne peut se situer au niveau de la question mais plut\u00f4t de la r\u00e9ponse : Pierre ne peut r\u00e9ellement r\u00e9pondre au verbe agapa\u00f4. Il se limite au verbe phile\u00f4.<\/p>\n<p>Ainsi, quand J\u00e9sus demande \u00e0 Pierre s\u2019il l\u2019aime, il est probable que le terme paraisse trop th\u00e9orique, froid, inaccessible, comme si J\u00e9sus cherche \u00e0 mettre une barri\u00e8re entre son disciple et lui-m\u00eame. Ce serait comme un \u00e9tudiant face \u00e0 un professeur dont le discours est compr\u00e9hensible mais reste \u00e0 un niveau que ne veut pas n\u00e9cessairement son interlocuteur. En cela, Pierre para\u00eet honn\u00eate et nous ne pouvons douter de son amour pour J\u00e9sus, mais il ne l\u2019exprime pas sur le mode ou le registre o\u00f9 le Christ l\u2019a interrog\u00e9. Ne tirons pas de conclusion h\u00e2tive sur l\u2019attitude de Pierre, car elle pourrait aussi bien \u00eatre la n\u00f4tre.<\/p>\n<p>Savons-nous vraiment aimer ? C\u2019est la question fondamentale mais aussi la plus personnelle. Il est probable que nous \u00e9prouvions des sentiments tr\u00e8s forts lorsque nous pensons \u00e0 Dieu ou lorsque nous le prions. Mais pouvons-nous r\u00e9ellement dire que nous aimons Dieu, que nous aimons J\u00e9sus ou le Saint-Esprit ? Quelle r\u00e9ponse donner \u00e0 cette question \u00ab miroir \u00bb de notre exp\u00e9rience spirituelle ?<\/p>\n<p><em>Pri\u00e8re du jour :<\/em> \u00ab Seigneur ! Tu nous demandes de passer d\u2019une simple amiti\u00e9 au v\u00e9ritable amour, celui qui est le reflet de ta pr\u00e9sence et de ta volont\u00e9 dans notre vie. Gu\u00e9ris-nous de nos lacunes et accompagne-nous dans nos victoires en ton nom. Amen ! \u00bb<\/p>\n","protected":false},"excerpt":{"rendered":"<p>Aimons-nous J\u00e9sus ? \u00ab Il lui demanda : Simon, fils de Jonas, m\u2019aimes-tu plus que ne m\u2019aiment ceux-ci ? \u00bb Jean 21.16 Cette question, qui se trouve dans l\u2019entretien ultime de J\u00e9sus avec Pierre, son disciple \u00e0 forte personnalit\u00e9, est particuli\u00e8rement pertinente, puisqu\u2019elle nous concerne aussi.<\/p>\n","protected":false},"author":4,"featured_media":0,"comment_status":"open","ping_status":"open","sticky":false,"template":"","format":"standard","meta":{"_exactmetrics_skip_tracking":false,"_exactmetrics_sitenote_active":false,"_exactmetrics_sitenote_note":"","_exactmetrics_sitenote_category":0,"footnotes":""},"categories":[15],"tags":[],"_links":{"self":[{"href":"http:\/\/reveiletreforme.adventiste.re\/index.php?rest_route=\/wp\/v2\/posts\/7613"}],"collection":[{"href":"http:\/\/reveiletreforme.adventiste.re\/index.php?rest_route=\/wp\/v2\/posts"}],"about":[{"href":"http:\/\/reveiletreforme.adventiste.re\/index.php?rest_route=\/wp\/v2\/types\/post"}],"author":[{"embeddable":true,"href":"http:\/\/reveiletreforme.adventiste.re\/index.php?rest_route=\/wp\/v2\/users\/4"}],"replies":[{"embeddable":true,"href":"http:\/\/reveiletreforme.adventiste.re\/index.php?rest_route=%2Fwp%2Fv2%2Fcomments&post=7613"}],"version-history":[{"count":3,"href":"http:\/\/reveiletreforme.adventiste.re\/index.php?rest_route=\/wp\/v2\/posts\/7613\/revisions"}],"predecessor-version":[{"id":7616,"href":"http:\/\/reveiletreforme.adventiste.re\/index.php?rest_route=\/wp\/v2\/posts\/7613\/revisions\/7616"}],"wp:attachment":[{"href":"http:\/\/reveiletreforme.adventiste.re\/index.php?rest_route=%2Fwp%2Fv2%2Fmedia&parent=7613"}],"wp:term":[{"taxonomy":"category","embeddable":true,"href":"http:\/\/reveiletreforme.adventiste.re\/index.php?rest_route=%2Fwp%2Fv2%2Fcategories&post=7613"},{"taxonomy":"post_tag","embeddable":true,"href":"http:\/\/reveiletreforme.adventiste.re\/index.php?rest_route=%2Fwp%2Fv2%2Ftags&post=7613"}],"curies":[{"name":"wp","href":"https:\/\/api.w.org\/{rel}","templated":true}]}}