{"id":7979,"date":"2018-04-28T00:47:31","date_gmt":"2018-04-27T20:47:31","guid":{"rendered":"http:\/\/reveiletreforme.adventiste.re\/?p=7979"},"modified":"2018-04-22T10:52:14","modified_gmt":"2018-04-22T06:52:14","slug":"vigile-matinale-28-avril-3","status":"publish","type":"post","link":"http:\/\/reveiletreforme.adventiste.re\/?p=7979","title":{"rendered":"Vigile matinale 28 Avril"},"content":{"rendered":"<p style=\"text-align: center;\"><strong>Un nouvel \u00e2ge<\/strong><\/p>\n<p style=\"text-align: center;\"><strong>\u00ab Alors je vis un ciel nouveau et une terre nouvelle, car le premier ciel et la Premi\u00e8re terre ont disparu et la mer n\u2019est plus. <em>\u00ab Apocalypse 21.1<\/em><\/strong><\/p>\n<p>A chaque \u00e9ch\u00e9ance \u00e9lectorale, les candidats viennent nous promettre de r\u00e9volutionner les choses, de changer toujours en bien !<\/p>\n<p><!--more-->Le seul qui puisse vraiment refaire le monde, c\u2019est Dieu. Seul le Cr\u00e9ateur peut recr\u00e9er ! L\u2019esp\u00e9rance de l\u2019\u00c9glise est un encouragement permanent \u00e0 croire que Dieu tournera un jour la page sombre de l\u2019histoire de notre plan\u00e8te. Une histoire touch\u00e9e par le mal, le p\u00e9ch\u00e9, la souffrance et la mort.<\/p>\n<p>Dans l\u2019Ancien Testament d\u00e9j\u00e0, les proph\u00e8tes annon\u00e7aient la restauration finale, la mise en place d\u2019une nouvelle \u00e8re pour l\u2019humanit\u00e9 (\u00c9sa\u00efe 65.17). La promesse de nouveaux cieux et d\u2019une nouvelle terre est cruciale pour tous ceux qui s\u2019interrogent sur l\u2019issue de la condition humaine. Pour que personne ne soit troubl\u00e9 et pessimiste sur le sort de l\u2019homme, Dieu dit qu\u2019il va renouveler la cr\u00e9ation, qu\u2019il va donner un environnement nouveau, non pollu\u00e9 par le p\u00e9ch\u00e9 et ses cons\u00e9quences.<\/p>\n<p>Cette parole essentielle est confirm\u00e9e dans le Nouveau Testament et J\u00e9sus communique \u00e0 son \u00c9glise le m\u00eame projet de renouvellement de toutes choses.<\/p>\n<p>Dans la suite du verset du jour, l\u2019ap\u00f4tre Jean t\u00e9moigne de la vision finale : <em>\u00ab Et la cit\u00e9 sainte, la J\u00e9rusalem nouvelle, je la vis qui descendait du ciel, d\u2019aupr\u00e8s de Dieu, comme une \u00e9pouse qui s\u2019est par\u00e9e pour son \u00e9poux. Et j\u2019entendis, venant du tr\u00f4ne, une voix forte qui disait : Voici la demeure de Dieu avec les hommes. Il demeurera avec eux. Ils seront ses peuples et lui sera le Dieu qui est avec eux. Il essuiera toute larme de leurs yeux, La mort ne sera plus. Il n\u2019y aura plus ni deuil, ni cri, ni souffrance, car le monde ancien a disparu. Et celui qui si\u00e8ge sur le tr\u00f4ne dit : Voici, je fais toutes choses nouvelles. Puis il dit : \u00c9cris : Ces paroles sont certaines et v\u00e9ridiques \u00bb<\/em>. (Apocalypse 21.2-5)<\/p>\n<p>N\u2019est-ce pas merveilleux de recevoir la confirmation d\u2019une telle promesse ?<\/p>\n<p>N\u2019est-ce pas encourageant de savoir que le vrai changement durable (\u00e9cologique, social, moral) ne peut venir que du Seigneur ! Lisez les promesses divines dans la Bible, soulignez-les, si ce n\u2019est d\u00e9j\u00e0 fait et pendant la journ\u00e9e, essayez de les citer de m\u00e9moire.<\/p>\n<p><em>Pri\u00e8re du jour :<\/em> \u00ab Seigneur, j\u2019attends, selon TA promesse, de nouveaux cieux et surtout une nouvelle terre. Viens bient\u00f4t ! Amen ! \u00bb<\/p>\n","protected":false},"excerpt":{"rendered":"<p>Un nouvel \u00e2ge \u00ab Alors je vis un ciel nouveau et une terre nouvelle, car le premier ciel et la Premi\u00e8re terre ont disparu et la mer n\u2019est plus. \u00ab Apocalypse 21.1 A chaque \u00e9ch\u00e9ance \u00e9lectorale, les candidats viennent nous promettre de r\u00e9volutionner les choses, de changer toujours en bien !<\/p>\n","protected":false},"author":4,"featured_media":0,"comment_status":"open","ping_status":"open","sticky":false,"template":"","format":"standard","meta":{"_exactmetrics_skip_tracking":false,"_exactmetrics_sitenote_active":false,"_exactmetrics_sitenote_note":"","_exactmetrics_sitenote_category":0,"footnotes":""},"categories":[15],"tags":[],"_links":{"self":[{"href":"http:\/\/reveiletreforme.adventiste.re\/index.php?rest_route=\/wp\/v2\/posts\/7979"}],"collection":[{"href":"http:\/\/reveiletreforme.adventiste.re\/index.php?rest_route=\/wp\/v2\/posts"}],"about":[{"href":"http:\/\/reveiletreforme.adventiste.re\/index.php?rest_route=\/wp\/v2\/types\/post"}],"author":[{"embeddable":true,"href":"http:\/\/reveiletreforme.adventiste.re\/index.php?rest_route=\/wp\/v2\/users\/4"}],"replies":[{"embeddable":true,"href":"http:\/\/reveiletreforme.adventiste.re\/index.php?rest_route=%2Fwp%2Fv2%2Fcomments&post=7979"}],"version-history":[{"count":3,"href":"http:\/\/reveiletreforme.adventiste.re\/index.php?rest_route=\/wp\/v2\/posts\/7979\/revisions"}],"predecessor-version":[{"id":7982,"href":"http:\/\/reveiletreforme.adventiste.re\/index.php?rest_route=\/wp\/v2\/posts\/7979\/revisions\/7982"}],"wp:attachment":[{"href":"http:\/\/reveiletreforme.adventiste.re\/index.php?rest_route=%2Fwp%2Fv2%2Fmedia&parent=7979"}],"wp:term":[{"taxonomy":"category","embeddable":true,"href":"http:\/\/reveiletreforme.adventiste.re\/index.php?rest_route=%2Fwp%2Fv2%2Fcategories&post=7979"},{"taxonomy":"post_tag","embeddable":true,"href":"http:\/\/reveiletreforme.adventiste.re\/index.php?rest_route=%2Fwp%2Fv2%2Ftags&post=7979"}],"curies":[{"name":"wp","href":"https:\/\/api.w.org\/{rel}","templated":true}]}}