{"id":7989,"date":"2018-04-30T00:57:05","date_gmt":"2018-04-29T20:57:05","guid":{"rendered":"http:\/\/reveiletreforme.adventiste.re\/?p=7989"},"modified":"2018-04-22T10:59:31","modified_gmt":"2018-04-22T06:59:31","slug":"vigile-matinale-30-avril-3","status":"publish","type":"post","link":"http:\/\/reveiletreforme.adventiste.re\/?p=7989","title":{"rendered":"Vigile matinale 30 Avril"},"content":{"rendered":"<p style=\"text-align: center;\"><strong>Des raisons qui confirment la promesse<\/strong><\/p>\n<p style=\"text-align: center;\"><strong>\u00ab Chantez \u00e0 l\u2019\u00c9ternel, b\u00e9nissez son nom,<\/strong><br \/>\n<strong>Annoncez de jour en jour son salut ! \u00bb <em>Psaume 96.2<\/em><\/strong><\/p>\n<p>La vraie paix sera pleinement v\u00e9cue au retour de J\u00e9sus !<\/p>\n<p><!--more-->J\u00e9sus en parle et fait \u00e9cho \u00e0 l\u2019Ancien Testament o\u00f9 les proph\u00e8tes sont nombreux \u00e0 anticiper <em>\u00ab le jour de l\u2019\u00c9ternel \u00bb<\/em>. Diff\u00e9rents proph\u00e8tes en font \u00e9tat mais retenons ici quelques r\u00e9f\u00e9rences proph\u00e9tiques : \u00c9sa\u00efe, Daniel, Amos, Mich\u00e9e. Par ailleurs, il est int\u00e9ressant d\u2019\u00e9tudier le chapitre 2 du livre du proph\u00e8te Daniel, ce qui permet de comprendre que l\u2019histoire de l\u2019humanit\u00e9 trouve son sens ultime dans le retour de J\u00e9sus. Apr\u00e8s les grandes civilisations qui ont marqu\u00e9 l\u2019histoire (Babylone, M\u00e9do-Persan, Gr\u00e8ce, Rome et les nations occidentales issues de l\u2019empire romain) un royaume s\u2019installera et durera pour l\u2019\u00e9ternit\u00e9. La Bible fait de ce retour le point culminant de l\u2019exp\u00e9rience chr\u00e9tienne. La foi repose sur des \u00e9v\u00e9nements pass\u00e9s certes mais devient esp\u00e9rance lorsqu\u2019elle permet au croyant d\u2019entendre et d\u2019accepter une Parole qui le projette dans le futur.<\/p>\n<p>Pour croire en la n\u00e9cessit\u00e9 de ce retour, il est important de regarder attentivement les \u00e9v\u00e9nements qui ont lieu sur notre terre. Les temps de d\u00e9tresse annonc\u00e9s par J\u00e9sus ne donnent pas une image int\u00e9ressante des derniers jours de notre plan\u00e8te (Matthieu 24. 3-37). Cette p\u00e9riode est d\u00e9j\u00e0 l\u00e0 et il n\u2019y a aucun doute qu\u2019elle refl\u00e8te pleinement ce que J\u00e9sus a annonc\u00e9. Les pays riches et d\u00e9velopp\u00e9s, ceux-l\u00e0 m\u00eames qui ont la pr\u00e9tention de vouloir conduire le monde, sont min\u00e9s de l\u2019int\u00e9rieur par la pr\u00e9carit\u00e9, les menaces inh\u00e9rentes aux sp\u00e9culations boursi\u00e8res, les in\u00e9galit\u00e9s, la violence urbaine, les trafics de toutes sortes, le crime organis\u00e9, la violence sexuelle, la maltraitance d\u2019enfants, la perte des rep\u00e8res et m\u00eame la fragilit\u00e9 des familles.<\/p>\n<p>Les \u00c9critures annoncent clairement le retour de J\u00e9sus ! Quelqu\u2019un dirait-il autre chose ?<\/p>\n<p>N\u2019oubliez pas : la vraie paix s\u2019installera vraiment au retour de notre Seigneur.<\/p>\n<p><em>Pri\u00e8re du jour :<\/em> \u00ab Seigneur, rends-nous attentifs aux promesses et aux \u00e9v\u00e9nements qui les confirment. Nous voulons voir J\u00e9sus revenir. Amen ! \u00bb<\/p>\n","protected":false},"excerpt":{"rendered":"<p>Des raisons qui confirment la promesse \u00ab Chantez \u00e0 l\u2019\u00c9ternel, b\u00e9nissez son nom, Annoncez de jour en jour son salut ! \u00bb Psaume 96.2 La vraie paix sera pleinement v\u00e9cue au retour de J\u00e9sus !<\/p>\n","protected":false},"author":4,"featured_media":0,"comment_status":"open","ping_status":"open","sticky":false,"template":"","format":"standard","meta":{"_exactmetrics_skip_tracking":false,"_exactmetrics_sitenote_active":false,"_exactmetrics_sitenote_note":"","_exactmetrics_sitenote_category":0,"footnotes":""},"categories":[15],"tags":[],"_links":{"self":[{"href":"http:\/\/reveiletreforme.adventiste.re\/index.php?rest_route=\/wp\/v2\/posts\/7989"}],"collection":[{"href":"http:\/\/reveiletreforme.adventiste.re\/index.php?rest_route=\/wp\/v2\/posts"}],"about":[{"href":"http:\/\/reveiletreforme.adventiste.re\/index.php?rest_route=\/wp\/v2\/types\/post"}],"author":[{"embeddable":true,"href":"http:\/\/reveiletreforme.adventiste.re\/index.php?rest_route=\/wp\/v2\/users\/4"}],"replies":[{"embeddable":true,"href":"http:\/\/reveiletreforme.adventiste.re\/index.php?rest_route=%2Fwp%2Fv2%2Fcomments&post=7989"}],"version-history":[{"count":3,"href":"http:\/\/reveiletreforme.adventiste.re\/index.php?rest_route=\/wp\/v2\/posts\/7989\/revisions"}],"predecessor-version":[{"id":7992,"href":"http:\/\/reveiletreforme.adventiste.re\/index.php?rest_route=\/wp\/v2\/posts\/7989\/revisions\/7992"}],"wp:attachment":[{"href":"http:\/\/reveiletreforme.adventiste.re\/index.php?rest_route=%2Fwp%2Fv2%2Fmedia&parent=7989"}],"wp:term":[{"taxonomy":"category","embeddable":true,"href":"http:\/\/reveiletreforme.adventiste.re\/index.php?rest_route=%2Fwp%2Fv2%2Fcategories&post=7989"},{"taxonomy":"post_tag","embeddable":true,"href":"http:\/\/reveiletreforme.adventiste.re\/index.php?rest_route=%2Fwp%2Fv2%2Ftags&post=7989"}],"curies":[{"name":"wp","href":"https:\/\/api.w.org\/{rel}","templated":true}]}}