{"id":8041,"date":"2018-05-11T00:31:01","date_gmt":"2018-05-10T20:31:01","guid":{"rendered":"http:\/\/reveiletreforme.adventiste.re\/?p=8041"},"modified":"2018-05-10T21:35:10","modified_gmt":"2018-05-10T17:35:10","slug":"vigile-matinale-11-mai-3","status":"publish","type":"post","link":"http:\/\/reveiletreforme.adventiste.re\/?p=8041","title":{"rendered":"Vigile matinale 11 mai"},"content":{"rendered":"<p style=\"text-align: center;\"><strong>Patience et eschatologie<\/strong><\/p>\n<p style=\"text-align: center;\"><strong>\u00ab Je suis enthousiaste, oui, enthousiasm\u00e9e, \u00e0 cause du Seigneur, mon \u00e2me exulte \u00e0 cause de mon Dieu, car il m\u2019a rev\u00eatue de l\u2019habit du salut, il m\u2019a drap\u00e9e dans le manteau de la justice, tel un fianc\u00e9 qui, comme un pr\u00eatre, porte diad\u00e8me, telle une promise qui se pare de ses atours. Oui, comme la terre fait sortir ses germes et un jardin germer ses semences, ainsi le Seigneur fera germer la justice et la louange face \u00e0 toutes les nations \u00bb. <em>\u00c9sa\u00efe 61.10-11<\/em><\/strong><\/p>\n<p>Si la conscience du salut g\u00e9n\u00e8re de la joie dans le c\u0153ur du croyant, il devient logique que l\u2018esp\u00e9rance aussi produise chez lui une joie qui se projette dans l\u2019avenir. Cela va de pair avec la patience. Vivant dans l\u2019attente des promesses finales port\u00e9es par la parole proph\u00e9tique, le disciple du Christ se situe patiemment dans la perspective d\u2019une fin heureuse et non dans l\u2019angoisse d\u2019une fin d\u00e9finitive et injuste de l\u2019histoire de l\u2019humanit\u00e9.<\/p>\n<p><!--more-->La patience est \u00e9voqu\u00e9e dans l\u2019exp\u00e9rience spirituelle car elle est pr\u00e9sent\u00e9e dans la Bible comme le signe caract\u00e9risant ceux qui attendent le monde \u00e0 venir.<\/p>\n<p>L\u2019Apocalypse en fait \u00e9tat lorsqu\u2019elle donne rendez-vous aux vivants devant le tr\u00f4ne de l\u2019agneau (19.7). Les rachet\u00e9s entonneront un chant de victoire, annonc\u00e9 comme le chant de Mo\u00efse et de l\u2019Agneau. C\u2019est le chant de d\u00e9livrance, de lib\u00e9ration du p\u00e9ch\u00e9 et de la menace de la mort, en d\u2019autres termes menace de la disparition de la famille humaine.<\/p>\n<p>La joie jaillit de la pr\u00e9sence proche et future du Seigneur, de l\u2019attente de la communion des rachet\u00e9s, de tous ces \u00eatres ayant accept\u00e9 la r\u00e9conciliation avec Dieu, invit\u00e9s \u00e0 participer aux oeuvres merveilleuses de Dieu, dans la contemplation de sa majest\u00e9 glorieuse. (Voir Jude 25 ; 1 Pierre 4.13)<\/p>\n<p>La patience dans l\u2019esp\u00e9rance se transformera un jour en joie pour tous les rachet\u00e9s. Les promesses de Dieu \u00e0 travers les pages de la Bible encouragent \u00e0 la patience et \u00e0 la pers\u00e9v\u00e9rance. Les croyants qui y souscrivent refl\u00e8teront cette tranche du fruit de l\u2019Esprit. C\u2019est sans doute le signe d\u2019un amour authentique et o\u00f9 s\u2019exprime la pl\u00e9nitude de la joie du salut.<\/p>\n<p><em>Pri\u00e8re du jour :<\/em> \u00ab Merci Seigneur, pour la patience que demande l\u2019esp\u00e9rance. Merci pour cette tranche du fruit de l\u2019Esprit. Que ton r\u00e8gne vienne vite et qu\u2019enfin nous soyons r\u00e9unis avec toi. Amen ! \u00bb<\/p>\n","protected":false},"excerpt":{"rendered":"<p>Patience et eschatologie \u00ab Je suis enthousiaste, oui, enthousiasm\u00e9e, \u00e0 cause du Seigneur, mon \u00e2me exulte \u00e0 cause de mon Dieu, car il m\u2019a rev\u00eatue de l\u2019habit du salut, il m\u2019a drap\u00e9e dans le manteau de la justice, tel un fianc\u00e9 qui, comme un pr\u00eatre, porte diad\u00e8me, telle une promise qui se pare de ses [&hellip;]<\/p>\n","protected":false},"author":4,"featured_media":0,"comment_status":"open","ping_status":"open","sticky":false,"template":"","format":"standard","meta":{"_exactmetrics_skip_tracking":false,"_exactmetrics_sitenote_active":false,"_exactmetrics_sitenote_note":"","_exactmetrics_sitenote_category":0,"footnotes":""},"categories":[15],"tags":[],"_links":{"self":[{"href":"http:\/\/reveiletreforme.adventiste.re\/index.php?rest_route=\/wp\/v2\/posts\/8041"}],"collection":[{"href":"http:\/\/reveiletreforme.adventiste.re\/index.php?rest_route=\/wp\/v2\/posts"}],"about":[{"href":"http:\/\/reveiletreforme.adventiste.re\/index.php?rest_route=\/wp\/v2\/types\/post"}],"author":[{"embeddable":true,"href":"http:\/\/reveiletreforme.adventiste.re\/index.php?rest_route=\/wp\/v2\/users\/4"}],"replies":[{"embeddable":true,"href":"http:\/\/reveiletreforme.adventiste.re\/index.php?rest_route=%2Fwp%2Fv2%2Fcomments&post=8041"}],"version-history":[{"count":3,"href":"http:\/\/reveiletreforme.adventiste.re\/index.php?rest_route=\/wp\/v2\/posts\/8041\/revisions"}],"predecessor-version":[{"id":8044,"href":"http:\/\/reveiletreforme.adventiste.re\/index.php?rest_route=\/wp\/v2\/posts\/8041\/revisions\/8044"}],"wp:attachment":[{"href":"http:\/\/reveiletreforme.adventiste.re\/index.php?rest_route=%2Fwp%2Fv2%2Fmedia&parent=8041"}],"wp:term":[{"taxonomy":"category","embeddable":true,"href":"http:\/\/reveiletreforme.adventiste.re\/index.php?rest_route=%2Fwp%2Fv2%2Fcategories&post=8041"},{"taxonomy":"post_tag","embeddable":true,"href":"http:\/\/reveiletreforme.adventiste.re\/index.php?rest_route=%2Fwp%2Fv2%2Ftags&post=8041"}],"curies":[{"name":"wp","href":"https:\/\/api.w.org\/{rel}","templated":true}]}}