{"id":8070,"date":"2018-05-19T00:55:41","date_gmt":"2018-05-18T20:55:41","guid":{"rendered":"http:\/\/reveiletreforme.adventiste.re\/?p=8070"},"modified":"2018-05-16T07:57:18","modified_gmt":"2018-05-16T03:57:18","slug":"vigile-matinale-19-mai-4","status":"publish","type":"post","link":"http:\/\/reveiletreforme.adventiste.re\/?p=8070","title":{"rendered":"Vigile matinale 19 mai"},"content":{"rendered":"<p style=\"text-align: center;\"><strong>Avancer en confiance<\/strong><\/p>\n<p style=\"text-align: center;\"><strong>\u00ab Je veux faire ta volont\u00e9, mon Dieu<\/strong><br \/>\n<strong>Et ta loi est au fond de mon c\u0153ur. \u00bb <em>Psaume 40.9<\/em><\/strong><\/p>\n<p>Le plus long des voyages commence toujours par un premier pas !<br \/>\nMarcher avec le Christ est la plus belle des exp\u00e9riences terrestres, d\u2019autant qu\u2019elle est la seule \u00e0 vocation \u00e9ternelle. Quand Dieu nous appelle au salut, il nous donne aussi la capacit\u00e9 d\u2019avancer. Non seulement il nous donne la foi mais il nous accompagne par son Esprit dans les diff\u00e9rentes exp\u00e9riences de foi qui ressemblent \u00e0 autant de chemins n\u00e9cessaires \u00e0 notre croissance spirituelle.<\/p>\n<p><!--more-->La foi vous dit d\u2019avancer parce que Dieu vous demande souvent d\u2019avancer en lui faisant confiance et patience, m\u00eame si vous ne tenez pas tous les param\u00e8tres de votre itin\u00e9raire. Quand vous prenez l\u2019avion, vous embarquez parce que vous avez votre billet en bonne et due forme et un passeport valide, avec l\u2019autorisation d\u2019aller l\u00e0 o\u00f9 indique votre destination finale. Vous ne demandez jamais \u00e0 voir le dipl\u00f4me du pilote et encore moins le certificat de navigation de l\u2019appareil. Vous y allez car vous croyez que toutes les conditions sont r\u00e9unies pour faciliter votre voyage. Ne croyez-vous pas que Dieu vous accompagne, m\u00eame si vous devez passer par plusieurs chemins, faire des allers-retours, faire demi-tour ou m\u00eame marquer une pause ? Tout cela indique que la foi est dynamique, jamais fig\u00e9e et qu\u2019il faut accepter la part d\u2019inconnue que seul le Seigneur ma\u00eetrise !<\/p>\n<p>J\u00e9sus est \u00ab le chemin \u00bb qui m\u00e8ne au P\u00e8re\u2026mais le cheminement avec lui est aussi divers et riche qu\u2019un diamant aux nombreuses facettes. L\u2019exp\u00e9rience spirituelle nous am\u00e8ne in\u00e9vitablement \u00e0 passer par plusieurs routes qui sont des t\u00e9moignages de vie, de v\u00e9rit\u00e9 et d\u2019esp\u00e9rance en Celui qui nous garantit la vie \u00e9ternelle. La vie chr\u00e9tienne n\u2019est pas quelque chose de th\u00e9orique ou de mystique.<\/p>\n<p>Ce cheminement n\u2019est pas de tout repos. Il y a parfois des \u00e9preuves, souvent m\u00eame pour certains mais Dieu nous demande de faire preuve de patience, de pers\u00e9v\u00e9rance et de ne pas baisser les bras d\u00e8s le premier contrecoup. Dieu veille sur nous : apprenons donc \u00e0 le laisser conduire \u00e0 son rythme, selon son temps \u2026<br \/>\n<em>Pri\u00e8re du jour<\/em> : \u00ab Fais ton \u0153uvre en moi, mon Dieu et que ta Parole m\u2019instruise jour apr\u00e8s jour. Amen ! \u00bb<\/p>\n","protected":false},"excerpt":{"rendered":"<p>Avancer en confiance \u00ab Je veux faire ta volont\u00e9, mon Dieu Et ta loi est au fond de mon c\u0153ur. \u00bb Psaume 40.9 Le plus long des voyages commence toujours par un premier pas ! Marcher avec le Christ est la plus belle des exp\u00e9riences terrestres, d\u2019autant qu\u2019elle est la seule \u00e0 vocation \u00e9ternelle. Quand [&hellip;]<\/p>\n","protected":false},"author":4,"featured_media":0,"comment_status":"open","ping_status":"open","sticky":false,"template":"","format":"standard","meta":{"_exactmetrics_skip_tracking":false,"_exactmetrics_sitenote_active":false,"_exactmetrics_sitenote_note":"","_exactmetrics_sitenote_category":0,"footnotes":""},"categories":[15],"tags":[],"_links":{"self":[{"href":"http:\/\/reveiletreforme.adventiste.re\/index.php?rest_route=\/wp\/v2\/posts\/8070"}],"collection":[{"href":"http:\/\/reveiletreforme.adventiste.re\/index.php?rest_route=\/wp\/v2\/posts"}],"about":[{"href":"http:\/\/reveiletreforme.adventiste.re\/index.php?rest_route=\/wp\/v2\/types\/post"}],"author":[{"embeddable":true,"href":"http:\/\/reveiletreforme.adventiste.re\/index.php?rest_route=\/wp\/v2\/users\/4"}],"replies":[{"embeddable":true,"href":"http:\/\/reveiletreforme.adventiste.re\/index.php?rest_route=%2Fwp%2Fv2%2Fcomments&post=8070"}],"version-history":[{"count":3,"href":"http:\/\/reveiletreforme.adventiste.re\/index.php?rest_route=\/wp\/v2\/posts\/8070\/revisions"}],"predecessor-version":[{"id":8073,"href":"http:\/\/reveiletreforme.adventiste.re\/index.php?rest_route=\/wp\/v2\/posts\/8070\/revisions\/8073"}],"wp:attachment":[{"href":"http:\/\/reveiletreforme.adventiste.re\/index.php?rest_route=%2Fwp%2Fv2%2Fmedia&parent=8070"}],"wp:term":[{"taxonomy":"category","embeddable":true,"href":"http:\/\/reveiletreforme.adventiste.re\/index.php?rest_route=%2Fwp%2Fv2%2Fcategories&post=8070"},{"taxonomy":"post_tag","embeddable":true,"href":"http:\/\/reveiletreforme.adventiste.re\/index.php?rest_route=%2Fwp%2Fv2%2Ftags&post=8070"}],"curies":[{"name":"wp","href":"https:\/\/api.w.org\/{rel}","templated":true}]}}