{"id":8098,"date":"2018-05-26T00:32:33","date_gmt":"2018-05-25T20:32:33","guid":{"rendered":"http:\/\/reveiletreforme.adventiste.re\/?p=8098"},"modified":"2018-05-20T09:38:05","modified_gmt":"2018-05-20T05:38:05","slug":"vigile-matinale-26-mai-3","status":"publish","type":"post","link":"http:\/\/reveiletreforme.adventiste.re\/?p=8098","title":{"rendered":"Vigile matinale 26 mai"},"content":{"rendered":"<p style=\"text-align: center;\"><strong>La patience de la foi<\/strong><\/p>\n<p style=\"text-align: center;\"><strong>\u00ab L\u2019\u00c9ternel est mon berger : je ne manquerai de rien.<\/strong><br \/>\n<strong>Il me fait reposer dans de verts p\u00e2turages, Il me dirige pr\u00e8s des eaux paisibles.<\/strong><br \/>\n<strong>Il restaure mon \u00e2me, Il me conduit dans les sentiers de la justice, A cause de son nom. \u00bb <em>Psaume 23.1-3<\/em><\/strong><\/p>\n<p>Qu\u2019est-ce que la foi sinon la capacit\u00e9 de d\u00e9passer le r\u00e9el, sans le nier, sans le m\u00e9priser ? D\u00e9passer le r\u00e9el tout en l\u2019assumant, \u00e0 l\u2019image du Christ. Une telle foi apprend \u00e0 lui faire confiance, \u00e0 s\u2019appuyer sur lui car J\u00e9sus, en venant dans ce monde, n\u2019a pas ni\u00e9 ou m\u00e9pris\u00e9 le r\u00e9el, il l\u2019a assum\u00e9 pour mieux nous comprendre, pour mieux nous sauver.<\/p>\n<p><!--more-->Nous venons d\u2019horizons divers mais nous avons la m\u00eame destin\u00e9e, Nous avons \u00e9t\u00e9 sensibilis\u00e9s par la Parole de Dieu \u00e0 des moments diff\u00e9rents mais c\u2019est la m\u00eame Parole qui trouve une r\u00e9sonance dans nos vies. Et Dieu fait preuve de patience envers nous, pour notre bien.<\/p>\n<p>Qu\u2019est-ce qui vous tourmente, ces jours-ci ? Qu\u2019est-ce qui retient le plus votre attention et prend votre temps ? Sur quoi d\u00e9pensons-nous le plus d\u2019\u00e9nergie ? Vous n\u2019\u00eates pas oblig\u00e9 de r\u00e9pondre mais vous savez ce qui finalement est le plus important pour vous. Toutefois, vous et moi sommes mis devant la n\u00e9cessit\u00e9 de chercher et de saisir le sens que Dieu veut donner \u00e0 la vie de ceux qui lui font confiance, ici et maintenant mais aussi pour l\u2019avenir, celui que le m\u00eame Dieu dessine en J\u00e9sus-Christ. Il veut nous faire reposer dans de verts p\u00e2turages\u2026<\/p>\n<p>Le Bon Berger nous conduit, patiemment, \u00e0 partir du moment o\u00f9 nous acceptons de le suivre. Nous savons o\u00f9 nous avons rencontr\u00e9 le Seigneur, dans quelle situation nous \u00e9tions et la raison pour laquelle nous avons d\u00e9cid\u00e9 de le suivre. Dieu ne manquera pas, dans sa p\u00e9dagogie du salut, de nous donner des occasions d\u2019exercices spirituels et nous aurons \u00e0 montrer que la tranche du fruit de l\u2019Esprit nomm\u00e9e \u00ab patience \u00bb est pr\u00e9sente dans nos vies. Une vie transform\u00e9e, et refl\u00e9tant le bien produit par la patience, peut donner le t\u00e9moignage de la pr\u00e9sence du Christ dans notre vie.<\/p>\n<p>Marcher avec lui en faisant preuve de patience : n\u2019est-ce pas un cheminement quotidien qui s\u2019inscrit dans la perspective de l\u2019\u00e9ternit\u00e9 ?<\/p>\n<p><em>Pri\u00e8re du jour :<\/em> \u00ab Merci Seigneur, de poursuivre ton \u0153uvre d\u2019\u00e9ducation et de transformation en moi. Je ne suis pas en mesure de d\u00e9montrer ta m\u00e9thode mais je crois que tu agis pour mon bien. Oui, fais ton \u0153uvre en moi. Que ton nom soit glorifi\u00e9 pour cela. Amen ! \u00bb<\/p>\n","protected":false},"excerpt":{"rendered":"<p>La patience de la foi \u00ab L\u2019\u00c9ternel est mon berger : je ne manquerai de rien. Il me fait reposer dans de verts p\u00e2turages, Il me dirige pr\u00e8s des eaux paisibles. Il restaure mon \u00e2me, Il me conduit dans les sentiers de la justice, A cause de son nom. \u00bb Psaume 23.1-3 Qu\u2019est-ce que la [&hellip;]<\/p>\n","protected":false},"author":4,"featured_media":0,"comment_status":"open","ping_status":"open","sticky":false,"template":"","format":"standard","meta":{"_exactmetrics_skip_tracking":false,"_exactmetrics_sitenote_active":false,"_exactmetrics_sitenote_note":"","_exactmetrics_sitenote_category":0,"footnotes":""},"categories":[15],"tags":[],"_links":{"self":[{"href":"http:\/\/reveiletreforme.adventiste.re\/index.php?rest_route=\/wp\/v2\/posts\/8098"}],"collection":[{"href":"http:\/\/reveiletreforme.adventiste.re\/index.php?rest_route=\/wp\/v2\/posts"}],"about":[{"href":"http:\/\/reveiletreforme.adventiste.re\/index.php?rest_route=\/wp\/v2\/types\/post"}],"author":[{"embeddable":true,"href":"http:\/\/reveiletreforme.adventiste.re\/index.php?rest_route=\/wp\/v2\/users\/4"}],"replies":[{"embeddable":true,"href":"http:\/\/reveiletreforme.adventiste.re\/index.php?rest_route=%2Fwp%2Fv2%2Fcomments&post=8098"}],"version-history":[{"count":3,"href":"http:\/\/reveiletreforme.adventiste.re\/index.php?rest_route=\/wp\/v2\/posts\/8098\/revisions"}],"predecessor-version":[{"id":8101,"href":"http:\/\/reveiletreforme.adventiste.re\/index.php?rest_route=\/wp\/v2\/posts\/8098\/revisions\/8101"}],"wp:attachment":[{"href":"http:\/\/reveiletreforme.adventiste.re\/index.php?rest_route=%2Fwp%2Fv2%2Fmedia&parent=8098"}],"wp:term":[{"taxonomy":"category","embeddable":true,"href":"http:\/\/reveiletreforme.adventiste.re\/index.php?rest_route=%2Fwp%2Fv2%2Fcategories&post=8098"},{"taxonomy":"post_tag","embeddable":true,"href":"http:\/\/reveiletreforme.adventiste.re\/index.php?rest_route=%2Fwp%2Fv2%2Ftags&post=8098"}],"curies":[{"name":"wp","href":"https:\/\/api.w.org\/{rel}","templated":true}]}}