{"id":8102,"date":"2018-05-27T00:38:12","date_gmt":"2018-05-26T20:38:12","guid":{"rendered":"http:\/\/reveiletreforme.adventiste.re\/?p=8102"},"modified":"2018-05-20T09:40:21","modified_gmt":"2018-05-20T05:40:21","slug":"vigile-matinale-27-mai-3","status":"publish","type":"post","link":"http:\/\/reveiletreforme.adventiste.re\/?p=8102","title":{"rendered":"Vigile matinale 27 mai"},"content":{"rendered":"<p style=\"text-align: center;\"><strong>Soyons patients avec notre P\u00e8re c\u00e9leste<\/strong><\/p>\n<p style=\"text-align: center;\"><strong>\u00ab Le Seigneur ne tarde pas dans l\u2019accomplissement de la promesse, comme quelques-uns le croient ; mais il use de patience envers vous, ne voulant pas qu\u2019aucun p\u00e9risse, mais voulant que tous arrivent \u00e0 la repentance. \u00bb <em>2 Pierre 3.9<\/em><\/strong><\/p>\n<p>Les croyants sont souvent frustr\u00e9s quand ils d\u00e9couvrent que le temps de Dieu n\u2019est pas le temps de l\u2019homme. J\u2019ai envie de dire que Dieu ne s\u2019embarrasse ni de montre ni de calendrier. Cela ne veut pas dire qu\u2019il n\u2019est pas organis\u00e9, puisqu\u2019il contr\u00f4le le temps, \u00e0 commencer par celui de la cr\u00e9ation (il marqua le temps par le sabbat) et de la r\u00e9demption Paul dira qu\u2019<em>\u00ab au temps marqu\u00e9, Dieu envoya son Fils \u00bb<\/em> (Galates 4.4).<\/p>\n<p><!--more-->Nous sommes souvent press\u00e9s alors que notre P\u00e8re c\u00e9leste ne l\u2019est pas. Mais comprenons-nous bien : ce n\u2019est pas parce qu\u2019il ne se presse pas ou qu\u2019il ne se pr\u00e9cipite pas \u00e0 chaque fois qu\u2019il y a une demande, qu\u2019il est en retard ou absent de notre histoire. Si le temps de Dieu n\u2019est pas le temps de l\u2019homme, sachez que votre P\u00e8re c\u00e9leste ne sera jamais en retard dans votre vie, dans la mesure o\u00f9 vous d\u00e9cidez vraiment de lui faire confiance.<\/p>\n<p>Le temps de notre vie est un emprunt sur l\u2019\u00e9ternit\u00e9. Je veux dire par l\u00e0 que notre P\u00e8re c\u00e9leste, dans sa bont\u00e9, utilise le temps de vie terrestre pour pr\u00e9parer chacun de nous \u00e0 vivre l\u2019\u00e9ternit\u00e9. En r\u00e9alit\u00e9, Dieu est press\u00e9 de nous faire entrer dans la vie \u00e9ternelle mais vous conviendrez avec moi qu\u2019on n\u2019y entre pas dans n\u2019importe quelle condition. Il faut une pr\u00e9paration \u2013 qui va de la confirmation d\u2019une vie \u00e9clair\u00e9e et motiv\u00e9e par la Parole de Dieu \u00e0 la conversion qui refl\u00e8te un v\u00e9ritable changement de vie et de perspective.<\/p>\n<p>La Bible montre l\u2019exemple de Mo\u00efse comme un exemple bien pr\u00e9cis o\u00f9 le Seigneur emploie un long temps pour pr\u00e9parer ses enfants \u00e0 vivre une exp\u00e9rience particuli\u00e8re. Dieu a pris deux fois quarante ans pour pr\u00e9parer Mo\u00efse \u00e0 la mission de conduire les enfants d\u2019Isra\u00ebl hors d\u2019\u00c9gypte. De m\u00eame que Mo\u00efse a d\u00fb apprendre pendant longtemps \u00e0 saisir le plan de Dieu, de m\u00eame nous sommes mis devant cette exigence : savoir attendre le temps de Dieu.<\/p>\n<p>Dieu use de patience\u2026 Cela ne veut pas dire que Dieu use notre patience. Le temps qu\u2019il prend est en notre faveur !<\/p>\n<p><em>Pri\u00e8re du jour :<\/em> \u00ab P\u00e8re c\u00e9leste, apprends-moi la patience qui est synonyme de confiance en tes promesses. Donne-moi la force de croire que ce que tu fais est bien parce que tu es bon envers moi. Amen ! \u00bb<\/p>\n","protected":false},"excerpt":{"rendered":"<p>Soyons patients avec notre P\u00e8re c\u00e9leste \u00ab Le Seigneur ne tarde pas dans l\u2019accomplissement de la promesse, comme quelques-uns le croient ; mais il use de patience envers vous, ne voulant pas qu\u2019aucun p\u00e9risse, mais voulant que tous arrivent \u00e0 la repentance. \u00bb 2 Pierre 3.9 Les croyants sont souvent frustr\u00e9s quand ils d\u00e9couvrent que [&hellip;]<\/p>\n","protected":false},"author":4,"featured_media":0,"comment_status":"open","ping_status":"open","sticky":false,"template":"","format":"standard","meta":{"_exactmetrics_skip_tracking":false,"_exactmetrics_sitenote_active":false,"_exactmetrics_sitenote_note":"","_exactmetrics_sitenote_category":0,"footnotes":""},"categories":[15],"tags":[],"_links":{"self":[{"href":"http:\/\/reveiletreforme.adventiste.re\/index.php?rest_route=\/wp\/v2\/posts\/8102"}],"collection":[{"href":"http:\/\/reveiletreforme.adventiste.re\/index.php?rest_route=\/wp\/v2\/posts"}],"about":[{"href":"http:\/\/reveiletreforme.adventiste.re\/index.php?rest_route=\/wp\/v2\/types\/post"}],"author":[{"embeddable":true,"href":"http:\/\/reveiletreforme.adventiste.re\/index.php?rest_route=\/wp\/v2\/users\/4"}],"replies":[{"embeddable":true,"href":"http:\/\/reveiletreforme.adventiste.re\/index.php?rest_route=%2Fwp%2Fv2%2Fcomments&post=8102"}],"version-history":[{"count":3,"href":"http:\/\/reveiletreforme.adventiste.re\/index.php?rest_route=\/wp\/v2\/posts\/8102\/revisions"}],"predecessor-version":[{"id":8105,"href":"http:\/\/reveiletreforme.adventiste.re\/index.php?rest_route=\/wp\/v2\/posts\/8102\/revisions\/8105"}],"wp:attachment":[{"href":"http:\/\/reveiletreforme.adventiste.re\/index.php?rest_route=%2Fwp%2Fv2%2Fmedia&parent=8102"}],"wp:term":[{"taxonomy":"category","embeddable":true,"href":"http:\/\/reveiletreforme.adventiste.re\/index.php?rest_route=%2Fwp%2Fv2%2Fcategories&post=8102"},{"taxonomy":"post_tag","embeddable":true,"href":"http:\/\/reveiletreforme.adventiste.re\/index.php?rest_route=%2Fwp%2Fv2%2Ftags&post=8102"}],"curies":[{"name":"wp","href":"https:\/\/api.w.org\/{rel}","templated":true}]}}