{"id":8106,"date":"2018-05-28T00:42:53","date_gmt":"2018-05-27T20:42:53","guid":{"rendered":"http:\/\/reveiletreforme.adventiste.re\/?p=8106"},"modified":"2018-05-20T09:46:14","modified_gmt":"2018-05-20T05:46:14","slug":"vigile-matinale-28-mai-3","status":"publish","type":"post","link":"http:\/\/reveiletreforme.adventiste.re\/?p=8106","title":{"rendered":"Vigile matinale 28 mai"},"content":{"rendered":"<p style=\"text-align: center;\"><strong>Dieu nous apprend la patience<\/strong><\/p>\n<p style=\"text-align: center;\"><strong>\u00ab Regardez les oiseaux du ciel : ils ne s\u00e8ment ni ne moissonnent, et ils n\u2019amassent rien dans des greniers ; et votre P\u00e8re c\u00e9leste les nourrit. Ne valez-vous pas beaucoup plus qu\u2019eux ? Qui de vous, par ses inqui\u00e9tudes, peut ajouter une coud\u00e9e \u00e0 la dur\u00e9e de sa vie ? \u00bb <em>Matthieu 6.26,27<\/em><\/strong><\/p>\n<p>Il suffit d\u2019une nuit d\u2019orage pour voir pousser certains champignons ou m\u00eame une toute petite fleur. Mais il faut trente ans pour que certains arbres, comme les pins ou le c\u00e8dre du Liban, atteignent l\u2019\u00e2ge adulte. On devient ce que l\u2019on est, on est en constant d\u00e9veloppement, en croissance parce que pour nous pr\u00e9parer en vue de son royaume.<\/p>\n<p><!--more-->Les grandes \u00e2mes se forgent par des luttes, des temp\u00eates et des souffrances. Les grandes figures de l\u2019histoire moderne telles que le Mahatma Gandhi, Martin Luther King et Nelson Mandela ont montr\u00e9 leur force de caract\u00e8re en ne baissant jamais les bras et en ne tournant pas le dos face aux vents contraires, \u00e0 l\u2019hostilit\u00e9, les privations de libert\u00e9\u2026 Le chr\u00e9tien, quel qu\u2019il soit, est appel\u00e9 \u00e0 grandir en faisant confiance \u00e0 son P\u00e8re c\u00e9leste.<\/p>\n<p>Vous et moi nous valons plus que les oiseaux. Si le P\u00e8re c\u00e9leste veille sur les oiseaux et en conna\u00eet le nombre, s\u2019il a les yeux sur les plus petites cr\u00e9atures, J\u00e9sus nous dit que nous avons du prix \u00e0 ses yeux et m\u00eame si parfois nous avons l\u2019impression qu\u2019il ne nous entend pas, que nos inqui\u00e9tudes sont justifi\u00e9es, nous sommes invit\u00e9s \u00e0 ne jamais baisser les bras et \u00e0 ne pas tourner le dos quand surgissent les vents contraires.<\/p>\n<p>S\u2019il nous semble que Dieu attend un peu trop avant d\u2019agir en notre faveur, il nous faut croire qu\u2019il n\u2019est pas en retard. Si vous le cherchez \u00e0 chaque fois que survient une \u00e9preuve, c\u2019est d\u00e9j\u00e0 la preuve que vous pouvez encore croire en sa pr\u00e9sence et \u00e0 son action dans votre vie. Les hommes cit\u00e9s plus haut ont marqu\u00e9 les consciences parce qu\u2019ils ont toujours cru que le bien finira par triompher du mal.<\/p>\n<p><em>Pri\u00e8re du jour :<\/em> \u00ab Merci P\u00e8re c\u00e9leste, de nous rassurer par tes promesses. Apprends-nous la patience et l\u2019humilit\u00e9 de croire que nous valons plus que les oiseaux \u00e0 tes yeux. Notre vie est entre tes mains et nous n\u2019avons rien \u00e0 craindre si ce n\u2019est d\u2019oublier tes bont\u00e9s. Amen ! \u00bb<\/p>\n","protected":false},"excerpt":{"rendered":"<p>Dieu nous apprend la patience \u00ab Regardez les oiseaux du ciel : ils ne s\u00e8ment ni ne moissonnent, et ils n\u2019amassent rien dans des greniers ; et votre P\u00e8re c\u00e9leste les nourrit. Ne valez-vous pas beaucoup plus qu\u2019eux ? Qui de vous, par ses inqui\u00e9tudes, peut ajouter une coud\u00e9e \u00e0 la dur\u00e9e de sa vie [&hellip;]<\/p>\n","protected":false},"author":4,"featured_media":0,"comment_status":"open","ping_status":"open","sticky":false,"template":"","format":"standard","meta":{"_exactmetrics_skip_tracking":false,"_exactmetrics_sitenote_active":false,"_exactmetrics_sitenote_note":"","_exactmetrics_sitenote_category":0,"footnotes":""},"categories":[15],"tags":[],"_links":{"self":[{"href":"http:\/\/reveiletreforme.adventiste.re\/index.php?rest_route=\/wp\/v2\/posts\/8106"}],"collection":[{"href":"http:\/\/reveiletreforme.adventiste.re\/index.php?rest_route=\/wp\/v2\/posts"}],"about":[{"href":"http:\/\/reveiletreforme.adventiste.re\/index.php?rest_route=\/wp\/v2\/types\/post"}],"author":[{"embeddable":true,"href":"http:\/\/reveiletreforme.adventiste.re\/index.php?rest_route=\/wp\/v2\/users\/4"}],"replies":[{"embeddable":true,"href":"http:\/\/reveiletreforme.adventiste.re\/index.php?rest_route=%2Fwp%2Fv2%2Fcomments&post=8106"}],"version-history":[{"count":3,"href":"http:\/\/reveiletreforme.adventiste.re\/index.php?rest_route=\/wp\/v2\/posts\/8106\/revisions"}],"predecessor-version":[{"id":8109,"href":"http:\/\/reveiletreforme.adventiste.re\/index.php?rest_route=\/wp\/v2\/posts\/8106\/revisions\/8109"}],"wp:attachment":[{"href":"http:\/\/reveiletreforme.adventiste.re\/index.php?rest_route=%2Fwp%2Fv2%2Fmedia&parent=8106"}],"wp:term":[{"taxonomy":"category","embeddable":true,"href":"http:\/\/reveiletreforme.adventiste.re\/index.php?rest_route=%2Fwp%2Fv2%2Fcategories&post=8106"},{"taxonomy":"post_tag","embeddable":true,"href":"http:\/\/reveiletreforme.adventiste.re\/index.php?rest_route=%2Fwp%2Fv2%2Ftags&post=8106"}],"curies":[{"name":"wp","href":"https:\/\/api.w.org\/{rel}","templated":true}]}}